{"id":10794,"date":"2021-01-23T19:58:00","date_gmt":"2021-01-23T19:58:00","guid":{"rendered":"https:\/\/fm-comunicar.com.ar\/contenido\/16970\/el-patio-de-macadam-una-apuesta-al-espectaculo-y-la-gastronomia-en-el-centro-car"},"modified":"2021-01-23T19:58:00","modified_gmt":"2021-01-23T19:58:00","slug":"el-patio-de-macadam-una-apuesta-al-espectaculo-y-la-gastronomia-en-el-centro-caroyense","status":"publish","type":"post","link":"http:\/\/hoycordobaweb.com\/index.php\/2021\/01\/23\/el-patio-de-macadam-una-apuesta-al-espectaculo-y-la-gastronomia-en-el-centro-caroyense\/","title":{"rendered":"El Patio de Macadam, una apuesta al espect\u00e1culo y la gastronom\u00eda en el centro caroyense"},"content":{"rendered":"<p>Despu\u00e9s del Festival folkl\u00f3rico que convoc\u00f3 a grandes artistas provinciales y nacionales, Fernando Ruffino espera consolidar su espacio dentro de actividad nocturna de la regi\u00f3n.<img src=\"http:\/\/hoycordobaweb.com\/wp-content\/uploads\/2021\/01\/el-patio-de-macadam-una-apuesta-al-espectaculo-y-la-gastronomia-en-el-centro-caroyense.jpg\"><\/p>\n","protected":false},"excerpt":{"rendered":"<p>Despu\u00e9s del Festival folkl\u00f3rico que convoc\u00f3 a grandes artistas provinciales y nacionales, Fernando Ruffino espera consolidar su espacio dentro de actividad nocturna de la regi\u00f3n.<\/p>\n","protected":false},"author":1,"featured_media":10795,"comment_status":"closed","ping_status":"closed","sticky":false,"template":"","format":"standard","meta":[],"categories":[18],"tags":[],"_links":{"self":[{"href":"http:\/\/hoycordobaweb.com\/index.php\/wp-json\/wp\/v2\/posts\/10794"}],"collection":[{"href":"http:\/\/hoycordobaweb.com\/index.php\/wp-json\/wp\/v2\/posts"}],"about":[{"href":"http:\/\/hoycordobaweb.com\/index.php\/wp-json\/wp\/v2\/types\/post"}],"author":[{"embeddable":true,"href":"http:\/\/hoycordobaweb.com\/index.php\/wp-json\/wp\/v2\/users\/1"}],"replies":[{"embeddable":true,"href":"http:\/\/hoycordobaweb.com\/index.php\/wp-json\/wp\/v2\/comments?post=10794"}],"version-history":[{"count":0,"href":"http:\/\/hoycordobaweb.com\/index.php\/wp-json\/wp\/v2\/posts\/10794\/revisions"}],"wp:featuredmedia":[{"embeddable":true,"href":"http:\/\/hoycordobaweb.com\/index.php\/wp-json\/wp\/v2\/media\/10795"}],"wp:attachment":[{"href":"http:\/\/hoycordobaweb.com\/index.php\/wp-json\/wp\/v2\/media?parent=10794"}],"wp:term":[{"taxonomy":"category","embeddable":true,"href":"http:\/\/hoycordobaweb.com\/index.php\/wp-json\/wp\/v2\/categories?post=10794"},{"taxonomy":"post_tag","embeddable":true,"href":"http:\/\/hoycordobaweb.com\/index.php\/wp-json\/wp\/v2\/tags?post=10794"}],"curies":[{"name":"wp","href":"https:\/\/api.w.org\/{rel}","templated":true}]}}