{"id":107921,"date":"2025-06-12T21:39:59","date_gmt":"2025-06-12T21:39:59","guid":{"rendered":"https:\/\/www.ole.com.ar\/platense\/platense-kily-gonzalez_0_Mj1a0h9tYh.html"},"modified":"2025-06-12T21:39:59","modified_gmt":"2025-06-12T21:39:59","slug":"kily-gonzalez-cerca-de-ser-el-nuevo-tecnico-de-platense","status":"publish","type":"post","link":"http:\/\/hoycordobaweb.com\/index.php\/2025\/06\/12\/kily-gonzalez-cerca-de-ser-el-nuevo-tecnico-de-platense\/","title":{"rendered":"Kily Gonz\u00e1lez cerca de ser el nuevo t\u00e9cnico de Platense"},"content":{"rendered":"<p><img src=\"http:\/\/hoycordobaweb.com\/wp-content\/uploads\/2025\/06\/kily-gonzalez-cerca-de-ser-el-nuevo-tecnico-de-platense.jpg\"><\/p>\n<p><time class=\"createDate\" datetime=\"2025-06-12T18:39:59-03:00\">12\/06\/2025 18:39hs.<\/time><\/p>\n<div id=\"storyBody\">\n<div class=\"custom-text \" readability=\"38\">\n<p><strong>El mundo Platense se vio sacudido por la sorpresiva renuncia de su dupla t\u00e9cnica compuesta por Favio Orsi y Sergio G\u00f3mez, quienes ten\u00edan contrato hasta fin de a\u00f1o. <\/strong>La noticia estall\u00f3 pocos d\u00edas despu\u00e9s de haber alcanzado la gloria en Santiago del Estero y dej\u00f3 al club en estado de shock. Tras una emotiva despedida publicada en las redes oficiales, <strong>el presidente del club, Sebasti\u00e1n Ordo\u00f1ez afirm\u00f3 que se qued\u00f3 \u00abhaciendo el duelo\u00bb y \u00abcon el chip en el futuro\u00bb<\/strong><\/p>\n<\/div>\n<div class=\"custom-text \" readability=\"36.503937007874\">\n<p>En lo inmediato<strong>, el campe\u00f3n del f\u00fatbol argentino debe definir al det\u00e9 y se encamina a encontrarlo. El Kily Gonz\u00e1lez parece ser el indicado.<\/strong> Si bien quien sonaba &#8211; y con fuerza- era <a href=\"https:\/\/www.ole.com.ar\/tema\/martin-palermo.html\" title=\"Mart\u00edn Palermo\" alt=\"Mart\u00edn Palermo\" class=\"slug\">Mart\u00edn Palermo<\/a>, ex det\u00e9 Calamar que fue finalista en 2023, fue un intento m\u00e1s relacionado al v\u00ednculo emocional que existe entre el Tit\u00e1n y el club que por una cuesti\u00f3n con chances concretas.<\/p>\n<\/div>\n<p><h2>Los n\u00fameros del Kily en Uni\u00f3n<\/h2>\n<\/p>\n<div class=\"custom-text \" readability=\"40.460526315789\">\n<p><strong>El Kily viene de dirigir a <a href=\"https:\/\/www.ole.com.ar\/tema\/union.html\" title=\"Uni\u00f3n\" alt=\"Uni\u00f3n\" class=\"slug\">Uni\u00f3n<\/a>, del que se fue luego de un \u00faltimo largo ciclo que finaliz\u00f3 en el pasado mes de abril. <\/strong>All\u00ed, desde su llegada a mediados del 2023, disput\u00f3 78 partidos y cosech\u00f3 25 victorias, 26 empates y 27 derrotas. Salv\u00f3 al equipo del descenso en su primer a\u00f1o al frente de club santafesino y lo clasific\u00f3 a la Copa Sudamericana en 2024. <strong>Luego, ya en 2025, el ciclo culmin\u00f3. Ahora el det\u00e9 podr\u00eda ir por una nueva experiencia. <\/strong><\/p>\n<\/div>\n<p><h2>Los desaf\u00edos del campe\u00f3n<\/h2>\n<\/p>\n<div class=\"custom-text \" readability=\"40.108695652174\">\n<p>En ese sentido, <strong>el Calamar tendr\u00e1 algunos desaf\u00edos para este a\u00f1o, como intentar retener a sus principales baluartes de cara el Clausura y tambi\u00e9n trabajar en relaci\u00f3n a su participaci\u00f3n en la Libertadores del 2026<\/strong>, entre otras cosas, como la adecuaci\u00f3n de su estadio para torneos <a href=\"https:\/\/www.ole.com.ar\/tema\/conmebol.html\" title=\"Conmebol\" alt=\"Conmebol\" class=\"slug\">Conmebol<\/a>. El Kily, en caso de asumir, firmar\u00eda hasta finales del a\u00f1o que viene.<\/p>\n<\/div>\n<div class=\"sc-a7166897-0 eoLsBE\" readability=\"6\">\n<section readability=\"2\"><picture><img alt=\"Oficial: Benedetto es nuevo refuerzo de Newell's\" loading=\"lazy\" width=\"290\" height=\"290\" decoding=\"async\" data-nimg=\"1\" src=\"http:\/\/hoycordobaweb.com\/wp-content\/uploads\/2025\/06\/kily-gonzalez-cerca-de-ser-el-nuevo-tecnico-de-platense-2.jpg\"><\/picture>\n<p><span>Mir\u00e1 tambi\u00e9n<\/span><\/p>\n<hr>\n<h3>Oficial: Benedetto es nuevo refuerzo de Newell&#8217;s<\/h3>\n<\/p>\n<\/section>\n<\/div>\n<div class=\"sc-a7166897-0 eoLsBE\" readability=\"6\">\n<section readability=\"2\"><picture><img alt=\"Acuerdo total: Mazzantti ser\u00e1 refuerzo de Independiente\" loading=\"lazy\" width=\"290\" height=\"290\" decoding=\"async\" data-nimg=\"1\" src=\"http:\/\/hoycordobaweb.com\/wp-content\/uploads\/2025\/06\/kily-gonzalez-cerca-de-ser-el-nuevo-tecnico-de-platense-3.jpg\"><\/picture>\n<p><span>Mir\u00e1 tambi\u00e9n<\/span><\/p>\n<hr>\n<h3>Acuerdo total: Mazzantti ser\u00e1 refuerzo de Independiente<\/h3>\n<\/p>\n<\/section>\n<\/div>\n<\/div>\n","protected":false},"excerpt":{"rendered":"<p>12\/06\/2025 18:39hs. El mundo Platense se vio sacudido por la sorpresiva renuncia de su dupla t\u00e9cnica compuesta por Favio Orsi y Sergio G\u00f3mez, quienes ten\u00edan contrato hasta fin de a\u00f1o. La noticia estall\u00f3 pocos d\u00edas despu\u00e9s de haber alcanzado la gloria en Santiago del Estero y dej\u00f3 al club en estado de shock. Tras una [&hellip;]<\/p>\n","protected":false},"author":1,"featured_media":107922,"comment_status":"open","ping_status":"closed","sticky":false,"template":"","format":"standard","meta":[],"categories":[16],"tags":[],"_links":{"self":[{"href":"http:\/\/hoycordobaweb.com\/index.php\/wp-json\/wp\/v2\/posts\/107921"}],"collection":[{"href":"http:\/\/hoycordobaweb.com\/index.php\/wp-json\/wp\/v2\/posts"}],"about":[{"href":"http:\/\/hoycordobaweb.com\/index.php\/wp-json\/wp\/v2\/types\/post"}],"author":[{"embeddable":true,"href":"http:\/\/hoycordobaweb.com\/index.php\/wp-json\/wp\/v2\/users\/1"}],"replies":[{"embeddable":true,"href":"http:\/\/hoycordobaweb.com\/index.php\/wp-json\/wp\/v2\/comments?post=107921"}],"version-history":[{"count":0,"href":"http:\/\/hoycordobaweb.com\/index.php\/wp-json\/wp\/v2\/posts\/107921\/revisions"}],"wp:featuredmedia":[{"embeddable":true,"href":"http:\/\/hoycordobaweb.com\/index.php\/wp-json\/wp\/v2\/media\/107922"}],"wp:attachment":[{"href":"http:\/\/hoycordobaweb.com\/index.php\/wp-json\/wp\/v2\/media?parent=107921"}],"wp:term":[{"taxonomy":"category","embeddable":true,"href":"http:\/\/hoycordobaweb.com\/index.php\/wp-json\/wp\/v2\/categories?post=107921"},{"taxonomy":"post_tag","embeddable":true,"href":"http:\/\/hoycordobaweb.com\/index.php\/wp-json\/wp\/v2\/tags?post=107921"}],"curies":[{"name":"wp","href":"https:\/\/api.w.org\/{rel}","templated":true}]}}