{"id":107917,"date":"2025-06-12T21:54:28","date_gmt":"2025-06-12T21:54:28","guid":{"rendered":"https:\/\/www.ole.com.ar\/autos\/pierre-gasly-companero-franco-colapinto-dijo-declaraciones-gp-canada_0_byplXXvmH1.html"},"modified":"2025-06-12T21:54:28","modified_gmt":"2025-06-12T21:54:28","slug":"que-dijo-pierre-gasly-companero-de-colapinto-en-la-previa-al-gp-de-canada","status":"publish","type":"post","link":"http:\/\/hoycordobaweb.com\/index.php\/2025\/06\/12\/que-dijo-pierre-gasly-companero-de-colapinto-en-la-previa-al-gp-de-canada\/","title":{"rendered":"Qu\u00e9 dijo Pierre Gasly, compa\u00f1ero de Colapinto, en la previa al GP de Canad\u00e1"},"content":{"rendered":"<p><img src=\"http:\/\/hoycordobaweb.com\/wp-content\/uploads\/2025\/06\/que-dijo-pierre-gasly-companero-de-colapinto-en-la-previa-al-gp-de-canada.jpg\"><\/p>\n<p><time class=\"createDate\" datetime=\"2025-06-12T18:54:28-03:00\">12\/06\/2025 18:54hs.<\/time><\/p>\n<div id=\"storyBody\">\n<div class=\"custom-text \" readability=\"33.165803108808\">\n<p><strong>Cada vez falta menos para que los 20 pilotos de la F\u00f3rmula 1<\/strong> salgan al asfalto a competir en el <strong><a href=\"https:\/\/www.ole.com.ar\/autos\/franco-colapinto-gp-canada-montreal-corre-ver_0_ZlFWaPVxE3.html\" target=\"_self\" title=\"Gran Premio de Canad\u00e1.\" alt=\"Gran Premio de Canad\u00e1.\" rel=\"noopener noreferrer\">Gran Premio de Canad\u00e1.<\/a><\/strong> <strong>Este jueves<\/strong> -\u00faltimo d\u00eda antes de enfocarse de lleno en la competencia- <strong>se realiz\u00f3 el Media Day en Montreal. <\/strong>En ese contexto, y un poco m\u00e1s tarde que <a href=\"https:\/\/www.ole.com.ar\/autos\/dijo-franco-colapinto-previa-arranque-gp-canada_0_PyltEgAn78.html\" target=\"_self\" title=\"Franco Colapinto,\" alt=\"Franco Colapinto,\" rel=\"noopener noreferrer\">Franco Colapinto,<\/a> <strong>Pierre Gasly<\/strong> habl\u00f3 con los periodistas y comparti\u00f3 sus sensaciones de cara al fin de semana.<\/p>\n<\/div>\n<div class=\"custom-text \" readability=\"39\">\n<p><strong>En el tradicional circuito semiurbano de Gilles Villeneuve,<\/strong> el franc\u00e9s busca volver a sumar puntos, como lo hizo en la fecha pasada en Barcelona, donde termin\u00f3 octavo y aport\u00f3 cuatro unidades para Alpine. En sus \u00faltimas actuaciones en esta pista norteamericana, logr\u00f3 un 12\u00b0 puesto en 2023 y una novena posici\u00f3n en 2024. <em>\u00bfC\u00f3mo se siente de cara al GP de este a\u00f1o?<\/em><\/p>\n<\/div>\n<div class=\"sc-e7b891c4-0 ifHnQL image-embed\"><img alt=\"Gasly sum\u00f3 en Espa\u00f1a pero Alpine sigue \u00faltimo. (EFE)\" loading=\"lazy\" width=\"720\" height=\"100\" decoding=\"async\" data-nimg=\"1\" src=\"http:\/\/hoycordobaweb.com\/wp-content\/uploads\/2025\/06\/que-dijo-pierre-gasly-companero-de-colapinto-en-la-previa-al-gp-de-canada-2.jpg\"><span class=\"epigraphe\">Gasly sum\u00f3 en Espa\u00f1a pero Alpine sigue \u00faltimo. (EFE)<\/span><\/div>\n<p><h2>Qu\u00e9 dijo Gasly en la previa al GP de Canad\u00e1<\/h2>\n<\/p>\n<div class=\"custom-text \" readability=\"39\">\n<p><strong>El franc\u00e9s se refiri\u00f3 principalmente a c\u00f3mo se compite en este circuito<\/strong> y a c\u00f3mo eso afecta las posibilidades de Alpine para este fin de semana: <strong>\u201cLa realidad es que sabemos que va a ser dif\u00edcil. En esta pista, Gilles Villeneuve, se usan mucho los frenos;<\/strong> sabemos que nuestro auto no es el mejor y esa es una de las razones por las que no rendimos en M\u00f3naco, donde tanto Franco como yo nos fuimos en Q1\u201d, explic\u00f3 Gasly.<\/p>\n<\/div>\n<div class=\"custom-text \" readability=\"39\">\n<p><strong>\u201cSabemos que puede ser complicado\u201d, insisti\u00f3 Gasly, y agreg\u00f3: \u201cEl auto es muy sensible a la potencia con todas estas rectas largas\u201d.<\/strong> Por \u00faltimo, dej\u00f3 claro que Alpine no la tendr\u00e1 f\u00e1cil: \u201cLo vamos a dar todo. Ojal\u00e1 podamos sacar algo de provecho, pero debemos estar preparados para un fin de semana desafiante\u201d.<\/p>\n<\/div>\n<div class=\"sc-e7b891c4-0 ifHnQL image-embed\"><img alt=\"Gasly y Colapinto buscar\u00e1n sumar puntos en Canad\u00e1. (EFE)\" loading=\"lazy\" width=\"720\" height=\"100\" decoding=\"async\" data-nimg=\"1\" src=\"http:\/\/hoycordobaweb.com\/wp-content\/uploads\/2025\/06\/que-dijo-pierre-gasly-companero-de-colapinto-en-la-previa-al-gp-de-canada-3.jpg\"><span class=\"epigraphe\">Gasly y Colapinto buscar\u00e1n sumar puntos en Canad\u00e1. (EFE)<\/span><\/div>\n<p><h2>Qu\u00e9 dijo Colapinto, que habl\u00f3 un rato antes que Gasly<\/h2>\n<\/p>\n<div class=\"custom-text \" readability=\"38\">\n<p>En cuanto al desempe\u00f1o del equipo y del coche, <strong>Colapinto se mostr\u00f3 m\u00e1s optimista: \u201cAnotar puntos ser\u00eda genial. Estoy seguro de que el auto tiene rendimiento, <\/strong>pero primero debemos comenzar sinti\u00e9ndonos c\u00f3modos. Tres pr\u00e1cticas libres ser\u00e1n suficientes para aprender el circuito y entrar en ritmo\u201d, afirm\u00f3.<\/p>\n<\/div>\n<div class=\"custom-text \" readability=\"39\">\n<p><strong>Por otro lado,<\/strong> el pilarense habl\u00f3 sobre su rendimiento individual en las tres primeras carreras de la temporada:<strong> \u201cLas primeras carreras fueron dif\u00edciles; esperaba un poco m\u00e1s de progreso en Imola, pero es complicado volver a la F1 despu\u00e9s de seis carreras sin estar presente.<\/strong> La semana de descanso fue muy buena para reencontrarnos con el equipo, comprender los problemas y evaluar qu\u00e9 mejorar\u201d, declar\u00f3.<\/p>\n<\/div>\n<div class=\"sc-e7b891c4-0 ifHnQL image-embed\"><img alt=\"Colapinto en la conferencia previa al GP de Canad\u00e1. (EFE)\" loading=\"lazy\" width=\"720\" height=\"100\" decoding=\"async\" data-nimg=\"1\" src=\"http:\/\/hoycordobaweb.com\/wp-content\/uploads\/2025\/06\/que-dijo-pierre-gasly-companero-de-colapinto-en-la-previa-al-gp-de-canada-4.jpg\"><span class=\"epigraphe\">Colapinto en la conferencia previa al GP de Canad\u00e1. (EFE)<\/span><\/div>\n<div class=\"sc-a7166897-0 eoLsBE\" readability=\"6\">\n<section readability=\"2\"><picture><img alt=\"Atenci\u00f3n Colapinto: \u00bfse suma un problema para el&nbsp;GP&nbsp;de&nbsp;Canad\u00e1?\" loading=\"lazy\" width=\"290\" height=\"290\" decoding=\"async\" data-nimg=\"1\" src=\"http:\/\/hoycordobaweb.com\/wp-content\/uploads\/2025\/06\/que-dijo-pierre-gasly-companero-de-colapinto-en-la-previa-al-gp-de-canada-5.jpg\"><\/picture>\n<p><span>Mir\u00e1 tambi\u00e9n<\/span><\/p>\n<hr>\n<h3>Atenci\u00f3n Colapinto: \u00bfse suma un problema para el&nbsp;GP&nbsp;de&nbsp;Canad\u00e1?<\/h3>\n<\/p>\n<\/section>\n<\/div>\n<div class=\"sc-a7166897-0 eoLsBE\" readability=\"6\">\n<section readability=\"2\"><picture><img alt=\"C\u00f3mo le fue a Franco Colapinto cuando corri\u00f3 a los 18 a\u00f1os las 24 Horas de Le Mans\" loading=\"lazy\" width=\"290\" height=\"290\" decoding=\"async\" data-nimg=\"1\" src=\"http:\/\/hoycordobaweb.com\/wp-content\/uploads\/2025\/06\/que-dijo-pierre-gasly-companero-de-colapinto-en-la-previa-al-gp-de-canada-6.jpg\"><\/picture>\n<p><span>Mir\u00e1 tambi\u00e9n<\/span><\/p>\n<hr>\n<h3>C\u00f3mo le fue a Franco Colapinto cuando corri\u00f3 a los 18 a\u00f1os las 24 Horas de Le Mans<\/h3>\n<\/p>\n<\/section>\n<\/div>\n<div class=\"sc-a7166897-0 eoLsBE\" readability=\"6.5\">\n<section readability=\"3\"><picture><img alt=\"Franco Colapinto ser\u00e1 protagonista de una fecha hist\u00f3rica para Alpine... \u00bfc\u00f3mo lo festeja?\" loading=\"lazy\" width=\"290\" height=\"290\" decoding=\"async\" data-nimg=\"1\" src=\"http:\/\/hoycordobaweb.com\/wp-content\/uploads\/2025\/06\/que-dijo-pierre-gasly-companero-de-colapinto-en-la-previa-al-gp-de-canada-7.jpg\"><\/picture>\n<p><span>Mir\u00e1 tambi\u00e9n<\/span><\/p>\n<hr>\n<h3>Franco Colapinto ser\u00e1 protagonista de una fecha hist\u00f3rica para Alpine&#8230; \u00bfc\u00f3mo lo festeja?<\/h3>\n<\/p>\n<\/section>\n<\/div>\n<\/div>\n","protected":false},"excerpt":{"rendered":"<p>12\/06\/2025 18:54hs. Cada vez falta menos para que los 20 pilotos de la F\u00f3rmula 1 salgan al asfalto a competir en el Gran Premio de Canad\u00e1. Este jueves -\u00faltimo d\u00eda antes de enfocarse de lleno en la competencia- se realiz\u00f3 el Media Day en Montreal. En ese contexto, y un poco m\u00e1s tarde que Franco [&hellip;]<\/p>\n","protected":false},"author":1,"featured_media":107918,"comment_status":"open","ping_status":"closed","sticky":false,"template":"","format":"standard","meta":[],"categories":[16],"tags":[],"_links":{"self":[{"href":"http:\/\/hoycordobaweb.com\/index.php\/wp-json\/wp\/v2\/posts\/107917"}],"collection":[{"href":"http:\/\/hoycordobaweb.com\/index.php\/wp-json\/wp\/v2\/posts"}],"about":[{"href":"http:\/\/hoycordobaweb.com\/index.php\/wp-json\/wp\/v2\/types\/post"}],"author":[{"embeddable":true,"href":"http:\/\/hoycordobaweb.com\/index.php\/wp-json\/wp\/v2\/users\/1"}],"replies":[{"embeddable":true,"href":"http:\/\/hoycordobaweb.com\/index.php\/wp-json\/wp\/v2\/comments?post=107917"}],"version-history":[{"count":0,"href":"http:\/\/hoycordobaweb.com\/index.php\/wp-json\/wp\/v2\/posts\/107917\/revisions"}],"wp:featuredmedia":[{"embeddable":true,"href":"http:\/\/hoycordobaweb.com\/index.php\/wp-json\/wp\/v2\/media\/107918"}],"wp:attachment":[{"href":"http:\/\/hoycordobaweb.com\/index.php\/wp-json\/wp\/v2\/media?parent=107917"}],"wp:term":[{"taxonomy":"category","embeddable":true,"href":"http:\/\/hoycordobaweb.com\/index.php\/wp-json\/wp\/v2\/categories?post=107917"},{"taxonomy":"post_tag","embeddable":true,"href":"http:\/\/hoycordobaweb.com\/index.php\/wp-json\/wp\/v2\/tags?post=107917"}],"curies":[{"name":"wp","href":"https:\/\/api.w.org\/{rel}","templated":true}]}}