{"id":10776,"date":"2021-01-23T01:26:00","date_gmt":"2021-01-23T01:26:00","guid":{"rendered":"http:\/\/hoycordobaweb.com\/index.php\/2021\/01\/23\/trotta-aseguro-que-la-presencialidad-es-un-compromiso-federal\/"},"modified":"2021-01-23T01:26:00","modified_gmt":"2021-01-23T01:26:00","slug":"trotta-aseguro-que-la-presencialidad-es-un-compromiso-federal","status":"publish","type":"post","link":"http:\/\/hoycordobaweb.com\/index.php\/2021\/01\/23\/trotta-aseguro-que-la-presencialidad-es-un-compromiso-federal\/","title":{"rendered":"Trotta asegur\u00f3 que \u00abla presencialidad es un compromiso federal\u00bb"},"content":{"rendered":"<p><img src=\"http:\/\/hoycordobaweb.com\/wp-content\/uploads\/2021\/01\/trotta-aseguro-que-la-presencialidad-es-un-compromiso-federal.jpg\"><\/p>\n<div class=\"image\" id=\"image\" readability=\"10\"> <img src=\"http:\/\/hoycordobaweb.com\/wp-content\/uploads\/2021\/01\/trotta-aseguro-que-la-presencialidad-es-un-compromiso-federal-2.jpg\" alt=\"El ministro de Educaci\u00f3n, Nicol\u00e1s Trotta, habl\u00f3 por videoconferencia con sus pares de los 24 distritos del pa\u00eds.\" title=\"El ministro de Educaci\u00f3n, Nicol\u00e1s Trotta, habl\u00f3 por videoconferencia con sus pares de los 24 distritos del pa\u00eds.\"><\/p>\n<p>El ministro de Educaci\u00f3n, Nicol\u00e1s Trotta, habl\u00f3 por videoconferencia con sus pares de los 24 distritos del pa\u00eds.<\/p>\n<\/div>\n<p>El ministro de Educaci\u00f3n, Nicol\u00e1s Trotta, afirm\u00f3 que la presencialidad \u00abes un compromiso federal\u00bb, al hablar por videoconferencia con sus pares de los 24 distritos del pa\u00eds, en el marco de una visita a la ciudad misionera de Posadas.<\/p>\n<p>\u00abSe plasmaron fuertes consensos de cara a la organizaci\u00f3n de la presencialidad como ordenador del ciclo lectivo 2021\u00bb, asegur\u00f3 el titular de la cartera educativa, seg\u00fan dijeron fuentes de ese Ministerio.<\/p>\n<p>\u00abEn los pr\u00f3ximos d\u00edas, el Consejo Federal de Educaci\u00f3n se reunir\u00e1 para acordar una nueva resoluci\u00f3n que refleje los acuerdos\u00bb, dijeron los informantes.<\/p>\n<p>Trotta, junto con sus pares de las 24 jurisdicciones, mantuvieron una reuni\u00f3n virtual de trabajo para trazar un acuerdo federal que establezca criterios organizacionales y pedag\u00f3gicos que den marco al proceso de reanudaci\u00f3n de las clases presenciales en todo el pa\u00eds, \u00abbajo las condiciones de seguridad sanitaria y de cuidado de la salud de la comunidad educativa\u00bb.<\/p>\n<p>En videoconferencia desde la provincia de Misiones, Trotta se\u00f1al\u00f3 que \u00abel objetivo de esta reuni\u00f3n es poder avanzar en una agenda que nos permita en los pr\u00f3ximos d\u00edas convocar a una reuni\u00f3n del Consejo Federal de Educaci\u00f3n. Nuestro desaf\u00edo es priorizar la presencialidad cuidada y el trabajo conjunto de cada provincia con el Gobierno nacional\u00bb.<\/p>\n<div class=\"js-code\" readability=\"6.3718662952646\">\n<blockquote class=\"twitter-tweet\" readability=\"6.7966573816156\">\n<p lang=\"es\" dir=\"ltr\">Con equipo de <a href=\"https:\/\/twitter.com\/EducacionAR?ref_src=twsrc%5Etfw\">@educacionar<\/a> estuvimos reunidos con los\/as ministros\/as de Educaci\u00f3n de las 24 jurisdicciones para trazar un acuerdo federal que establezca criterios organizacionales y pedag\u00f3gicos que den marco al proceso de reanudaci\u00f3n de las clases presenciales en todo el pa\u00eds. <a href=\"https:\/\/t.co\/qIStJoRNmc\">pic.twitter.com\/qIStJoRNmc<\/a><\/p>\n<p>\u2014 Nicol\u00e1s Trotta (@trottanico) <a href=\"https:\/\/twitter.com\/trottanico\/status\/1352780797539979266?ref_src=twsrc%5Etfw\">January 23, 2021<\/a><\/p><\/blockquote><\/div>\n<p>\u00abLa presencialidad es un compromiso federal, tenemos por delante un gran trabajo mancomunado en lo que ser\u00e1 una vuelta segura a la escuela que es una s\u00edntesis de la experiencia ganada en conjunto durante el 2020 y de la evidencia cient\u00edfica internacional\u00bb, dijo.<\/p>\n<p>En la reuni\u00f3n, se convino tratar los lineamientos consensuados en una pr\u00f3xima Asamblea del Consejo Federal de Educaci\u00f3n que se llevar\u00e1 adelante en el mes de febrero.<\/p>\n<p>Temas abordados<\/p>\n<p>Entre los temas abordados, se trataron<strong> los criterios de alternancia y prioridades para la asistencia presencial por nivel<\/strong> y <strong>modalidad, las posibles alternativas de organizaci\u00f3n de los grupos de clases, del espacio y el tiempo escolar.<\/strong><\/p>\n<p>Asimismo, se abordaron los <strong>desaf\u00edos curriculares en el marco de la unidad pedag\u00f3gica 2020-2021 y la planificaci\u00f3n de la ense\u00f1anza, <\/strong>dijeron las fuentes.<\/p>\n<p>El Instituto Nacional de Formaci\u00f3n Docente (INFoD) tendr\u00e1 a su cargo la Semana Federal de Formaci\u00f3n Docente cuyo objetivo ser\u00e1 la preparaci\u00f3n y capacitaci\u00f3n de los equipos de maestras, maestros y directivos para el retorno a clases presenciales a trav\u00e9s de cursos y de formaciones sistem\u00e1ticas, explicaron.<\/p>\n<p><strong>El pr\u00f3ximo lunes, integrantes del Gabinete nacional de Educaci\u00f3n se reunir\u00e1n con sus pares de Salud <\/strong>para organizar la log\u00edstica del proceso de vacunaci\u00f3n docente con informaci\u00f3n aportada por las jurisdicciones; la revisi\u00f3n del sem\u00e1foro epidemiol\u00f3gico y la referenciaci\u00f3n de centros de Salud para cada instituci\u00f3n educativa.<\/p>\n<p>En este mismo marco, <strong>tambi\u00e9n se llevar\u00e1 a cabo una reuni\u00f3n en el Ministerio de Transporte de la Naci\u00f3n.<\/strong><\/p>\n<p>Por \u00faltimo, se trat\u00f3 una primera propuesta de agrupamientos para la vacunaci\u00f3n del personal de educaci\u00f3n, que comprende a docentes de Nivel Inicial, primer ciclo del Nivel Primario (1\u00b0, 2\u00b0 y 3\u00b0 grado) y modalidad especial; docentes cuyo desplazamiento interurbano o interjurisdiccional entre zonas con diferente realidad epidemiol\u00f3gica; personal directivo de los establecimientos de todos los niveles de la educaci\u00f3n obligatoria; otros docentes de Nivel Primario; docentes de Nivel Secundario y auxiliares. <\/p>\n","protected":false},"excerpt":{"rendered":"<p>El ministro de Educaci\u00f3n, Nicol\u00e1s Trotta, habl\u00f3 por videoconferencia con sus pares de los 24 distritos del pa\u00eds. El ministro de Educaci\u00f3n, Nicol\u00e1s Trotta, afirm\u00f3 que la presencialidad \u00abes un compromiso federal\u00bb, al hablar por videoconferencia con sus pares de los 24 distritos del pa\u00eds, en el marco de una visita a la ciudad misionera [&hellip;]<\/p>\n","protected":false},"author":1,"featured_media":10777,"comment_status":"open","ping_status":"closed","sticky":false,"template":"","format":"standard","meta":[],"categories":[19],"tags":[],"_links":{"self":[{"href":"http:\/\/hoycordobaweb.com\/index.php\/wp-json\/wp\/v2\/posts\/10776"}],"collection":[{"href":"http:\/\/hoycordobaweb.com\/index.php\/wp-json\/wp\/v2\/posts"}],"about":[{"href":"http:\/\/hoycordobaweb.com\/index.php\/wp-json\/wp\/v2\/types\/post"}],"author":[{"embeddable":true,"href":"http:\/\/hoycordobaweb.com\/index.php\/wp-json\/wp\/v2\/users\/1"}],"replies":[{"embeddable":true,"href":"http:\/\/hoycordobaweb.com\/index.php\/wp-json\/wp\/v2\/comments?post=10776"}],"version-history":[{"count":0,"href":"http:\/\/hoycordobaweb.com\/index.php\/wp-json\/wp\/v2\/posts\/10776\/revisions"}],"wp:featuredmedia":[{"embeddable":true,"href":"http:\/\/hoycordobaweb.com\/index.php\/wp-json\/wp\/v2\/media\/10777"}],"wp:attachment":[{"href":"http:\/\/hoycordobaweb.com\/index.php\/wp-json\/wp\/v2\/media?parent=10776"}],"wp:term":[{"taxonomy":"category","embeddable":true,"href":"http:\/\/hoycordobaweb.com\/index.php\/wp-json\/wp\/v2\/categories?post=10776"},{"taxonomy":"post_tag","embeddable":true,"href":"http:\/\/hoycordobaweb.com\/index.php\/wp-json\/wp\/v2\/tags?post=10776"}],"curies":[{"name":"wp","href":"https:\/\/api.w.org\/{rel}","templated":true}]}}