{"id":107738,"date":"2025-06-11T12:25:00","date_gmt":"2025-06-11T12:25:00","guid":{"rendered":"http:\/\/hoycordobaweb.com\/index.php\/2025\/06\/11\/tras-la-condena-a-cristina-kirchner-se-espera-una-masiva-marcha-de-jubilados-y-organizaciones-sociales-frente-al-congreso\/"},"modified":"2025-06-11T12:25:00","modified_gmt":"2025-06-11T12:25:00","slug":"tras-la-condena-a-cristina-kirchner-se-espera-una-masiva-marcha-de-jubilados-y-organizaciones-sociales-frente-al-congreso","status":"publish","type":"post","link":"http:\/\/hoycordobaweb.com\/index.php\/2025\/06\/11\/tras-la-condena-a-cristina-kirchner-se-espera-una-masiva-marcha-de-jubilados-y-organizaciones-sociales-frente-al-congreso\/","title":{"rendered":"Tras la condena a Cristina Kirchner, se espera una masiva marcha de jubilados y organizaciones sociales frente al Congreso"},"content":{"rendered":"<div class=\"media_block\"><\/div>\n<div><img src=\"http:\/\/hoycordobaweb.com\/wp-content\/uploads\/2025\/06\/tras-la-condena-a-cristina-kirchner-se-espera-una-masiva-marcha-de-jubilados-y-organizaciones-sociales-frente-al-congreso.jpg\" class=\"ff-og-image-inserted\"><\/div>\n<p><strong>La movilizaci\u00f3n habitual de los <a target=\"_blank\" href=\"https:\/\/www.perfil.com\/noticias\/economia\/cuando-cobro-el-aguinaldo-anses-2025-calendario-y-montos-para-jubilados.phtml\" rel=\"noopener noreferrer\">jubilados<\/a> frente al Congreso de la Naci\u00f3n<\/strong>, que se realiza cada mi\u00e9rcoles, podr\u00eda adquirir este 11 de junio un car\u00e1cter excepcional. Luego de que la <a target=\"_blank\" href=\"https:\/\/www.perfil.com\/noticias\/politica\/carlos-beraldi-denuncio-irregularidades-en-el-proceso-judicial-saben-que-sacan-a-cristina-de-la-cancha.phtml\" rel=\"noopener noreferrer\"><strong>Corte Suprema<\/strong><\/a> dejara firme la condena a <a target=\"_blank\" href=\"https:\/\/www.perfil.com\/noticias\/politica\/el-circulo-rojo-evito-hablar-de-la-condena-a-cristina-kirchner-pero-mostro-temor-por-un-conflicto-social-permanente.phtml\" rel=\"noopener noreferrer\"><strong>Cristina Kirchner<\/strong><\/a>, organizaciones sociales, sindicales y pol\u00edticas anticipan una jornada de protesta masiva, en defensa no solo de los derechos previsionales y el hospital Garrahan, sino tambi\u00e9n de la expresidenta.<\/p>\n<p>La convocatoria, que comenz\u00f3 como un reclamo encabezado por jubilados autoconvocados, se ampli\u00f3 en las \u00faltimas semanas ante la crisis econ\u00f3mica, el recorte de medicamentos del PAMI, la eliminaci\u00f3n de la moratoria previsional, el veto presidencial a la suba de haberes y el conflicto salarial con m\u00e9dicos residentes del hospital pedi\u00e1trico Garrahan. En ese contexto, la decisi\u00f3n judicial conocida este martes oper\u00f3 como catalizador y podr\u00eda convertir la marcha de este mi\u00e9rcoles en un<strong> nuevo punto de inflexi\u00f3n pol\u00edtico.<\/strong><\/p>\n<p class=\"destacadoNota\"><a target=\"_blank\" href=\"https:\/\/www.perfil.com\/noticias\/politica\/ataque-en-los-estudios-de-tn-encapuchados-ingresaron-al-canal-tras-la-condena-a-cristina-kirchner.phtml\" rel=\"noopener noreferrer\">Ataque a los estudios de TN y Canal 13: encapuchados ingresaron al canal tras la condena a Cristina Kirchner<\/a><\/p>\n<div class=\"subscription\" readability=\"6.683257918552\">\n<p> Esto no les gusta a los autoritarios <\/p>\n<div class=\"subscription__container\" readability=\"6.1467391304348\">\n<div class=\"subscription__text-wrapper\" readability=\"31.20652173913\">\n<p> El ejercicio del periodismo profesional y cr\u00edtico es un pilar fundamental de la democracia. Por eso molesta a quienes creen ser los due\u00f1os de la verdad. <\/p>\n<\/p><\/div><\/div><\/div>\n<p>Por su parte,<strong> <\/strong>la C\u00e1mara de <strong>Diputados envi\u00f3 este martes al Senado los proyectos aprobados<\/strong> sobre el aumento a los jubilados y el bono que perciben los adultos que cobran el haber m\u00ednimo, la extensi\u00f3n de la moratoria por dos a\u00f1os y la declaraci\u00f3n de la emergencia en discapacidad, con el fin de actualizar las prestaciones. Los proyectos son <strong>rechazados por el Gobierno nacional<\/strong>, que sostiene que tienen un impacto de 12 mil millones d\u00f3lares y que, por ese motivo, vetar\u00e1 las propuestas.<\/p>\n<h2>Presencia multisectorial y clima de tensi\u00f3n<\/h2>\n<p>Se espera la participaci\u00f3n de <strong>gremios, organismos de derechos humanos, docentes universitarios, colectivos de discapacidad, movimientos feministas y agrupaciones como el Movimiento Evita, la UTEP y la CTA<\/strong>. Tambi\u00e9n podr\u00edan sumarse dirigentes pol\u00edticos del oficialismo y sectores del peronismo que ya manifestaron su rechazo al fallo judicial. La consigna predominante ser\u00e1 el rechazo al ajuste econ\u00f3mico, la defensa de la democracia y la denuncia de lo que consideran una proscripci\u00f3n pol\u00edtica.<\/p>\n<p>Desde las organizaciones convocantes se prev\u00e9 concentrar <strong>desde las 15<\/strong> en la Plaza de los Dos Congresos, con columnas sobre avenida Rivadavia, Callao y Entre R\u00edos. La jornada se desarrollar\u00e1 bajo un fuerte operativo de seguridad y con vallados reforzados, como ya ocurri\u00f3 en movilizaciones anteriores. La tensi\u00f3n podr\u00eda escalar si se repite la represi\u00f3n de semanas pasadas. <strong>El protocolo antipiquetes del Ministerio de Seguridad deriv\u00f3 en detenciones, uso de gas pimienta y heridos entre los manifestantes.<\/strong><\/p>\n<p class=\"destacadoNota\"><a target=\"_blank\" href=\"https:\/\/www.perfil.com\/noticias\/politica\/ano-por-ano-la-cronologia-de-la-causa-vialidad-contra-cristina-kirchner.phtml\" rel=\"noopener noreferrer\">Cronolog\u00eda de la Causa Vialidad: desde las primeras denuncias a la condena firme de Cristina Kirchner<\/a><\/p>\n<h2>Contexto pol\u00edtico: del fallo a la calle<\/h2>\n<p>El fallo de la Corte Suprema, que rechaz\u00f3 los recursos presentados por la defensa de <strong>CFK<\/strong> y dej\u00f3 firme su condena a seis a\u00f1os de prisi\u00f3n e inhabilitaci\u00f3n perpetua, <strong>alter\u00f3 el clima pol\u00edtico en todo el pa\u00eds<\/strong>. Las expresiones de apoyo a la exmandataria se multiplicaron durante el martes, con marchas en el AMBA, actos en Rosario, protestas en Chaco y vigilias frente a su domicilio en Constituci\u00f3n.<\/p>\n<p>En ese marco, la marcha de los jubilados aparece como el primer espacio de protesta con proyecci\u00f3n nacional tras el fallo. Referentes como <strong>Axel Kicillof, Carlos Heller, Oscar Parrilli y Sergio Palazzo<\/strong> ya hab\u00edan anticipado la necesidad de una reacci\u00f3n colectiva. <strong>Desde sectores kirchneristas se\u00f1alan que \u201cel pueblo va a salir a la calle\u201d<\/strong>.<\/p>\n<h2>Un s\u00edmbolo del malestar social<\/h2>\n<p>M\u00e1s all\u00e1 del impacto pol\u00edtico del fallo, la marcha del mi\u00e9rcoles tambi\u00e9n pone en evidencia el delicado contexto social que atraviesa el pa\u00eds. Los jubilados denuncian el deterioro del poder adquisitivo, la ca\u00edda de los haberes m\u00ednimos, el aumento en medicamentos y alimentos, y el vaciamiento progresivo del sistema previsional.<\/p>\n<p class=\"destacadoNota\"><a target=\"_blank\" href=\"https:\/\/www.perfil.com\/noticias\/politica\/la-inesperada-reaccion-de-mauricio-macri-a-la-condena-de-cristina-kirchner-un-dia-triste-no-hay-motivos-para-festejar-nada.phtml\" rel=\"noopener noreferrer\">La inesperada reacci\u00f3n de Mauricio Macri a la condena de Cristina Kirchner: \u00abUn d\u00eda triste\u00bb<\/a><\/p>\n<p>La decisi\u00f3n de<strong> Javier Milei<\/strong> de vetar la ley que garantizaba un aumento de emergencia para jubilaciones \u2014aprobada por amplia mayor\u00eda en el Congreso\u2014 fue duramente criticada. <strong>Desde el Ejecutivo justificaron la medida como una forma de evitar \u201cel populismo fiscal\u201d<\/strong>, pero desde la oposici\u00f3n lo consideran un acto de insensibilidad social.<\/p>\n<p>Entre las consignas anticipadas, se destaca la exigencia de \u201c<strong>una justicia al servicio de la democracia y no de los poderes corporativos<\/strong>\u201d. Tambi\u00e9n se espera una declaraci\u00f3n conjunta por parte de la multisectorial, que incluir\u00eda una cr\u00edtica a la Corte Suprema, al gobierno nacional y una defensa expl\u00edcita de Kirchner como s\u00edmbolo de resistencia pol\u00edtica. Desde organismos de derechos humanos advirtieron sobre la necesidad de garantizar el derecho a la protesta.<\/p>\n<p><em>DCQ\/ML<\/em><\/p>\n","protected":false},"excerpt":{"rendered":"<p>La movilizaci\u00f3n habitual de los jubilados frente al Congreso de la Naci\u00f3n, que se realiza cada mi\u00e9rcoles, podr\u00eda adquirir este 11 de junio un car\u00e1cter excepcional. Luego de que la Corte Suprema dejara firme la condena a Cristina Kirchner, organizaciones sociales, sindicales y pol\u00edticas anticipan una jornada de protesta masiva, en defensa no solo de [&hellip;]<\/p>\n","protected":false},"author":1,"featured_media":107739,"comment_status":"closed","ping_status":"closed","sticky":false,"template":"","format":"standard","meta":[],"categories":[19],"tags":[1466,273,764,90,464],"_links":{"self":[{"href":"http:\/\/hoycordobaweb.com\/index.php\/wp-json\/wp\/v2\/posts\/107738"}],"collection":[{"href":"http:\/\/hoycordobaweb.com\/index.php\/wp-json\/wp\/v2\/posts"}],"about":[{"href":"http:\/\/hoycordobaweb.com\/index.php\/wp-json\/wp\/v2\/types\/post"}],"author":[{"embeddable":true,"href":"http:\/\/hoycordobaweb.com\/index.php\/wp-json\/wp\/v2\/users\/1"}],"replies":[{"embeddable":true,"href":"http:\/\/hoycordobaweb.com\/index.php\/wp-json\/wp\/v2\/comments?post=107738"}],"version-history":[{"count":0,"href":"http:\/\/hoycordobaweb.com\/index.php\/wp-json\/wp\/v2\/posts\/107738\/revisions"}],"wp:featuredmedia":[{"embeddable":true,"href":"http:\/\/hoycordobaweb.com\/index.php\/wp-json\/wp\/v2\/media\/107739"}],"wp:attachment":[{"href":"http:\/\/hoycordobaweb.com\/index.php\/wp-json\/wp\/v2\/media?parent=107738"}],"wp:term":[{"taxonomy":"category","embeddable":true,"href":"http:\/\/hoycordobaweb.com\/index.php\/wp-json\/wp\/v2\/categories?post=107738"},{"taxonomy":"post_tag","embeddable":true,"href":"http:\/\/hoycordobaweb.com\/index.php\/wp-json\/wp\/v2\/tags?post=107738"}],"curies":[{"name":"wp","href":"https:\/\/api.w.org\/{rel}","templated":true}]}}