{"id":107724,"date":"2025-06-10T20:49:56","date_gmt":"2025-06-10T20:49:56","guid":{"rendered":"https:\/\/www.ole.com.ar\/futbol-internacional\/dinenno-zubeldia-san-pablo-copa-libertadores_0_e7KmokBSOd.html"},"modified":"2025-06-10T20:49:56","modified_gmt":"2025-06-10T20:49:56","slug":"san-pablo-presento-a-dinenno-y-el-gran-abrazo-con-zubeldia","status":"publish","type":"post","link":"http:\/\/hoycordobaweb.com\/index.php\/2025\/06\/10\/san-pablo-presento-a-dinenno-y-el-gran-abrazo-con-zubeldia\/","title":{"rendered":"San Pablo present\u00f3 a Dinenno y el gran abrazo con Zubeld\u00eda"},"content":{"rendered":"<p><img src=\"http:\/\/hoycordobaweb.com\/wp-content\/uploads\/2025\/06\/san-pablo-presento-a-dinenno-y-el-gran-abrazo-con-zubeldia.jpg\"><\/p>\n<p><time class=\"createDate\" datetime=\"2025-06-10T17:49:56-03:00\">10\/06\/2025 17:49hs.<\/time><\/p>\n<div id=\"storyBody\">\n<div class=\"custom-text \" readability=\"34.84962406015\">\n<p><strong>San Pablo fue uno de los mejores equipos de la fase de grupos de la <a href=\"https:\/\/www.ole.com.ar\/tema\/copa-libertadores.html\" title=\"Copa Libertadores\" alt=\"Copa Libertadores\" class=\"slug\">Copa Libertadores<\/a><\/strong>. Segundo mejor primero, se enfrentar\u00e1 en octavos de final a Atl\u00e9tico Nacional de Medell\u00edn y reci\u00e9n en semis podr\u00eda estar en el camino de un equipo argentino: River. <strong>El equipo dirigido por Luis Zubeld\u00eda perdi\u00f3 hace poco m\u00e1s de un mes a Jonathan Calleri. El delantero sufri\u00f3 una rotura de ligamentos y no jugar\u00e1 hasta el a\u00f1o que viene. Es por eso que los paulistas salieron al mercado en busca de un reemplazo y sumaron a otro argentino.<\/strong><\/p>\n<\/div>\n<p><h2>El abrazo entre Dinenno y Zubeld\u00eda<\/h2>\n<\/p>\n<div class=\"custom-text \" readability=\"40\">\n<p><strong>Juan Dinenno lleg\u00f3 a pr\u00e9stamo desde Cruzeiro. A<\/strong> priori hasta fin de a\u00f1o, pero con la posibilidad de extender un a\u00f1o m\u00e1s su contrato.<strong> El surgido de Racing justamente fue promovido por Luis Zubeld\u00eda (el debut oficial fue en el interinato de Nacho Gonz\u00e1lez en 2013), de ah\u00ed que se dieron un gran abrazo en el primer encuentro cara a cara<\/strong>. Fue este martes. Dinenno, tras someterse a la revisi\u00f3n m\u00e9dica, se entren\u00f3 por primera vez y antes tuvo una charla con el t\u00e9cnico y tambi\u00e9n con Calleri, en plena etapa de rehabilitaci\u00f3n.<\/p>\n<\/div>\n<div class=\"sc-e7b891c4-0 ifHnQL image-embed\"><img alt=\"Primer entrenamiento de Dinenno en San Pablo.\" loading=\"lazy\" width=\"720\" height=\"100\" decoding=\"async\" data-nimg=\"1\" src=\"http:\/\/hoycordobaweb.com\/wp-content\/uploads\/2025\/06\/san-pablo-presento-a-dinenno-y-el-gran-abrazo-con-zubeldia-2.jpg\"><span class=\"epigraphe\">Primer entrenamiento de Dinenno en San Pablo.<\/span><\/div>\n<div class=\"custom-text \" readability=\"37\">\n<p>La carrera de Dinenno no fue sencilla. Sin lugar en la Academia, pas\u00f3 por Temperley y Aldosivi antes de emigrar a Ecuador. Tras jugar en Deportivo Cuenca, explot\u00f3 en 2018 en Barcelona de Ecuador. Hizo 21 goles y se fue al Deportivo Cali. En 2020 lo compr\u00f3 Pumas de la UNAM donde se convirti\u00f3 en \u00eddolo y figura hasta llegar a Cruzeiro a principios del a\u00f1o pasado. Pero una lesi\u00f3n no le permiti\u00f3 brillar y ahora apunta a hacerlo en San Pablo.<\/p>\n<\/div>\n<div class=\"sc-a7166897-0 eoLsBE\" readability=\"7.5\">\n<section readability=\"5\"><picture><img alt=\"El calendario completo del Mundial de Clubes 2025, con todos los partidos: d\u00eda a d\u00eda, horario y sedes\" loading=\"lazy\" width=\"290\" height=\"290\" decoding=\"async\" data-nimg=\"1\" src=\"http:\/\/hoycordobaweb.com\/wp-content\/uploads\/2025\/06\/san-pablo-presento-a-dinenno-y-el-gran-abrazo-con-zubeldia-3.jpg\"><\/picture>\n<p><span>Mir\u00e1 tambi\u00e9n<\/span><\/p>\n<hr>\n<h3>El calendario completo del Mundial de Clubes 2025, con todos los partidos: d\u00eda a d\u00eda, horario y sedes<\/h3>\n<\/p>\n<\/section>\n<\/div>\n<div class=\"sc-a7166897-0 eoLsBE\" readability=\"6.5\">\n<section readability=\"3\"><picture><img alt=\"Gianni Infantino con Ol\u00e9: Messi, el Mundial de Clubes y mucho m\u00e1s\" loading=\"lazy\" width=\"290\" height=\"290\" decoding=\"async\" data-nimg=\"1\" src=\"http:\/\/hoycordobaweb.com\/wp-content\/uploads\/2025\/06\/san-pablo-presento-a-dinenno-y-el-gran-abrazo-con-zubeldia-4.jpg\"><\/picture>\n<p><span>Mir\u00e1 tambi\u00e9n<\/span><\/p>\n<hr>\n<h3>Gianni Infantino con Ol\u00e9: Messi, el Mundial de Clubes y mucho m\u00e1s<\/h3>\n<\/p>\n<\/section>\n<\/div>\n<\/div>\n","protected":false},"excerpt":{"rendered":"<p>10\/06\/2025 17:49hs. San Pablo fue uno de los mejores equipos de la fase de grupos de la Copa Libertadores. Segundo mejor primero, se enfrentar\u00e1 en octavos de final a Atl\u00e9tico Nacional de Medell\u00edn y reci\u00e9n en semis podr\u00eda estar en el camino de un equipo argentino: River. El equipo dirigido por Luis Zubeld\u00eda perdi\u00f3 hace [&hellip;]<\/p>\n","protected":false},"author":1,"featured_media":107725,"comment_status":"open","ping_status":"closed","sticky":false,"template":"","format":"standard","meta":[],"categories":[16],"tags":[],"_links":{"self":[{"href":"http:\/\/hoycordobaweb.com\/index.php\/wp-json\/wp\/v2\/posts\/107724"}],"collection":[{"href":"http:\/\/hoycordobaweb.com\/index.php\/wp-json\/wp\/v2\/posts"}],"about":[{"href":"http:\/\/hoycordobaweb.com\/index.php\/wp-json\/wp\/v2\/types\/post"}],"author":[{"embeddable":true,"href":"http:\/\/hoycordobaweb.com\/index.php\/wp-json\/wp\/v2\/users\/1"}],"replies":[{"embeddable":true,"href":"http:\/\/hoycordobaweb.com\/index.php\/wp-json\/wp\/v2\/comments?post=107724"}],"version-history":[{"count":0,"href":"http:\/\/hoycordobaweb.com\/index.php\/wp-json\/wp\/v2\/posts\/107724\/revisions"}],"wp:featuredmedia":[{"embeddable":true,"href":"http:\/\/hoycordobaweb.com\/index.php\/wp-json\/wp\/v2\/media\/107725"}],"wp:attachment":[{"href":"http:\/\/hoycordobaweb.com\/index.php\/wp-json\/wp\/v2\/media?parent=107724"}],"wp:term":[{"taxonomy":"category","embeddable":true,"href":"http:\/\/hoycordobaweb.com\/index.php\/wp-json\/wp\/v2\/categories?post=107724"},{"taxonomy":"post_tag","embeddable":true,"href":"http:\/\/hoycordobaweb.com\/index.php\/wp-json\/wp\/v2\/tags?post=107724"}],"curies":[{"name":"wp","href":"https:\/\/api.w.org\/{rel}","templated":true}]}}