{"id":107722,"date":"2025-06-10T21:01:17","date_gmt":"2025-06-10T21:01:17","guid":{"rendered":"https:\/\/www.ole.com.ar\/futbol-internacional\/arturo-vidal-chile-eliminatorias-mundial_0_csBHeuUeEO.html"},"modified":"2025-06-10T21:01:17","modified_gmt":"2025-06-10T21:01:17","slug":"se-arrepintio-luego-de-siete-anos-arturo-vidal-elimino-de-sus-redes-sociales-su-tuit-del-fallido-mundial-2018-para-chile","status":"publish","type":"post","link":"http:\/\/hoycordobaweb.com\/index.php\/2025\/06\/10\/se-arrepintio-luego-de-siete-anos-arturo-vidal-elimino-de-sus-redes-sociales-su-tuit-del-fallido-mundial-2018-para-chile\/","title":{"rendered":"\u00bfSe arrepinti\u00f3? Luego de siete a\u00f1os, Arturo Vidal elimin\u00f3 de sus redes sociales su tuit del fallido Mundial 2018 para Chile"},"content":{"rendered":"<p><img src=\"http:\/\/hoycordobaweb.com\/wp-content\/uploads\/2025\/06\/se-arrepintio-luego-de-siete-anos-arturo-vidal-elimino-de-sus-redes-sociales-su-tuit-del-fallido-mundial-2018-para-chile.jpg\"><\/p>\n<p><time class=\"createDate\" datetime=\"2025-06-10T18:01:17-03:00\">10\/06\/2025 18:01hs.<\/time><\/p>\n<div id=\"storyBody\">\n<div class=\"custom-text \" readability=\"34.6875\">\n<p>En la v\u00edspera del cierre de las <a href=\"https:\/\/www.ole.com.ar\/tema\/eliminatorias-sudamericanas.html\" title=\"Eliminatorias Sudamericanas\" alt=\"Eliminatorias Sudamericanas\" class=\"slug\">Eliminatorias Sudamericanas<\/a> rumbo al <a href=\"https:\/\/www.ole.com.ar\/tema\/mundial-2026.html\" title=\"Mundial 2026\" alt=\"Mundial 2026\" class=\"slug\">Mundial<\/a> de Estados Unidos, M\u00e9xico y Canad\u00e1 2026, <a href=\"https:\/\/www.ole.com.ar\/tema\/arturo-vidal.html\" title=\"arturo vidal\" alt=\"arturo vidal\" class=\"slug\">Arturo Vidal<\/a> volvi\u00f3 a ser foco de noticia. En esta ocasi\u00f3n, <strong>el motivo fue la reciente eliminaci\u00f3n de su famoso y popular tuit: \u201cDescansen, hijos m\u00edos\u201d,<\/strong> una publicaci\u00f3n que hac\u00eda alusi\u00f3n a la hipot\u00e9tica clasificaci\u00f3n de <a href=\"https:\/\/www.ole.com.ar\/tema\/seleccion-chilena.html\" title=\"Selecci\u00f3n Chilena\" alt=\"Selecci\u00f3n Chilena\" class=\"slug\">Chile<\/a> al Mundial de Rusia 2018.<\/p>\n<\/div>\n<div class=\"custom-text \" readability=\"40\">\n<p><strong>\u201cDescansen, hijos m\u00edos. Pap\u00e1 tiene que trabajar y llevar a Chile al Mundial. Los amo mucho\u201d<\/strong>, escribi\u00f3 el capit\u00e1n de su pa\u00eds junto a una foto en donde aparec\u00edan sus dos hijos, Alonso y Emiliano, durmiendo juntos. Aquella publicaci\u00f3n databa de octubre de 2017, a menos de un a\u00f1o del comienzo del Mundial de Rusia 2018.<\/p>\n<\/div>\n<div class=\"custom-text \" readability=\"39\">\n<p>Cabe destacar que, por aquel entonces, la Selecci\u00f3n de Chile atravesaba uno de los momentos m\u00e1s altos de su historia: <strong>era la vigente bicampeona de Am\u00e9rica tras vencer en dos finales consecutivas a la Selecci\u00f3n Argentina. <\/strong>Sin embargo, su nivel decay\u00f3 despu\u00e9s de la Copa Am\u00e9rica Centenario, y una serie de resultados negativos fue reduciendo sus chances de clasificar a la pr\u00f3xima cita mundialista.<\/p>\n<\/div>\n<div class=\"custom-text \" readability=\"39\">\n<p>Finalmente, aquella selecci\u00f3n dirigida por Juan Antonio Pizzi termin\u00f3 sexta en las Eliminatorias, detr\u00e1s de Per\u00fa y sin chances de jugar la competici\u00f3n. Esto le pes\u00f3 mucho a Vidal, quien tras aquel posteo se convirti\u00f3 en blanco de burlas y cr\u00edticas por parte de los usuarios. Misma situaci\u00f3n que tom\u00f3 lugar cuatro a\u00f1os despu\u00e9s, <strong>cuando tampoco lograron clasificarse para Qatar 2022.<\/strong><\/p>\n<\/div>\n<div class=\"sc-e7b891c4-0 ifHnQL image-embed\"><img alt=\"El famoso tuit de Arturo Vidal publicado en 2017.\" loading=\"lazy\" width=\"720\" height=\"100\" decoding=\"async\" data-nimg=\"1\" src=\"http:\/\/hoycordobaweb.com\/wp-content\/uploads\/2025\/06\/se-arrepintio-luego-de-siete-anos-arturo-vidal-elimino-de-sus-redes-sociales-su-tuit-del-fallido-mundial-2018-para-chile-2.jpg\"><span class=\"epigraphe\">El famoso tuit de Arturo Vidal publicado en 2017.<\/span><\/div>\n<div class=\"custom-text \" readability=\"38\">\n<p>Ahora, a pesar de haber eliminado la publicaci\u00f3n que gener\u00f3 tanta repercusi\u00f3n durante los \u00faltimos a\u00f1os, el panorama para Arturo Vidal y Chile es a\u00fan peor que hace dos Eliminatorias. En esta ocasi\u00f3n, La Roja <strong>ocupa el \u00faltimo puesto en la tabla de posiciones y est\u00e1 pr\u00e1cticamente fuera de la carrera rumbo a la pr\u00f3xima cita mundialista.<\/strong><\/p>\n<\/div>\n<p><h2><strong>La chicana de la hinchada argentina a Vidal<\/strong><\/h2>\n<\/p>\n<div class=\"custom-text \" readability=\"36\">\n<p>Una de las \u00faltimas chicanas sobre aquella frase tuvo lugar tras la victoria de Argentina por 1-0 sobre Chile en la pasada fecha. A pesar del paso de los a\u00f1os, el famoso comentario volvi\u00f3 a aparecer en la cancha. <strong>\u201cDescansen hijos m\u00edos\u201d <\/strong>se ley\u00f3 en un trapo extra large que desplegaron los fan\u00e1ticos argentinos detr\u00e1s del arco que defendi\u00f3 Dibu Mart\u00ednez durante el segundo tiempo.<\/p>\n<\/div>\n<div class=\"sc-e7b891c4-0 ifHnQL image-embed\"><img alt=\"El trapo en referencia a la famosa frase de Arturo Vidal. (Clar\u00edn)\" loading=\"lazy\" width=\"720\" height=\"100\" decoding=\"async\" data-nimg=\"1\" src=\"http:\/\/hoycordobaweb.com\/wp-content\/uploads\/2025\/06\/se-arrepintio-luego-de-siete-anos-arturo-vidal-elimino-de-sus-redes-sociales-su-tuit-del-fallido-mundial-2018-para-chile-3.jpg\"><span class=\"epigraphe\">El trapo en referencia a la famosa frase de Arturo Vidal. (Clar\u00edn)<\/span><\/div>\n<p><h2><strong>\u00bfQu\u00e9 necesita Chile para clasificar al Mundial?<\/strong><\/h2>\n<\/p>\n<div class=\"custom-text \" readability=\"38\">\n<p>Chile se encuentra ante una verdadera final en El Alto,<strong> donde solo un triunfo frente a Bolivia le permitir\u00e1 seguir con vida en las Eliminatorias. <\/strong>Adem\u00e1s, depende de que Venezuela no sume de a tres ante Uruguay; un empate o derrota del equipo venezolano dejar\u00eda a La Roja a cinco o seis puntos de diferencia, con dos jornadas restantes por jugar.<\/p>\n<\/div>\n<div class=\"sc-a7166897-0 eoLsBE\" readability=\"6\">\n<section readability=\"2\"><picture><img alt=\"Chile cay\u00f3 2 a 0 ante Bolivia en El Alto y se qued\u00f3 afuera de la Copa del Mundo\" loading=\"lazy\" width=\"290\" height=\"290\" decoding=\"async\" data-nimg=\"1\" src=\"http:\/\/hoycordobaweb.com\/wp-content\/uploads\/2025\/06\/se-arrepintio-luego-de-siete-anos-arturo-vidal-elimino-de-sus-redes-sociales-su-tuit-del-fallido-mundial-2018-para-chile-4.jpg\"><\/picture>\n<p><span>Mir\u00e1 tambi\u00e9n<\/span><\/p>\n<hr>\n<h3>Chile cay\u00f3 2 a 0 ante Bolivia en El Alto y se qued\u00f3 afuera de la Copa del Mundo<\/h3>\n<\/p>\n<\/section>\n<\/div>\n<div class=\"sc-a7166897-0 eoLsBE\" readability=\"6.5\">\n<section readability=\"3\"><picture><img alt=\"Joaqu\u00edn Correa, el refuerzo estrella de Botafogo para el Mundial de Clubes\" loading=\"lazy\" width=\"290\" height=\"290\" decoding=\"async\" data-nimg=\"1\" src=\"http:\/\/hoycordobaweb.com\/wp-content\/uploads\/2025\/06\/se-arrepintio-luego-de-siete-anos-arturo-vidal-elimino-de-sus-redes-sociales-su-tuit-del-fallido-mundial-2018-para-chile-5.jpg\"><\/picture>\n<p><span>Mir\u00e1 tambi\u00e9n<\/span><\/p>\n<hr>\n<h3>Joaqu\u00edn Correa, el refuerzo estrella de Botafogo para el Mundial de Clubes<\/h3>\n<\/p>\n<\/section>\n<\/div>\n<\/div>\n","protected":false},"excerpt":{"rendered":"<p>10\/06\/2025 18:01hs. En la v\u00edspera del cierre de las Eliminatorias Sudamericanas rumbo al Mundial de Estados Unidos, M\u00e9xico y Canad\u00e1 2026, Arturo Vidal volvi\u00f3 a ser foco de noticia. En esta ocasi\u00f3n, el motivo fue la reciente eliminaci\u00f3n de su famoso y popular tuit: \u201cDescansen, hijos m\u00edos\u201d, una publicaci\u00f3n que hac\u00eda alusi\u00f3n a la hipot\u00e9tica [&hellip;]<\/p>\n","protected":false},"author":1,"featured_media":107723,"comment_status":"open","ping_status":"closed","sticky":false,"template":"","format":"standard","meta":[],"categories":[16],"tags":[],"_links":{"self":[{"href":"http:\/\/hoycordobaweb.com\/index.php\/wp-json\/wp\/v2\/posts\/107722"}],"collection":[{"href":"http:\/\/hoycordobaweb.com\/index.php\/wp-json\/wp\/v2\/posts"}],"about":[{"href":"http:\/\/hoycordobaweb.com\/index.php\/wp-json\/wp\/v2\/types\/post"}],"author":[{"embeddable":true,"href":"http:\/\/hoycordobaweb.com\/index.php\/wp-json\/wp\/v2\/users\/1"}],"replies":[{"embeddable":true,"href":"http:\/\/hoycordobaweb.com\/index.php\/wp-json\/wp\/v2\/comments?post=107722"}],"version-history":[{"count":0,"href":"http:\/\/hoycordobaweb.com\/index.php\/wp-json\/wp\/v2\/posts\/107722\/revisions"}],"wp:featuredmedia":[{"embeddable":true,"href":"http:\/\/hoycordobaweb.com\/index.php\/wp-json\/wp\/v2\/media\/107723"}],"wp:attachment":[{"href":"http:\/\/hoycordobaweb.com\/index.php\/wp-json\/wp\/v2\/media?parent=107722"}],"wp:term":[{"taxonomy":"category","embeddable":true,"href":"http:\/\/hoycordobaweb.com\/index.php\/wp-json\/wp\/v2\/categories?post=107722"},{"taxonomy":"post_tag","embeddable":true,"href":"http:\/\/hoycordobaweb.com\/index.php\/wp-json\/wp\/v2\/tags?post=107722"}],"curies":[{"name":"wp","href":"https:\/\/api.w.org\/{rel}","templated":true}]}}