{"id":107638,"date":"2025-06-10T12:31:32","date_gmt":"2025-06-10T12:31:32","guid":{"rendered":"http:\/\/hoycordobaweb.com\/index.php\/2025\/06\/10\/manejaba-borracho-a-contramano-por-avenida-cordoba-choco-un-taxi-y-termino-incrustado-en-un-local\/"},"modified":"2025-06-10T12:31:32","modified_gmt":"2025-06-10T12:31:32","slug":"manejaba-borracho-a-contramano-por-avenida-cordoba-choco-un-taxi-y-termino-incrustado-en-un-local","status":"publish","type":"post","link":"http:\/\/hoycordobaweb.com\/index.php\/2025\/06\/10\/manejaba-borracho-a-contramano-por-avenida-cordoba-choco-un-taxi-y-termino-incrustado-en-un-local\/","title":{"rendered":"Manejaba borracho a contramano por Avenida C\u00f3rdoba, choc\u00f3 un taxi y termin\u00f3 incrustado en un local"},"content":{"rendered":"<div class=\"media_block\"><\/div>\n<div><img src=\"http:\/\/hoycordobaweb.com\/wp-content\/uploads\/2025\/06\/manejaba-borracho-a-contramano-por-avenida-cordoba-choco-un-taxi-y-termino-incrustado-en-un-local.jpg\" class=\"ff-og-image-inserted\"><\/div>\n<p>En la madrugada de este martes, <a target=\"_blank\" href=\"https:\/\/www.perfil.com\/noticias\/policia\/impacto-de-frente-provoco-un-choque-fatal-y-dejo-dos-muertos-y-tres-heridos-graves-en-maipu.phtml\" rel=\"noopener noreferrer\">un choque<\/a> entre un taxi y un veh\u00edculo particular se produjo en el barrio porte\u00f1o de <a target=\"_blank\" href=\"https:\/\/www.perfil.com\/noticias\/cultura\/el-recoleta-pone-el-foco-a-artistas-que-visibilizan-la-carrona-humana-entre-ellos-la-artista-censurada-por-milei.phtml\" rel=\"noopener noreferrer\">Recoleta<\/a>, dejando como resultado cinco personas heridas. De acuerdo con la informaci\u00f3n policial, el conductor del auto particular, <a target=\"_blank\" href=\"https:\/\/www.perfil.com\/noticias\/sociedad\/un-joven-borracho-cruzo-en-rojo-y-embistio-a-una-familia-que-iba-en-moto.phtml\" rel=\"noopener noreferrer\">en estado de ebriedad<\/a>, <strong>impact\u00f3 contra el taxi, se subi\u00f3 a la vereda y termin\u00f3 estrell\u00e1ndose contra la fachada de un comercio<\/strong> en la intersecci\u00f3n de Avenida C\u00f3rdoba y Callao.<\/p>\n<p>Hacia las 3:20 de la madrugada, agentes de la Comisar\u00eda Vecinal 2B de la Polic\u00eda de la Ciudad llegaron al lugar del incidente. All\u00ed constataron que un Renault Fluence, utilizado como taxi, <strong>ten\u00eda el frente gravemente da\u00f1ado<\/strong>, mientras que un Toyota Etios hab\u00eda quedado incrustado en la estructura de un local comercial.<\/p>\n<p>El conductor del Etios, un hombre de 32 a\u00f1os, fue sometido a un test de alcoholemia por personal del Gabinete Cient\u00edfico.<strong> Los resultados arrojaron una concentraci\u00f3n de 1,32 gramos de alcohol por litro de sangre<\/strong>, lo que confirm\u00f3 su estado de intoxicaci\u00f3n.<\/p>\n<div class=\"subscription\" readability=\"6.683257918552\">\n<p> Esto no les gusta a los autoritarios <\/p>\n<div class=\"subscription__container\" readability=\"6.1467391304348\">\n<div class=\"subscription__text-wrapper\" readability=\"31.20652173913\">\n<p> El ejercicio del periodismo profesional y cr\u00edtico es un pilar fundamental de la democracia. Por eso molesta a quienes creen ser los due\u00f1os de la verdad. <\/p>\n<\/p><\/div><\/div><\/div>\n<p class=\"destacadoNota\"><a target=\"_blank\" href=\"https:\/\/www.perfil.com\/noticias\/policia\/la-plata-tras-un-violento-choque-un-auto-se-incrusto-en-un-kiosco.phtml\" rel=\"noopener noreferrer\"><strong>La Plata: tras un violento choque, un auto se incrust\u00f3 en un kiosco<\/strong><\/a><\/p>\n<p>La fiscal\u00eda de Flagrancia Este intervino en el caso y dispuso la elaboraci\u00f3n de un acta por la infracci\u00f3n cometida, <strong>el secuestro del Toyota Etios<\/strong> y la asignaci\u00f3n de una consigna policial para resguardar el local afectado por el impacto.<\/p>\n<p>Seg\u00fan los primeros datos, <strong>el Sistema de Atenci\u00f3n M\u00e9dica de Emergencias (SAME) brind\u00f3 asistencia a cinco personas en el lugar<\/strong>: el conductor del taxi y los cuatro ocupantes del veh\u00edculo particular. Todos se negaron a ser trasladados a un centro m\u00e9dico y fueron atendidos en la escena.<\/p>\n<p class=\"destacadoNota\"><a target=\"_blank\" href=\"https:\/\/www.perfil.com\/noticias\/policia\/el-rapper-que-grababa-en-la-carcel-de-campana-esta-preso-en-suiza-y-su-familia-teme-por-su-vida.phtml\" rel=\"noopener noreferrer\"><strong>El rapper que grababa en la c\u00e1rcel de Campana est\u00e1 preso en Suiza y su familia teme por su vida<\/strong><\/a><\/p>\n<p>El accidente provoc\u00f3 interrupciones en el tr\u00e1nsito de la zona, ya que los efectivos policiales<strong> cortaron los carriles exclusivos para transporte p\u00fablico en la Avenida C\u00f3rdoba<\/strong>, lo que gener\u00f3 demoras en la circulaci\u00f3n.<\/p>\n<p>Dichas demoras persisten en el \u00e1rea del siniestro debido a las tareas de los oficiales, quienes <strong>contin\u00faan trabajando en la zona<\/strong> para restablecer la normalidad en el tr\u00e1nsito de la avenida.<\/p>\n<p><em>NG\/fl<\/em><\/p>\n","protected":false},"excerpt":{"rendered":"<p>En la madrugada de este martes, un choque entre un taxi y un veh\u00edculo particular se produjo en el barrio porte\u00f1o de Recoleta, dejando como resultado cinco personas heridas. De acuerdo con la informaci\u00f3n policial, el conductor del auto particular, en estado de ebriedad, impact\u00f3 contra el taxi, se subi\u00f3 a la vereda y termin\u00f3 [&hellip;]<\/p>\n","protected":false},"author":1,"featured_media":107639,"comment_status":"closed","ping_status":"closed","sticky":false,"template":"","format":"standard","meta":[],"categories":[19],"tags":[270,1462],"_links":{"self":[{"href":"http:\/\/hoycordobaweb.com\/index.php\/wp-json\/wp\/v2\/posts\/107638"}],"collection":[{"href":"http:\/\/hoycordobaweb.com\/index.php\/wp-json\/wp\/v2\/posts"}],"about":[{"href":"http:\/\/hoycordobaweb.com\/index.php\/wp-json\/wp\/v2\/types\/post"}],"author":[{"embeddable":true,"href":"http:\/\/hoycordobaweb.com\/index.php\/wp-json\/wp\/v2\/users\/1"}],"replies":[{"embeddable":true,"href":"http:\/\/hoycordobaweb.com\/index.php\/wp-json\/wp\/v2\/comments?post=107638"}],"version-history":[{"count":0,"href":"http:\/\/hoycordobaweb.com\/index.php\/wp-json\/wp\/v2\/posts\/107638\/revisions"}],"wp:featuredmedia":[{"embeddable":true,"href":"http:\/\/hoycordobaweb.com\/index.php\/wp-json\/wp\/v2\/media\/107639"}],"wp:attachment":[{"href":"http:\/\/hoycordobaweb.com\/index.php\/wp-json\/wp\/v2\/media?parent=107638"}],"wp:term":[{"taxonomy":"category","embeddable":true,"href":"http:\/\/hoycordobaweb.com\/index.php\/wp-json\/wp\/v2\/categories?post=107638"},{"taxonomy":"post_tag","embeddable":true,"href":"http:\/\/hoycordobaweb.com\/index.php\/wp-json\/wp\/v2\/tags?post=107638"}],"curies":[{"name":"wp","href":"https:\/\/api.w.org\/{rel}","templated":true}]}}