{"id":107614,"date":"2025-06-09T21:46:27","date_gmt":"2025-06-09T21:46:27","guid":{"rendered":"https:\/\/www.ole.com.ar\/boca-juniors\/marco-pellegrino-refuerzo-boca-huracan-comunicado-resarcimiento-economico_0_ET1WQTrTdM.html"},"modified":"2025-06-09T21:46:27","modified_gmt":"2025-06-09T21:46:27","slug":"el-comunicado-de-huracan-sobre-pellegrino-que-involucra-a-boca","status":"publish","type":"post","link":"http:\/\/hoycordobaweb.com\/index.php\/2025\/06\/09\/el-comunicado-de-huracan-sobre-pellegrino-que-involucra-a-boca\/","title":{"rendered":"El comunicado de Hurac\u00e1n sobre Pellegrino que involucra a Boca"},"content":{"rendered":"<p><img src=\"http:\/\/hoycordobaweb.com\/wp-content\/uploads\/2025\/06\/el-comunicado-de-huracan-sobre-pellegrino-que-involucra-a-boca.jpg\"><\/p>\n<p><time class=\"createDate\" datetime=\"2025-06-09T18:46:27-03:00\">09\/06\/2025 18:46hs.<\/time><\/p>\n<div id=\"storyBody\">\n<div class=\"custom-text \" readability=\"30.979591836735\">\n<p><strong><a href=\"https:\/\/www.ole.com.ar\/tema\/marco-pellegrino.html\" title=\"Marco Pellegrino\" alt=\"Marco Pellegrino\" class=\"slug\">Marco Pellegrino<\/a> ya es uno de los dos refuerzos de <a href=\"https:\/\/www.ole.com.ar\/tema\/boca-juniors.html\" title=\"Boca Juniors\" alt=\"Boca Juniors\" class=\"slug\">Boca <\/a>junto a <a href=\"https:\/\/www.ole.com.ar\/tema\/malcom-braida.html\" title=\"Malcom Braida\" alt=\"Malcom Braida\" class=\"slug\">Malcom Braida<\/a>.<\/strong> Sin embargo, para que se terminara de cerrar su llegada al club restaba un detalle, que <strong>se hizo oficial este lunes por la tarde cuando <a href=\"https:\/\/www.ole.com.ar\/tema\/huracan.html\" title=\"Hurac\u00e1n\" alt=\"Hurac\u00e1n\" class=\"slug\">Hurac\u00e1n <\/a>lanz\u00f3 un comunicado oficial en sus redes sociales. \u00bfDe qu\u00e9 se trata?<\/strong><\/p>\n<\/div>\n<div class=\"custom-text \" readability=\"35\">\n<p>El Globo inform\u00f3 que <strong>\u00abpor la operaci\u00f3n que Boca Juniors hizo con el Milan de Italia correspondiente a la compra del defensor\u00bb,<\/strong> el club de Parque Patricios <strong>\u00abrecibi\u00f3 la suma de 108.000.000 de pesos a modo de compensaci\u00f3n por haberlo liberado 20 d\u00edas antes de que finalizara su contrato\u00bb.<\/strong><\/p>\n<\/div>\n<div class=\"custom-text \" readability=\"35\">\n<p>\u00bfQu\u00e9 quiere decir esto? <strong>Que Pellegrino ya no tendr\u00e1 que esperar hasta el 30 de junio para que se termine su v\u00ednculo con Hurac\u00e1n,<\/strong> sino que ya est\u00e1 en condiciones de comenzar su etapa en el Xeneize.<\/p>\n<\/div>\n<p><h2><strong>CU\u00c1NDO SE SUMA PELLEGRINO AL PLANTEL EN EE.UU.<\/strong><\/h2>\n<\/p>\n<div class=\"custom-text \" readability=\"36\">\n<p>Y eso har\u00e1 en las pr\u00f3ximas horas, <strong>luego de hacerse la revisi\u00f3n m\u00e9dica y firmar su contrato por cuatro temporadas a cambio de los casi 4.000.000 de d\u00f3lares que Boca le pag\u00f3 al Milan por su pase, con un 10 por ciento de plusval\u00eda <\/strong>en caso de una futura venta.<\/p>\n<\/div>\n<div class=\"sc-e7b891c4-0 ifHnQL image-embed\"><img alt=\"Marco Pellegrino fue una de las figuras de Hurac\u00e1n en este primer semestre de 2025.\" loading=\"lazy\" width=\"720\" height=\"100\" decoding=\"async\" data-nimg=\"1\" src=\"http:\/\/hoycordobaweb.com\/wp-content\/uploads\/2025\/06\/el-comunicado-de-huracan-sobre-pellegrino-que-involucra-a-boca-2.jpg\"><span class=\"epigraphe\">Marco Pellegrino fue una de las figuras de Hurac\u00e1n en este primer semestre de 2025.<\/span><\/div>\n<div class=\"custom-text \" readability=\"35.75\">\n<p>De esta manera, Pellegrino, de 22 a\u00f1os, <strong>se subir\u00e1 a un avi\u00f3n en estas horas y partir\u00e1 -junto a Braida- hacia Estados Unidos para sumarse al plantel, que ya trabaja en ese pa\u00eds a la espera del debut del <a href=\"https:\/\/www.ole.com.ar\/tema\/mundial-de-clubes.html\" title=\"Mundial de Clubes\" alt=\"Mundial de Clubes\" class=\"slug\">Mundial de Clubes<\/a> contra <a href=\"https:\/\/www.ole.com.ar\/tema\/benfica.html\" title=\"benfica\" alt=\"benfica\" class=\"slug\">Benfica<\/a>,<\/strong> el lunes 16\/6 en el Hard Rock Stadium de Miami.<\/p>\n<\/div>\n<div class=\"custom-text \" readability=\"23.012195121951\">\n<p>Eso s\u00ed, la mala noticia para <strong><a href=\"https:\/\/www.ole.com.ar\/tema\/miguel-angel-russo.html\" title=\"Miguel Angel Russo\" alt=\"Miguel Angel Russo\" class=\"slug\">Miguel \u00c1ngel Russo <\/a><\/strong>es que no podr\u00e1 contar de entrada con Pellegrino, ya que <strong><a href=\"https:\/\/www.ole.com.ar\/boca-juniors\/boca-marco-pellegrino-desgarrado-revision-medica_0_auUxBzs30O.html\" target=\"_self\" title=\"en los estudios m\u00e9dicos que se le realizaron salt\u00f3 que tiene un desgarro\" alt=\"en los estudios m\u00e9dicos que se le realizaron salt\u00f3 que tiene un desgarro\" rel=\"noopener noreferrer\">en los estudios m\u00e9dicos que se le realizaron salt\u00f3 que tiene un desgarro<\/a><\/strong>, que por lo menos no le permitir\u00eda estar en la fase de grupos.<\/p>\n<\/div>\n<div class=\"sc-734b4696-1 kFfZtB\">\n<div class=\"sc-d00d9e74-0 hnHYbk\" type=\"embed\">\n<div class=\"sc-d00d9e74-1 iKVbz videoText\" id=\"contentTitleembedLFY1tG9D\" type=\"embed\"><svg fill=\"#ffffff\"><symbol id=\"play\" viewBox=\"0 0 512 512\"><path d=\"M512 256C512 397.4 397.4 512 256 512C114.6 512 0 397.4 0 256C0 114.6 114.6 0 256 0C397.4 0 512 114.6 512 256zM176 168V344C176 352.7 180.7 360.7 188.3 364.9C195.8 369.2 205.1 369 212.5 364.5L356.5 276.5C363.6 272.1 368 264.4 368 256C368 247.6 363.6 239.9 356.5 235.5L212.5 147.5C205.1 142.1 195.8 142.8 188.3 147.1C180.7 151.3 176 159.3 176 168V168z\" \/><\/symbol><use xlink:href=\"#play\" \/><\/svg><\/p>\n<div class=\"right\">\n<p>Boca Juniors<!-- --> &#8211; <span>&nbsp;<\/span><\/p>\n<h2 class=\"title-vid\">Marco Pellegrino, el primer refuerzo de Boca, se hizo la revisi\u00f3n m\u00e9dica este domingo<\/h2>\n<\/div>\n<\/div>\n<p><span class=\"back\" id=\"spanBackembedLFY1tG9D\"><\/span><\/div>\n<div class=\"JWvideoNota_title\">\n<p>Video: @bocanet12<\/p>\n<\/div>\n<\/div>\n<div class=\"sc-734b4696-1 kFfZtB\" readability=\"6.5\">\n<div class=\"sc-d00d9e74-0 hnHYbk\" type=\"embed\">\n<div class=\"sc-d00d9e74-1 iKVbz videoText\" id=\"contentTitleembedfjy9RnO9\" type=\"embed\"><svg fill=\"#ffffff\"><symbol id=\"play\" viewBox=\"0 0 512 512\"><path d=\"M512 256C512 397.4 397.4 512 256 512C114.6 512 0 397.4 0 256C0 114.6 114.6 0 256 0C397.4 0 512 114.6 512 256zM176 168V344C176 352.7 180.7 360.7 188.3 364.9C195.8 369.2 205.1 369 212.5 364.5L356.5 276.5C363.6 272.1 368 264.4 368 256C368 247.6 363.6 239.9 356.5 235.5L212.5 147.5C205.1 142.1 195.8 142.8 188.3 147.1C180.7 151.3 176 159.3 176 168V168z\" \/><\/symbol><use xlink:href=\"#play\" \/><\/svg><\/p>\n<div class=\"right\">\n<p>Marco Pellegrino<!-- --> &#8211; <span>&nbsp;<\/span><\/p>\n<h2 class=\"title-vid\">Malas noticias para Boca: Pellegrino est\u00e1 lesionado<\/h2>\n<\/div>\n<\/div>\n<p><span class=\"back\" id=\"spanBackembedfjy9RnO9\"><\/span><\/div>\n<div class=\"JWvideoNota_title\" readability=\"8\">\n<p>A trav\u00e9s de la revisi\u00f3n m\u00e9dica se confirm\u00f3 que el defensor se est\u00e1 recuperando de una lesi\u00f3n muscular.<\/p>\n<\/div>\n<\/div>\n<p><h2><strong>EL COMUNICADO COMPLETO DE HURAC\u00c1N<\/strong><\/h2>\n<\/p>\n<div class=\"custom-text \" readability=\"32\">\n<p><strong>Comunicado oficial: resarcimiento econ\u00f3mico por Marco Pellegrino<\/strong><\/p>\n<\/div>\n<div class=\"custom-text \" readability=\"37\">\n<p>El Club les informa a sus socios, socias e hinchas que por la operaci\u00f3n que Boca Juniors hizo con el Milan de Italia correspondiente a la compra del defensor, <strong>Hurac\u00e1n recibi\u00f3 la suma de 108.000.000 de pesos a modo de compensaci\u00f3n por haberlo liberado 20 d\u00edas antes de que finalizara su contrato.<\/strong><\/p>\n<\/div>\n<div class=\"custom-embedhtml\" readability=\"8.0284090909091\">\n<blockquote class=\"twitter-tweet\" readability=\"9.8125\">\n<p lang=\"es\" dir=\"ltr\">Comunicado oficial: resarcimiento econ\u00f3mico por Marco Pellegrino<\/p>\n<p>El Club les informa a sus socios, socias e hinchas que por la operaci\u00f3n que Boca Juniors hizo con el Milan de Italia correspondiente a la compra del defensor, Hurac\u00e1n recibi\u00f3 la suma de 108.000.000 de pesos a modo\u2026 <a href=\"https:\/\/t.co\/v2RKUuJE7k\">pic.twitter.com\/v2RKUuJE7k<\/a><\/p>\n<p>\u2014 CA Hurac\u00e1n (@CAHuracan) <a href=\"https:\/\/twitter.com\/CAHuracan\/status\/1932186647585595614?ref_src=twsrc%5Etfw\">June 9, 2025<\/a><\/p><\/blockquote><\/div>\n<div class=\"sc-a7166897-0 eoLsBE\" readability=\"6.5\">\n<section readability=\"3\"><picture><img alt=\"Russo, en sus primeras horas en Miami: &quot;El objetivo de Boca es llegar a lo m\u00e1s alto&quot;\" loading=\"lazy\" width=\"290\" height=\"290\" decoding=\"async\" data-nimg=\"1\" src=\"http:\/\/hoycordobaweb.com\/wp-content\/uploads\/2025\/06\/el-comunicado-de-huracan-sobre-pellegrino-que-involucra-a-boca-3.jpg\"><\/picture>\n<p><span>Mir\u00e1 tambi\u00e9n<\/span><\/p>\n<hr>\n<h3>Russo, en sus primeras horas en Miami: \u00abEl objetivo de Boca es llegar a lo m\u00e1s alto\u00bb<\/h3>\n<\/p>\n<\/section>\n<\/div>\n<div class=\"sc-a7166897-0 eoLsBE\" readability=\"7.5\">\n<section readability=\"5\"><picture><img alt=\"Scaloni: &quot;Messi titular&quot;, Mastantuono al Real Madrid, Paredes a Boca y la lista para el 2026\" loading=\"lazy\" width=\"290\" height=\"290\" decoding=\"async\" data-nimg=\"1\" src=\"http:\/\/hoycordobaweb.com\/wp-content\/uploads\/2025\/06\/el-comunicado-de-huracan-sobre-pellegrino-que-involucra-a-boca-4.jpg\"><\/picture>\n<p><span>Mir\u00e1 tambi\u00e9n<\/span><\/p>\n<hr>\n<h3>Scaloni: \u00abMessi titular\u00bb, Mastantuono al Real Madrid, Paredes a Boca y la lista para el 2026<\/h3>\n<\/p>\n<\/section>\n<\/div>\n<div class=\"sc-a7166897-0 eoLsBE\" readability=\"6.5\">\n<section readability=\"3\"><picture><img alt=\"Braida, confirmado: revisi\u00f3n y sus primeras palabras como jugador de Boca\" loading=\"lazy\" width=\"290\" height=\"290\" decoding=\"async\" data-nimg=\"1\" src=\"http:\/\/hoycordobaweb.com\/wp-content\/uploads\/2025\/06\/el-comunicado-de-huracan-sobre-pellegrino-que-involucra-a-boca-5.jpg\"><\/picture>\n<p><span>Mir\u00e1 tambi\u00e9n<\/span><\/p>\n<hr>\n<h3>Braida, confirmado: revisi\u00f3n y sus primeras palabras como jugador de Boca<\/h3>\n<\/p>\n<\/section>\n<\/div>\n<div class=\"sc-a7166897-0 eoLsBE\" readability=\"6.5\">\n<section readability=\"3\"><picture><img alt=\"Malas noticias para Boca: uno de sus refuerzos para el Mundial de Clubes est\u00e1 lesionado\" loading=\"lazy\" width=\"290\" height=\"290\" decoding=\"async\" data-nimg=\"1\" src=\"http:\/\/hoycordobaweb.com\/wp-content\/uploads\/2025\/06\/el-comunicado-de-huracan-sobre-pellegrino-que-involucra-a-boca-6.jpg\"><\/picture>\n<p><span>Mir\u00e1 tambi\u00e9n<\/span><\/p>\n<hr>\n<h3>Malas noticias para Boca: uno de sus refuerzos para el Mundial de Clubes est\u00e1 lesionado<\/h3>\n<\/p>\n<\/section>\n<\/div>\n<div class=\"sc-a7166897-0 eoLsBE\" readability=\"7\">\n<section readability=\"4\"><picture><img alt=\"Paredes a Boca: el contacto de Riquelme, la situaci\u00f3n con Roma y los tiempos para que llegue al Mundial de Clubes\" loading=\"lazy\" width=\"290\" height=\"290\" decoding=\"async\" data-nimg=\"1\" src=\"http:\/\/hoycordobaweb.com\/wp-content\/uploads\/2025\/06\/el-comunicado-de-huracan-sobre-pellegrino-que-involucra-a-boca-7.jpg\"><\/picture>\n<p><span>Mir\u00e1 tambi\u00e9n<\/span><\/p>\n<hr>\n<h3>Paredes a Boca: el contacto de Riquelme, la situaci\u00f3n con Roma y los tiempos para que llegue al Mundial de Clubes<\/h3>\n<\/p>\n<\/section>\n<\/div>\n<div class=\"sc-a7166897-0 eoLsBE\" readability=\"6\">\n<section readability=\"2\"><picture><img alt=\"La reacci\u00f3n de Cavani cuando le preguntaron por Cristiano Ronaldo y Boca\" loading=\"lazy\" width=\"290\" height=\"290\" decoding=\"async\" data-nimg=\"1\" src=\"http:\/\/hoycordobaweb.com\/wp-content\/uploads\/2025\/06\/el-comunicado-de-huracan-sobre-pellegrino-que-involucra-a-boca-8.jpg\"><\/picture>\n<p><span>Mir\u00e1 tambi\u00e9n<\/span><\/p>\n<hr>\n<h3>La reacci\u00f3n de Cavani cuando le preguntaron por Cristiano Ronaldo y Boca<\/h3>\n<\/p>\n<\/section>\n<\/div>\n<div class=\"sc-a7166897-0 eoLsBE\" readability=\"7\">\n<section readability=\"4\"><picture><img alt=\"La especial despedida de Ayrton Costa al plantel de Boca, con un mensaje&nbsp;de&nbsp;esperanza\" loading=\"lazy\" width=\"290\" height=\"290\" decoding=\"async\" data-nimg=\"1\" src=\"http:\/\/hoycordobaweb.com\/wp-content\/uploads\/2025\/06\/el-comunicado-de-huracan-sobre-pellegrino-que-involucra-a-boca-9.jpg\"><\/picture>\n<p><span>Mir\u00e1 tambi\u00e9n<\/span><\/p>\n<hr>\n<h3>La especial despedida de Ayrton Costa al plantel de Boca, con un mensaje&nbsp;de&nbsp;esperanza<\/h3>\n<\/p>\n<\/section>\n<\/div>\n<\/div>\n","protected":false},"excerpt":{"rendered":"<p>09\/06\/2025 18:46hs. Marco Pellegrino ya es uno de los dos refuerzos de Boca junto a Malcom Braida. Sin embargo, para que se terminara de cerrar su llegada al club restaba un detalle, que se hizo oficial este lunes por la tarde cuando Hurac\u00e1n lanz\u00f3 un comunicado oficial en sus redes sociales. \u00bfDe qu\u00e9 se trata? [&hellip;]<\/p>\n","protected":false},"author":1,"featured_media":107615,"comment_status":"open","ping_status":"closed","sticky":false,"template":"","format":"standard","meta":[],"categories":[16],"tags":[],"_links":{"self":[{"href":"http:\/\/hoycordobaweb.com\/index.php\/wp-json\/wp\/v2\/posts\/107614"}],"collection":[{"href":"http:\/\/hoycordobaweb.com\/index.php\/wp-json\/wp\/v2\/posts"}],"about":[{"href":"http:\/\/hoycordobaweb.com\/index.php\/wp-json\/wp\/v2\/types\/post"}],"author":[{"embeddable":true,"href":"http:\/\/hoycordobaweb.com\/index.php\/wp-json\/wp\/v2\/users\/1"}],"replies":[{"embeddable":true,"href":"http:\/\/hoycordobaweb.com\/index.php\/wp-json\/wp\/v2\/comments?post=107614"}],"version-history":[{"count":0,"href":"http:\/\/hoycordobaweb.com\/index.php\/wp-json\/wp\/v2\/posts\/107614\/revisions"}],"wp:featuredmedia":[{"embeddable":true,"href":"http:\/\/hoycordobaweb.com\/index.php\/wp-json\/wp\/v2\/media\/107615"}],"wp:attachment":[{"href":"http:\/\/hoycordobaweb.com\/index.php\/wp-json\/wp\/v2\/media?parent=107614"}],"wp:term":[{"taxonomy":"category","embeddable":true,"href":"http:\/\/hoycordobaweb.com\/index.php\/wp-json\/wp\/v2\/categories?post=107614"},{"taxonomy":"post_tag","embeddable":true,"href":"http:\/\/hoycordobaweb.com\/index.php\/wp-json\/wp\/v2\/tags?post=107614"}],"curies":[{"name":"wp","href":"https:\/\/api.w.org\/{rel}","templated":true}]}}