{"id":107612,"date":"2025-06-09T21:46:57","date_gmt":"2025-06-09T21:46:57","guid":{"rendered":"https:\/\/www.ole.com.ar\/tenis\/alexander-zverev-mal-momento-excusas-roland-garros_0_lOT82Q3rJX.html"},"modified":"2025-06-09T21:46:57","modified_gmt":"2025-06-09T21:46:57","slug":"la-extrana-cantidad-de-excusas-que-puso-alexander-zverev-en-un-flojo-2025","status":"publish","type":"post","link":"http:\/\/hoycordobaweb.com\/index.php\/2025\/06\/09\/la-extrana-cantidad-de-excusas-que-puso-alexander-zverev-en-un-flojo-2025\/","title":{"rendered":"La extra\u00f1a cantidad de excusas que puso Alexander Zverev en un flojo 2025"},"content":{"rendered":"<p><img src=\"http:\/\/hoycordobaweb.com\/wp-content\/uploads\/2025\/06\/la-extrana-cantidad-de-excusas-que-puso-alexander-zverev-en-un-flojo-2025.jpg\"><\/p>\n<p><time class=\"createDate\" datetime=\"2025-06-09T18:46:57-03:00\">09\/06\/2025 18:46hs.<\/time><\/p>\n<div id=\"storyBody\">\n<div class=\"custom-text \" readability=\"35.35652173913\">\n<p>En las instancias grandes, siendo la m\u00e1s reciente Roland Garros, hay una figura que no est\u00e1 apareciendo:<strong> <a href=\"https:\/\/www.ole.com.ar\/tema\/alexander-zverev.html\" title=\"Alexander Zverev\" alt=\"Alexander Zverev\" class=\"slug\">Alexander Zverev<\/a> (3\u00b0)<\/strong>, que en este 2025 levant\u00f3 el ATP 500 de M\u00fanich y poco m\u00e1s. Pero, \u00bfa qu\u00e9 se debe su mal momento?<\/p>\n<\/div>\n<div class=\"custom-text \" readability=\"39\">\n<p>Desde muy pibe, Sascha fue visto como un tenista con potencial para ganar un<strong> Grand Slam<\/strong>. Estuvo cerca en varias ocasiones (tres, para ser exactos), pero no pas\u00f3 de eso: cay\u00f3 frente a Dominic Thiem en la final del<strong> US Open 2020<\/strong>, Carlos Alcaraz en la de <strong>Roland Garros 2024<\/strong> y Jannik Sinner en la del<strong> Australian Open 2025<\/strong>. <\/p>\n<\/div>\n<div class=\"sc-e7b891c4-0 ifHnQL image-embed\"><img alt=\"Nole sac\u00f3 a Zverev este mi\u00e9rcoles. (EFE)\" loading=\"lazy\" width=\"720\" height=\"100\" decoding=\"async\" data-nimg=\"1\" src=\"http:\/\/hoycordobaweb.com\/wp-content\/uploads\/2025\/06\/la-extrana-cantidad-de-excusas-que-puso-alexander-zverev-en-un-flojo-2025-2.jpg\"><span class=\"epigraphe\">Nole sac\u00f3 a Zverev este mi\u00e9rcoles. (EFE)<\/span><\/div>\n<div class=\"custom-text \" readability=\"34\">\n<p>Una de las cosas que se le reprochan a este gigante de 28 a\u00f1os es su <strong>falta de autocr\u00edtica<\/strong>: se le hizo muy com\u00fan en la gira de polvo de ladrillo europea excusarse y echar culpas a factores externos. \u00bfEs tan as\u00ed? A hacer un repaso&#8230;<\/p>\n<\/div>\n<p><h2>Las excusas de Zverev tras cada derrota<\/h2>\n<\/p>\n<div class=\"custom-text \" readability=\"35\">\n<p>Despu\u00e9s de la final del<strong> Abierto de Australia<\/strong> en la que cay\u00f3 ante <strong>Sinner<\/strong>, Sascha acept\u00f3 su derrota y admiti\u00f3 la superioridad que impuso el tano sobre \u00e9l. Pero esa fue <strong>una de las \u00faltimas veces en las que le reconoci\u00f3 el triunfo al rival <\/strong>en un post-partido&#8230;<\/p>\n<\/div>\n<div class=\"sc-e7b891c4-0 ifHnQL image-embed\"><img alt=\"Zverev estuvo a un pasito de levantar el Abierto de Australia en enero. (EFE)\" loading=\"lazy\" width=\"720\" height=\"100\" decoding=\"async\" data-nimg=\"1\" src=\"http:\/\/hoycordobaweb.com\/wp-content\/uploads\/2025\/06\/la-extrana-cantidad-de-excusas-que-puso-alexander-zverev-en-un-flojo-2025-3.jpg\"><span class=\"epigraphe\">Zverev estuvo a un pasito de levantar el Abierto de Australia en enero. (EFE)<\/span><\/div>\n<div class=\"custom-text \" readability=\"41\">\n<p>En la gira sudamericana, disput\u00f3 el<strong> ATP 250 de Buenos Aires y el ATP 500 de R\u00edo<\/strong> y cay\u00f3 en los cuartos en ambas competencias, contra <strong>Francisco Cer\u00fandolo y<\/strong> <strong>Francisco Comesa\u00f1a<\/strong>,<strong> <\/strong>respectivamente. Posteriormente, empezaron las excusas. Sobre el torneo argentino, dijo que <strong>no pudo competir al 100% por una intoxicaci\u00f3n<\/strong>, y en Brasil le ech\u00f3 la culpa <strong>al calor y la humedad<\/strong>&#8230;<\/p>\n<\/div>\n<div class=\"custom-text \" readability=\"41\">\n<p>Luego, en <strong>Acapulco<\/strong>, otra vez fue derrotado sorpresivamente, esta vez en la segunda ronda ante Learner Tien. \u00ab<strong>Muchos jugadores se enfermaron en Acapulco. <\/strong>Hab\u00eda superado un partido dif\u00edcil (ante Matteo Arnaldi en primera) y pod\u00eda llegar lejos. Pero <strong>esa noche me golpe\u00f3<\/strong>, igual que a varios de los otros chicos\u00bb. Otra vez, no fue por su nivel, sino por un malestar en su cuerpo.<\/p>\n<\/div>\n<div class=\"sc-e7b891c4-0 ifHnQL image-embed\"><img alt=\"Zverev, con poco filo en la gira. (REUTER)\" loading=\"lazy\" width=\"720\" height=\"100\" decoding=\"async\" data-nimg=\"1\" src=\"http:\/\/hoycordobaweb.com\/wp-content\/uploads\/2025\/06\/la-extrana-cantidad-de-excusas-que-puso-alexander-zverev-en-un-flojo-2025-4.jpg\"><span class=\"epigraphe\">Zverev, con poco filo en la gira. (REUTER)<\/span><\/div>\n<div class=\"custom-text \" readability=\"38\">\n<p>En el <strong>Sunshine Double<\/strong> -como se conoce a los Masters de Indian Wells y Miami- y en <strong>Montecarlo<\/strong>, el alem\u00e1n pudo ser autocr\u00edtico y <strong>admitir los errores que cometi\u00f3 en la gira<\/strong>: \u00abEstoy perdiendo muchos partidos en los que estaba en posici\u00f3n de ganar. <strong>Tengo que cambiarlo<\/strong>\u00ab. Despu\u00e9s de eso, levant\u00f3 el <strong>ATP 500 de M\u00fanich<\/strong> y parec\u00eda que pod\u00eda remontar en su gira de polvo de ladrillo, pero no fue as\u00ed y volvieron las explicaciones&#8230;<\/p>\n<\/div>\n<div class=\"custom-text \" readability=\"37\">\n<p>En <strong>Madrid <\/strong>cay\u00f3 nuevamente contra<strong> Cer\u00fandolo <\/strong>en octavos, y esta vez su queja fue por una decisi\u00f3n del umpire: <strong>el juez le convalid\u00f3 un ace a Fran que provoc\u00f3 la molestia de Zverev<\/strong>. Desde ah\u00ed, perdi\u00f3 la cabeza y el partido, y al final del encuentro us\u00f3 ese momento como excusa.<\/p>\n<\/div>\n<div class=\"sc-e7b891c4-0 ifHnQL image-embed\"><img alt=\"Cer\u00fandolo fue verdugo del teut\u00f3n dos veces en 2025. (AP)\" loading=\"lazy\" width=\"720\" height=\"100\" decoding=\"async\" data-nimg=\"1\" src=\"http:\/\/hoycordobaweb.com\/wp-content\/uploads\/2025\/06\/la-extrana-cantidad-de-excusas-que-puso-alexander-zverev-en-un-flojo-2025-5.jpg\"><span class=\"epigraphe\">Cer\u00fandolo fue verdugo del teut\u00f3n dos veces en 2025. (AP)<\/span><\/div>\n<div class=\"custom-text \" readability=\"43\">\n<p>La semana siguiente, en <strong>Roma<\/strong>, perdi\u00f3 frente al local <strong>Lorenzo Musetti<\/strong>, al que tild\u00f3 de ser demasiado defensivo: \u00abJuega igual siempre en esta superficie (Musetti), depende de errores del rival\u00bb. Adem\u00e1s, se quej\u00f3 de las pelotas que les dio la organizaci\u00f3n. \u201c<strong>Las pelotas fueron un desastre, demasiado grandes. <\/strong>No pod\u00eda conectar golpes ganadores, la pelota no sal\u00eda despedida\u201d, reclam\u00f3.<\/p>\n<\/div>\n<div class=\"custom-text \" readability=\"41\">\n<p>Antes de llegar a <strong>Roland Garros<\/strong>, Sascha fue a probar su nivel en el <strong>ATP 500 de Hamburgo<\/strong>, como local absoluto y primer preclasificado, pero fue eliminado en segunda ronda ante <strong>Aleksandar Kovacevic<\/strong>. Esta vez, despu\u00e9s del encuentro declar\u00f3: \u201c<strong>Vomit\u00e9 37 veces y tuve 39,4 grados de fiebre a la noche<\/strong>\u00ab, aunque agreg\u00f3 que \u00abno es una excusa\u00bb.<\/p>\n<\/div>\n<div class=\"sc-e7b891c4-0 ifHnQL image-embed\"><img alt=\"Sascha, de muchas frustraciones en esta temporada. (REUTER)\" loading=\"lazy\" width=\"720\" height=\"100\" decoding=\"async\" data-nimg=\"1\" src=\"http:\/\/hoycordobaweb.com\/wp-content\/uploads\/2025\/06\/la-extrana-cantidad-de-excusas-que-puso-alexander-zverev-en-un-flojo-2025-6.jpg\"><span class=\"epigraphe\">Sascha, de muchas frustraciones en esta temporada. (REUTER)<\/span><\/div>\n<div class=\"custom-text \" readability=\"39.217391304348\">\n<p>El mi\u00e9rcoles, <strong><a href=\"https:\/\/www.ole.com.ar\/tema\/novak-djokovic.html\" title=\"Novak Djokovic\" alt=\"Novak Djokovic\" class=\"slug\">Novak Djokovic<\/a> (6\u00b0)<\/strong> lo elimin\u00f3 de <strong>Roland Garros <\/strong>por 4-6, 6-3, 6-2 y 6-4 y nuevamente culp\u00f3 a las condiciones clim\u00e1ticas. \u00ab<strong>Hac\u00eda mucho fr\u00edo, eso hizo que la velocidad de mi saque no fuera especialmente alta<\/strong>\u00ab, dijo tras su encuentro con Nole, siendo que su saque es uno de los m\u00e1s temidos del circuito.<\/p>\n<\/div>\n<div class=\"sc-e7b891c4-0 ifHnQL image-embed\"><img alt=\"El alem\u00e1n, sobrado de talento... y de excusas. (AP)\" loading=\"lazy\" width=\"720\" height=\"100\" decoding=\"async\" data-nimg=\"1\" src=\"http:\/\/hoycordobaweb.com\/wp-content\/uploads\/2025\/06\/la-extrana-cantidad-de-excusas-que-puso-alexander-zverev-en-un-flojo-2025-7.jpg\"><span class=\"epigraphe\">El alem\u00e1n, sobrado de talento&#8230; y de excusas. (AP)<\/span><\/div>\n<p><h2>Lo pr\u00f3ximo en el calendario de Zverev<\/h2>\n<\/p>\n<div class=\"custom-text \" readability=\"39\">\n<p>Al alem\u00e1n le toca dar vuelta la p\u00e1gina, llevarse lo bueno de la gira y pensar en la competencia en c\u00e9sped. Para arrancar, tendr\u00e1 la chance de empezar a hacerse fuerte doblemente como local, en el <strong>ATP 250 de Stuttgart<\/strong> -del 9 al 15 de junio- y en el<strong> ATP 500 de Halle<\/strong> -del 16 al 22 de junio-. Despu\u00e9s, competir\u00e1 en <strong>Wimbledon<\/strong> buscando levantar su primer Major.<\/p>\n<\/div>\n<div class=\"custom-text \" readability=\"37\">\n<p>\u00ab<strong>No quiero terminar mi carrera siendo el mejor tenista de todos los tiempos que nunca gan\u00f3 un Grand Slam<\/strong>. Har\u00e9 todo lo que pueda para terminar alzando uno de esos trofeos\u00bb, dec\u00eda <strong>Zverev <\/strong>despu\u00e9s de perder con Sinner a principio de a\u00f1o. El talento no le falta, y demostr\u00f3 que tiene las capacidades y virtudes de juego necesarias para levantar un Grand Slam. No hay excusas&#8230;<\/p>\n<\/div>\n<div class=\"sc-e7b891c4-0 ifHnQL image-embed\"><img alt=\"Sascha deber\u00e1 ponerse a tiro para pelear en Wimbledon. (EFE)\" loading=\"lazy\" width=\"720\" height=\"100\" decoding=\"async\" data-nimg=\"1\" src=\"http:\/\/hoycordobaweb.com\/wp-content\/uploads\/2025\/06\/la-extrana-cantidad-de-excusas-que-puso-alexander-zverev-en-un-flojo-2025-8.jpg\"><span class=\"epigraphe\">Sascha deber\u00e1 ponerse a tiro para pelear en Wimbledon. (EFE)<\/span><\/div>\n<div class=\"sc-a7166897-0 eoLsBE\" readability=\"6.5\">\n<section readability=\"3\"><picture><img alt=\"Cu\u00e1ndo se juega y c\u00f3mo ver la semifinal de Roland Garros entre Jannik Sinner y Novak Djokovic\" loading=\"lazy\" width=\"290\" height=\"290\" decoding=\"async\" data-nimg=\"1\" src=\"http:\/\/hoycordobaweb.com\/wp-content\/uploads\/2025\/06\/la-extrana-cantidad-de-excusas-que-puso-alexander-zverev-en-un-flojo-2025-9.jpg\"><\/picture>\n<p><span>Mir\u00e1 tambi\u00e9n<\/span><\/p>\n<hr>\n<h3>Cu\u00e1ndo se juega y c\u00f3mo ver la semifinal de Roland Garros entre Jannik Sinner y Novak Djokovic<\/h3>\n<\/p>\n<\/section>\n<\/div>\n<div class=\"sc-a7166897-0 eoLsBE\" readability=\"6.5\">\n<section readability=\"3\"><picture><img alt=\"Victoria y clasificaci\u00f3n a la final: Horacio Zeballos va por el t\u00edtulo en dobles de Roland Garros\" loading=\"lazy\" width=\"290\" height=\"290\" decoding=\"async\" data-nimg=\"1\" src=\"http:\/\/hoycordobaweb.com\/wp-content\/uploads\/2025\/06\/la-extrana-cantidad-de-excusas-que-puso-alexander-zverev-en-un-flojo-2025-10.jpg\"><\/picture>\n<p><span>Mir\u00e1 tambi\u00e9n<\/span><\/p>\n<hr>\n<h3>Victoria y clasificaci\u00f3n a la final: Horacio Zeballos va por el t\u00edtulo en dobles de Roland Garros<\/h3>\n<\/p>\n<\/section>\n<\/div>\n<div class=\"sc-a7166897-0 eoLsBE\" readability=\"7.5\">\n<section readability=\"5\"><picture><img alt=\"Hist\u00f3rico: Lois Boisson, la n\u00famero 361 del ranking, est\u00e1 en semifinales del Roland Garros\" loading=\"lazy\" width=\"290\" height=\"290\" decoding=\"async\" data-nimg=\"1\" src=\"http:\/\/hoycordobaweb.com\/wp-content\/uploads\/2025\/06\/la-extrana-cantidad-de-excusas-que-puso-alexander-zverev-en-un-flojo-2025-11.jpg\"><\/picture>\n<p><span>Mir\u00e1 tambi\u00e9n<\/span><\/p>\n<hr>\n<h3>Hist\u00f3rico: Lois Boisson, la n\u00famero 361 del ranking, est\u00e1 en semifinales del Roland Garros<\/h3>\n<\/p>\n<\/section>\n<\/div>\n<\/div>\n","protected":false},"excerpt":{"rendered":"<p>09\/06\/2025 18:46hs. En las instancias grandes, siendo la m\u00e1s reciente Roland Garros, hay una figura que no est\u00e1 apareciendo: Alexander Zverev (3\u00b0), que en este 2025 levant\u00f3 el ATP 500 de M\u00fanich y poco m\u00e1s. Pero, \u00bfa qu\u00e9 se debe su mal momento? Desde muy pibe, Sascha fue visto como un tenista con potencial para [&hellip;]<\/p>\n","protected":false},"author":1,"featured_media":107613,"comment_status":"open","ping_status":"closed","sticky":false,"template":"","format":"standard","meta":[],"categories":[16],"tags":[],"_links":{"self":[{"href":"http:\/\/hoycordobaweb.com\/index.php\/wp-json\/wp\/v2\/posts\/107612"}],"collection":[{"href":"http:\/\/hoycordobaweb.com\/index.php\/wp-json\/wp\/v2\/posts"}],"about":[{"href":"http:\/\/hoycordobaweb.com\/index.php\/wp-json\/wp\/v2\/types\/post"}],"author":[{"embeddable":true,"href":"http:\/\/hoycordobaweb.com\/index.php\/wp-json\/wp\/v2\/users\/1"}],"replies":[{"embeddable":true,"href":"http:\/\/hoycordobaweb.com\/index.php\/wp-json\/wp\/v2\/comments?post=107612"}],"version-history":[{"count":0,"href":"http:\/\/hoycordobaweb.com\/index.php\/wp-json\/wp\/v2\/posts\/107612\/revisions"}],"wp:featuredmedia":[{"embeddable":true,"href":"http:\/\/hoycordobaweb.com\/index.php\/wp-json\/wp\/v2\/media\/107613"}],"wp:attachment":[{"href":"http:\/\/hoycordobaweb.com\/index.php\/wp-json\/wp\/v2\/media?parent=107612"}],"wp:term":[{"taxonomy":"category","embeddable":true,"href":"http:\/\/hoycordobaweb.com\/index.php\/wp-json\/wp\/v2\/categories?post=107612"},{"taxonomy":"post_tag","embeddable":true,"href":"http:\/\/hoycordobaweb.com\/index.php\/wp-json\/wp\/v2\/tags?post=107612"}],"curies":[{"name":"wp","href":"https:\/\/api.w.org\/{rel}","templated":true}]}}