{"id":107526,"date":"2025-06-09T10:05:50","date_gmt":"2025-06-09T10:05:50","guid":{"rendered":"https:\/\/www.mujerhoy.com\/moda\/no-te-pierdas\/alejandra-silva-impacta-cambio-look-traje-azul-20250609120550-nt.html"},"modified":"2025-06-09T10:05:50","modified_gmt":"2025-06-09T10:05:50","slug":"alejandra-silva-impacta-con-su-cambio-de-look-y-un-traje-azul-impecable","status":"publish","type":"post","link":"http:\/\/hoycordobaweb.com\/index.php\/2025\/06\/09\/alejandra-silva-impacta-con-su-cambio-de-look-y-un-traje-azul-impecable\/","title":{"rendered":"Alejandra Silva impacta con su cambio de look y un traje azul impecable"},"content":{"rendered":"<p><!-- AUTHOR --><\/p>\n<div class=\"voc-author-timesocial \">\n<!-- AUTHOR --><\/p>\n<div class=\"voc-author-timesocial__signature \">\n<!-- IMAGE AUTHOR -->\n<picture class=\"voc-image-signature\">\n<img class=\"voc-image-signature__img\" src=\"http:\/\/hoycordobaweb.com\/wp-content\/uploads\/2025\/06\/alejandra-silva-impacta-con-su-cambio-de-look-y-un-traje-azul-impecable.jpg\" alt=\"Carla Dom\u00ednguez\">\n<\/picture>\n<!-- INFO AUTHOR --> <\/div><\/div>\n<p><!-- COMPONENTS --><\/p>\n<p class=\"voc-paragraph\">Comienza la semana y tambi\u00e9n numerosos actos p\u00fablicos. El primero de ellos lo ha presidido <a href=\"https:\/\/www.mujerhoy.com\/moda\/no-te-pierdas\/reina-letizia-guapisima-look-nuevo-estrena-vestido-blanco-20250609111123-nt.html\" data-voc-vtm-id=\"in-text-traffic\" title=\"la reina Letizia\" data-mrf-link=\"www.mujerhoy.com\">la reina Letizia<\/a>, quien se ha trasladado a la localidad madrile\u00f1a de Boadilla del Monte para presidir la clausura de la convocatoria anual de &#8216;Euros de tu n\u00f3mina&#8217;, una iniciativa de <strong>Banco Santander<\/strong> para impulsar proyectos que mejoran la sociedad.<\/p>\n<p class=\"voc-paragraph\">Pero la reina Letizia no ha estado sola en este evento. Tambi\u00e9n le han acompa\u00f1ado otros rostros conocidos como <strong>Yolanda D\u00edaz<\/strong> o el famoso actor estadounidense <a href=\"https:\/\/www.mujerhoy.com\/celebrities\/richard-gere-alejandra-silva-amigos-espanoles-famosos-ricos-20250222135453-nt.html\" data-voc-vtm-id=\"in-text-traffic\" title=\"Richard Gere junto a su mujer Alejandra Silva\" data-mrf-link=\"www.mujerhoy.com\">Richard Gere junto a su mujer Alejandra Silva<\/a>, quien ha impactado con su espectacular traje azul.<\/p>\n<div class=\"v-c-cmp v-c-cmp--t1 \">\n<div class=\"v-cmp-rld v-cmp-rld--2 \">\n<div class=\"v-cnt-m v-cnt-m--m\">\n<div class=\"v-cnt-m__c\">\n<div class=\"v-cnt-m__w v-cnt-m__w--1\">\n<p class=\"v-cnt-m__t\">\nTAMBI\u00c9N TE INTERESA\n<\/p>\n<\/div>\n<\/div>\n<\/div>\n<div class=\"v-g v-g--2-c v-g--bdr-min-xs\">\n<div class=\"v-g__c \">\n<article class=\"v-a v-a--cmp-rld v-a--cmp-rld-2 v-a--p-l\">\n<div class=\"v-a-img-c\">\n<figure class=\"v-a-fig\">\n<a href=\"https:\/\/www.mujerhoy.com\/moda\/no-te-pierdas\/letizia-look-primavera-vestido-bottega-veneta-premios-asociacion-prensa-mjadrid-20250520175141-nt.html#vtm_modulosEngag=mod-rel:moda:noticia:1:cmp:2-not\" class=\"v-a-link\" title=\"La reina Letizia rescata su vestido de Bottega Veneta favorito para la primavera: en un color azul que le favorece a los ojos\"><br \/>\n<img loading=\"lazy\" class=\"v-a-img\" src=\"http:\/\/hoycordobaweb.com\/wp-content\/uploads\/2025\/06\/alejandra-silva-impacta-con-su-cambio-de-look-y-un-traje-azul-impecable-1.jpg\" alt=\"La reina Letizia rescata su vestido de Bottega Veneta favorito para la primavera: en un color azul que le favorece a los ojos\"><br \/>\n<\/a><br \/>\n<\/figure>\n<\/div>\n<\/article>\n<\/div>\n<div class=\"v-g__c \">\n<article class=\"v-a v-a--cmp-rld v-a--cmp-rld-2 v-a--p-l\">\n<div class=\"v-a-img-c\">\n<figure class=\"v-a-fig\">\n<a href=\"https:\/\/www.mujerhoy.com\/moda\/no-te-pierdas\/reina-letizia-estrena-pantalones-marineros-efecto-estilizador-murcia-20250514122401-nt.html#vtm_modulosEngag=mod-rel:moda:noticia:2:cmp:2-not\" class=\"v-a-link\" title=\"La reina Letizia estrena en Murcia unos pantalones marineros perfectos para primavera: efecto estilizador y de su nueva firma favorita\"><br \/>\n<img loading=\"lazy\" class=\"v-a-img\" src=\"http:\/\/hoycordobaweb.com\/wp-content\/uploads\/2025\/06\/alejandra-silva-impacta-con-su-cambio-de-look-y-un-traje-azul-impecable-2.jpg\" alt=\"La reina Letizia estrena en Murcia unos pantalones marineros perfectos para primavera: efecto estilizador y de su nueva firma favorita\"><br \/>\n<\/a><br \/>\n<\/figure>\n<\/div>\n<\/article>\n<\/div>\n<\/div>\n<\/div>\n<\/div>\n<p><h3 class=\"v-cmp-suh\">\nRichard Gere y Alejandra Silva, invitados de honor<br \/>\n<\/h3>\n<\/p>\n<p class=\"voc-paragraph\">Hace ya unos meses que <strong>el actor Richard Gere<\/strong> dio el paso de abandonar Estados Unidos para establecerse en Espa\u00f1a. Una decisi\u00f3n que tom\u00f3 junto a su mujer, la publicista gallega Alejandra Silva. Junto a sus dos hijos, y el hijo del anterior matrimonio de la gallega, la pareja se ha instalado en Madrid.<\/p>\n<p class=\"voc-paragraph\">Esto ha hecho que el actor est\u00e9 cada vez m\u00e1s presente en numerosos actos y coincida tambi\u00e9n con otros rostros conocidos tanto del mundo del cine como incluso con la reina Letizia. Es lo que le ha pasado este lunes, donde la pareja no ha querido perderse <strong>la convocatoria anual de &#8216;Euros de tu n\u00f3mina&#8217;.<\/strong><\/p>\n<p class=\"voc-paragraph\">El actor estadounidense \u2014presidente de The Gere Foundation\u2014 asisti\u00f3 junto con su esposa, la espa\u00f1ola Alejandra Silva, <strong>como patronos de HOGAR S\u00ed,<\/strong> una de las entidades reconocidas este a\u00f1o que cuyo prop\u00f3sito prop\u00f3sito est\u00e1 centrada en dar visbiliad a las personas sin hogar del pa\u00eds. Gere intervino en la convocatoria y subray\u00f3 la importancia de \u00abconvertir la empat\u00eda en acci\u00f3n\u00bb.<\/p>\n<p class=\"voc-paragraph\">El actor y su esposa<strong> llevan vinculados a la causa desde 2015<\/strong> como embajadores. El 5 de abril de 2024 se incorporaron oficialmente al Patronato de HOGAR S\u00cd para reforzar la visibilidad internacional de la organizaci\u00f3n y acelerar la captaci\u00f3n de fondos.<\/p>\n<p class=\"voc-paragraph\">Su mujer tambi\u00e9n quiso acompa\u00f1arlo a <strong>este acto celebrado en Madrid <\/strong>para agradecer el apoyo del banco. Ambos, muy cercanos y cari\u00f1osos durante el acto, saludaron al p\u00fablico y compartieron evento junto la vicepresidenta segunda, Yolanda D\u00edaz y la reina Letizia.<\/p>\n<p><h3 class=\"v-cmp-suh\">\nAlejandra Silva sorprende con melena a capas y traje impecable en azul<br \/>\n<\/h3>\n<\/p>\n<p class=\"voc-paragraph\">Silva ha querido inspirarse en la monarca para su \u00faltima aparici\u00f3n p\u00fablica. La mujer del conocido actor no ha dudado en lucir uno de los conjuntos que m\u00e1s suele llevarl reina Letizia: el traje. Un traje en color azul compuesto por <strong>blazer fluida de manga larga y pantalones a juego.<\/strong><\/p>\n<p class=\"voc-paragraph\">Un dos piezas muy favorecedor que Silva ha querido acompa\u00f1ar de un cl\u00e1sico como es una camisa de color blanco. <strong>Una pieza de fondo de armario<\/strong> que funciona en cualquier evento y que sienta de maravilla cuando se combina con piezas de traje. Adem\u00e1s, a\u00f1ade un plus de elegancia al estilismo.<\/p>\n<div class=\"v-c-cmp \">\n<div class=\"v-cmp-m v-cmp-m--t1\">\n<article class=\"v-a v-a--cmp-m v-c-cmp--m-p\">\n<div class=\"v-a-img-c v-a-img-c--fw-xs\">\n<div class=\"v-a-fig\">\n<div class=\"v-a-link\">\n<img loading=\"lazy\" src=\"http:\/\/hoycordobaweb.com\/wp-content\/uploads\/2025\/06\/alejandra-silva-impacta-con-su-cambio-de-look-y-un-traje-azul-impecable-3.jpg\" class=\"v-a-img\" width=\"650\" height=\"975\" alt=\"Richard Gere y Alejandra Silva en la Convocatoria anual de Euros de tu n\u00f3mina celebrada en Madrid.\" data-voc-vtm-id=\"in-text-traffic\">\n<\/div><figcaption class=\"v-fc\">\n<span class=\"v-fc__t\"><br \/>\nRichard Gere y Alejandra Silva en la Convocatoria anual de Euros de tu n\u00f3mina celebrada en Madrid.<br \/>\n<\/span><br \/>\n<span class=\"v-fc__p\"><br \/>\nlimited pictures<br \/>\n<\/span><br \/>\n<\/figcaption><\/div>\n<\/div>\n<\/article>\n<\/div>\n<\/div>\n<p class=\"voc-paragraph\">Un detalle que no ha pasado desapercibido del look de Alejandra Silva son los zapatos. Se trata de <strong>unos salones en color blanco,<\/strong> a juego con la camisa, con detalle de acabado en punta y tac\u00f3n finito. El zapato de tac\u00f3n cuenta con unos peque\u00f1os detalles de piedras en la parte delantera. Tampoco falt\u00f3 <\/p>\n<p class=\"voc-paragraph\">Tampoco falta detalle en su look beauty. La mujer de Richard Gere quiso aprovechar su aparici\u00f3n para mostrar un peque\u00f1 cambio de look en su melena. Cuenta con algunas<strong> mechas rubias<\/strong> que le aportan algo m\u00e1s de luminosidad al rostro, flequillo y <strong>corte a capas<\/strong> que le proporciona volumen y un aspecto m\u00e1s juvenil.<\/p>\n<p class=\"voc-paragraph\">En cuanto al maquillaje, apost\u00f3 por unos ojos ahumados en tonos marrones muy suaves. Para los labios a\u00f1adi\u00f3 un cl\u00e1sico que nunca falla: un color rosado con un toque de brillo muy sutil. En cuanto a la manicura, no quiso robar m\u00e1s protagonismo al traje prefiri\u00f3 elegir <strong>unas u\u00f1as en color nude sencillas.<\/strong><\/p>\n<div class=\"v-c-cmp v-c-cmp--t1 \">\n<div class=\"v-cmp-rld v-cmp-rld--2 \">\n<div class=\"v-cnt-m v-cnt-m--m\">\n<div class=\"v-cnt-m__c\">\n<div class=\"v-cnt-m__w v-cnt-m__w--1\">\n<p class=\"v-cnt-m__t\">\nTAMBI\u00c9N TE INTERESA\n<\/p>\n<\/div>\n<\/div>\n<\/div>\n<div class=\"v-g v-g--2-c v-g--bdr-min-xs\">\n<div class=\"v-g__c \">\n<article class=\"v-a v-a--cmp-rld v-a--cmp-rld-2 v-a--p-l\">\n<div class=\"v-a-img-c\">\n<figure class=\"v-a-fig\">\n<a href=\"https:\/\/www.mujerhoy.com\/celebrities\/richard-gere-casa-madrid-exclusiva-lujo-moraleja-20240911163333-nt.html#vtm_modulosEngag=mod-rel:moda:noticia:1:cmp:2-not\" class=\"v-a-link\" title=\"La nueva casa de Richard Gere y Alejandra Silva en Madrid: lujo, seguridad y 3,5 millones de euros\"><br \/>\n<img loading=\"lazy\" class=\"v-a-img\" src=\"http:\/\/hoycordobaweb.com\/wp-content\/uploads\/2025\/06\/alejandra-silva-impacta-con-su-cambio-de-look-y-un-traje-azul-impecable-4.jpg\" alt=\"La nueva casa de Richard Gere y Alejandra Silva en Madrid: lujo, seguridad y 3,5 millones de euros\"><br \/>\n<\/a><br \/>\n<\/figure>\n<\/div>\n<\/article>\n<\/div>\n<div class=\"v-g__c \">\n<article class=\"v-a v-a--cmp-rld v-a--cmp-rld-2 v-a--p-l\">\n<div class=\"v-a-img-c\">\n<figure class=\"v-a-fig\">\n<a href=\"https:\/\/www.mujerhoy.com\/celebrities\/richard-gere-goya-2025-alejandra-silva-casa-madrid-churros-20250131113858-nt.html#vtm_modulosEngag=mod-rel:moda:noticia:2:cmp:2-not\" class=\"v-a-link\" title=\"Los secretos de la vida de Richard Gere y Alejandra Silva en Espa\u00f1a: mansi\u00f3n en La Moraleja, churros y el Goya Internacional 2025\"><br \/>\n<img loading=\"lazy\" class=\"v-a-img\" src=\"http:\/\/hoycordobaweb.com\/wp-content\/uploads\/2025\/06\/alejandra-silva-impacta-con-su-cambio-de-look-y-un-traje-azul-impecable-5.jpg\" alt=\"Los secretos de la vida de Richard Gere y Alejandra Silva en Espa\u00f1a: mansi\u00f3n en La Moraleja, churros y el Goya Internacional 2025\"><br \/>\n<\/a><br \/>\n<\/figure>\n<\/div>\n<\/article>\n<\/div>\n<\/div>\n<\/div>\n<\/div>\n<div class=\"media_block\"><\/div>\n","protected":false},"excerpt":{"rendered":"<p>Comienza la semana y tambi\u00e9n numerosos actos p\u00fablicos. El primero de ellos lo ha presidido la reina Letizia, quien se ha trasladado a la localidad madrile\u00f1a de Boadilla del Monte para presidir la clausura de la convocatoria anual de &#8216;Euros de tu n\u00f3mina&#8217;, una iniciativa de Banco Santander para impulsar proyectos que mejoran la sociedad. [&hellip;]<\/p>\n","protected":false},"author":1,"featured_media":107527,"comment_status":"closed","ping_status":"closed","sticky":false,"template":"","format":"standard","meta":[],"categories":[],"tags":[],"_links":{"self":[{"href":"http:\/\/hoycordobaweb.com\/index.php\/wp-json\/wp\/v2\/posts\/107526"}],"collection":[{"href":"http:\/\/hoycordobaweb.com\/index.php\/wp-json\/wp\/v2\/posts"}],"about":[{"href":"http:\/\/hoycordobaweb.com\/index.php\/wp-json\/wp\/v2\/types\/post"}],"author":[{"embeddable":true,"href":"http:\/\/hoycordobaweb.com\/index.php\/wp-json\/wp\/v2\/users\/1"}],"replies":[{"embeddable":true,"href":"http:\/\/hoycordobaweb.com\/index.php\/wp-json\/wp\/v2\/comments?post=107526"}],"version-history":[{"count":0,"href":"http:\/\/hoycordobaweb.com\/index.php\/wp-json\/wp\/v2\/posts\/107526\/revisions"}],"wp:featuredmedia":[{"embeddable":true,"href":"http:\/\/hoycordobaweb.com\/index.php\/wp-json\/wp\/v2\/media\/107527"}],"wp:attachment":[{"href":"http:\/\/hoycordobaweb.com\/index.php\/wp-json\/wp\/v2\/media?parent=107526"}],"wp:term":[{"taxonomy":"category","embeddable":true,"href":"http:\/\/hoycordobaweb.com\/index.php\/wp-json\/wp\/v2\/categories?post=107526"},{"taxonomy":"post_tag","embeddable":true,"href":"http:\/\/hoycordobaweb.com\/index.php\/wp-json\/wp\/v2\/tags?post=107526"}],"curies":[{"name":"wp","href":"https:\/\/api.w.org\/{rel}","templated":true}]}}