{"id":107524,"date":"2025-06-08T17:51:00","date_gmt":"2025-06-08T17:51:00","guid":{"rendered":"https:\/\/www.ole.com.ar\/river-plate\/river-mastantuono-real-madrid-mundial-clubes-clausula-45-millones_0_KXH8QM1eYO.html"},"modified":"2025-06-08T17:51:00","modified_gmt":"2025-06-08T17:51:00","slug":"confirmado-mastantuono-se-va-al-real-madrid-despues-del-mundial-de-clubes","status":"publish","type":"post","link":"http:\/\/hoycordobaweb.com\/index.php\/2025\/06\/08\/confirmado-mastantuono-se-va-al-real-madrid-despues-del-mundial-de-clubes\/","title":{"rendered":"Confirmado: Mastantuono se va al Real Madrid despu\u00e9s del Mundial de Clubes"},"content":{"rendered":"<p><img src=\"http:\/\/hoycordobaweb.com\/wp-content\/uploads\/2025\/06\/confirmado-mastantuono-se-va-al-real-madrid-despues-del-mundial-de-clubes.jpg\"><\/p>\n<p><span class=\"createDate\">08\/06\/2025 14:51hs.<\/span><time class=\"modificatedDate\" datetime=\"2025-06-08T18:18:31-03:00\"> Actualizado al 08\/06\/2025 18:18hs.<\/time><\/p>\n<div id=\"storyBody\">\n<div class=\"custom-text \" readability=\"38.676666666667\">\n<p>La novela del pase de <strong><a href=\"https:\/\/www.ole.com.ar\/tema\/franco-mastantuono.html\" title=\"Franco Mastantuono\" alt=\"Franco Mastantuono\" class=\"slug\">Franco Mastantuono<\/a><\/strong> al <strong><a href=\"https:\/\/www.ole.com.ar\/tema\/real-madrid.html\" title=\"Real Madrid\" alt=\"Real Madrid\" class=\"slug\">Real Madrid<\/a><\/strong> lleg\u00f3 a su fin este domingo: la joya de <strong><a href=\"https:\/\/www.ole.com.ar\/tema\/river-plate.html\" title=\"River Plate\" alt=\"River Plate\" class=\"slug\">River<\/a><\/strong>, de 17 a\u00f1os, ser\u00e1 jugador del club m\u00e1s glorioso del planeta apenas finalice la participaci\u00f3n del equipo de Marcelo Gallardo en el Mundial de Clubes: <strong>el Merengue ejecutar\u00e1 la cl\u00e1usula de rescisi\u00f3n del zurdo<\/strong> de Azul, <strong>de 45 millones de euros<\/strong>, y el pibe <strong>ser\u00eda presentado<\/strong> como refuerzo del plantel de Xabi Alonso el 15 de agosto, un d\u00eda despu\u00e9s de su cumplea\u00f1os n\u00famero 18, ya que la FIFA no permite la transferencia de menores salvo que los padres est\u00e9n radicados en el pa\u00eds al que ir\u00e1n.<\/p>\n<\/div>\n<div class=\"custom-text \" readability=\"35\">\n<p><strong>El monto total de la operaci\u00f3n ser\u00e1 de 60 millones de la moneda europea<\/strong>, ya que a los 45 M de la cl\u00e1usula se le suma un 13% de impuestos nacionales y otro 20% en concepto de territorialidad que se paga en Espa\u00f1a en las transferencias de futbolistas argentinos y brasile\u00f1os).<\/p>\n<\/div>\n<div class=\"custom-text \" readability=\"29.43956043956\">\n<p>De esta manera, <strong>Mastantuono no podr\u00e1 quedarse a jugar la Copa Libertadores en River<\/strong>, un deseo de Gallardo y de los dirigentes del club que no pudieron ganarle esa pulseada al Madrid, que quiere contar cuanto antes con el talento del zurdo que el jueves 5 de junio se convirti\u00f3 en <strong><a href=\"https:\/\/www.ole.com.ar\/seleccion\/mastantuono-record-realmadrid-seleccion_0_aIxBFY85kR.html\" target=\"_self\" title=\"el jugador m\u00e1s joven en debutar en la Selecci\u00f3n Argentina en partidos oficiales.\" alt=\"el jugador m\u00e1s joven en debutar en la Selecci\u00f3n Argentina en partidos oficiales.\" rel=\"noopener noreferrer\">el jugador m\u00e1s joven en debutar en la Selecci\u00f3n Argentina en partidos oficiales<\/a><\/strong><a href=\"https:\/\/www.ole.com.ar\/seleccion\/mastantuono-record-realmadrid-seleccion_0_aIxBFY85kR.html\" target=\"_self\" title=\"el jugador m\u00e1s joven en debutar en la Selecci\u00f3n Argentina en partidos oficiales.\" alt=\"el jugador m\u00e1s joven en debutar en la Selecci\u00f3n Argentina en partidos oficiales.\" rel=\"noopener noreferrer\">.<\/a><\/p>\n<\/div>\n<div class=\"sc-e7b891c4-0 ifHnQL image-embed\"><img alt=\"Mastantuono en el entrenamiento de la Selecci\u00f3n que este martes recibe a Colombia en el Monumental (Foto: Prensa AFA).\" loading=\"lazy\" width=\"720\" height=\"100\" decoding=\"async\" data-nimg=\"1\" src=\"http:\/\/hoycordobaweb.com\/wp-content\/uploads\/2025\/06\/confirmado-mastantuono-se-va-al-real-madrid-despues-del-mundial-de-clubes-2.jpg\"><span class=\"epigraphe\">Mastantuono en el entrenamiento de la Selecci\u00f3n que este martes recibe a Colombia en el Monumental (Foto: Prensa AFA).<\/span><\/div>\n<div class=\"custom-text \" readability=\"42\">\n<p><strong>La despedida de Mastan con la camiseta de River ser\u00e1 en el Mundial de Clubes<\/strong>. En caso de que el equipo de Gallardo no avance a los octavos, la joya jugar\u00e1 su \u00faltimo partido con la Banda <strong>el mi\u00e9rcoles 25 de junio contra el Inter de Mil\u00e1n<\/strong> de Lautaro Mart\u00ednez, en la tercera fecha del Grupo E. Si el CARP clasifica como 1\u00b0, el zurdo seguir\u00e1 sumando minutos con la pilcha que ama desde la cuna<strong> el lunes 30, en el cruce contra el 2\u00b0 del Grupo F (integrado por Fluminense, Borussia Dortmund, Ulsan y Mamelodi Sundowns)<\/strong>. Y en caso de pasar a la siguiente ronga en la segunda posici\u00f3n, River enfentar\u00e1 al ganador de esta misma zona <strong>el martes 1\u00b0 de julio<\/strong>.<\/p>\n<\/div>\n<div class=\"custom-text \" readability=\"37\">\n<p>Los esfuerzos del presidente del CARP Jorge Brito en la negociaci\u00f3n con Florentino P\u00e9rez, m\u00e1xima autoridad del Real Madrid, para que Mastan se quedara a intentar cumplir su sue\u00f1o de levantar la Copa Libertadores con la Banda no fueron suficientes. Y l\u00f3gicamente la noticia de la partida de la joya es un golpe para los hinchas que esperaban disfrutarlo un tiempo m\u00e1s en casa.<\/p>\n<\/div>\n<p><h2>La historia entre River y el Real Madrid<\/h2>\n<\/p>\n<div class=\"custom-text \" readability=\"41\">\n<p>Mastantuono <strong>ser\u00e1 el quinto jugador argentino en pasar de River al Real Madrid sin escalas<\/strong>, despu\u00e9s de Eduardo Anzarda, Pinino Mas, Esteban Cambiasso y Gonzalo Higua\u00edn, Franco llegar\u00e1 sabiendo que Xabi Alonso lo espera para manejar los hilos del equipo como un viejo 10, despegando su talento por el medio del campo, ya que es altamente probable que Nico Paz vuelva a ser cedido (al Leverkusen o al Inter). Y que Florentino lo aguarda para agregarle a su constelaci\u00f3n a un proyecto de estrella con una madurez que desmiente a su DNI y un perfil 100% Madrid al que aspira a convertir en un megacrack mundial.<\/p>\n<\/div>\n<div class=\"sc-734b4696-1 kFfZtB\" readability=\"6.5\">\n<div class=\"sc-d00d9e74-0 hnHYbk vertical\" type=\"embed\">\n<div class=\"sc-d00d9e74-1 iKVbz videoText\" id=\"contentTitleembedBvPYR3t6\" type=\"embed\"><svg fill=\"#ffffff\"><symbol id=\"play\" viewBox=\"0 0 512 512\"><path d=\"M512 256C512 397.4 397.4 512 256 512C114.6 512 0 397.4 0 256C0 114.6 114.6 0 256 0C397.4 0 512 114.6 512 256zM176 168V344C176 352.7 180.7 360.7 188.3 364.9C195.8 369.2 205.1 369 212.5 364.5L356.5 276.5C363.6 272.1 368 264.4 368 256C368 247.6 363.6 239.9 356.5 235.5L212.5 147.5C205.1 142.1 195.8 142.8 188.3 147.1C180.7 151.3 176 159.3 176 168V168z\" \/><\/symbol><use xlink:href=\"#play\" \/><\/svg><\/p>\n<div class=\"right\">\n<p>River Plate<!-- --> &#8211; <span>&nbsp;<\/span><\/p>\n<h2 class=\"title-vid\">Confirmado: Franco Mastantuono jugar\u00e1 en el Real Madrid post Mundial de Clubes<\/h2>\n<\/div>\n<\/div>\n<p><span class=\"back\" id=\"spanBackembedBvPYR3t6\"><\/span><\/div>\n<div class=\"JWvideoNota_title\" readability=\"8\">\n<p>El gigante espa\u00f1ol ejecutar\u00e1 la cl\u00e1usula de 45 millones de euros y la joya de River se despedir\u00e1 en Estados Unidos.<\/p>\n<\/div>\n<\/div>\n<div class=\"sc-a7166897-0 eoLsBE\" readability=\"6\">\n<section readability=\"2\"><picture><img alt=\"Confirmado: Mastantuono se va al Real Madrid despu\u00e9s del Mundial de Clubes\" loading=\"lazy\" width=\"290\" height=\"290\" decoding=\"async\" data-nimg=\"1\" src=\"http:\/\/hoycordobaweb.com\/wp-content\/uploads\/2025\/06\/confirmado-mastantuono-se-va-al-real-madrid-despues-del-mundial-de-clubes-3.jpg\"><\/picture>\n<p><span>Mir\u00e1 tambi\u00e9n<\/span><\/p>\n<hr>\n<h3>Confirmado: Mastantuono se va al Real Madrid despu\u00e9s del Mundial de Clubes<\/h3>\n<\/p>\n<\/section>\n<\/div>\n<div class=\"sc-a7166897-0 eoLsBE\" readability=\"6\">\n<section readability=\"2\"><picture><img alt=\"C\u00f3mo ser\u00e1n las \u00faltimas horas de River antes del Mundial de Clubes\" loading=\"lazy\" width=\"290\" height=\"290\" decoding=\"async\" data-nimg=\"1\" src=\"http:\/\/hoycordobaweb.com\/wp-content\/uploads\/2025\/06\/confirmado-mastantuono-se-va-al-real-madrid-despues-del-mundial-de-clubes-4.jpg\"><\/picture>\n<p><span>Mir\u00e1 tambi\u00e9n<\/span><\/p>\n<hr>\n<h3>C\u00f3mo ser\u00e1n las \u00faltimas horas de River antes del Mundial de Clubes<\/h3>\n<\/p>\n<\/section>\n<\/div>\n<div class=\"sc-a7166897-0 eoLsBE\" readability=\"6\">\n<section readability=\"2\"><picture><img alt=\"Las complicaciones del Urawa en los d\u00edas previos al duelo ante River en el Mundial\" loading=\"lazy\" width=\"290\" height=\"290\" decoding=\"async\" data-nimg=\"1\" src=\"http:\/\/hoycordobaweb.com\/wp-content\/uploads\/2025\/06\/confirmado-mastantuono-se-va-al-real-madrid-despues-del-mundial-de-clubes-5.jpg\"><\/picture>\n<p><span>Mir\u00e1 tambi\u00e9n<\/span><\/p>\n<hr>\n<h3>Las complicaciones del Urawa en los d\u00edas previos al duelo ante River en el Mundial<\/h3>\n<\/p>\n<\/section>\n<\/div>\n<\/div>\n","protected":false},"excerpt":{"rendered":"<p>08\/06\/2025 14:51hs. Actualizado al 08\/06\/2025 18:18hs. La novela del pase de Franco Mastantuono al Real Madrid lleg\u00f3 a su fin este domingo: la joya de River, de 17 a\u00f1os, ser\u00e1 jugador del club m\u00e1s glorioso del planeta apenas finalice la participaci\u00f3n del equipo de Marcelo Gallardo en el Mundial de Clubes: el Merengue ejecutar\u00e1 la [&hellip;]<\/p>\n","protected":false},"author":1,"featured_media":107525,"comment_status":"open","ping_status":"closed","sticky":false,"template":"","format":"standard","meta":[],"categories":[16],"tags":[],"_links":{"self":[{"href":"http:\/\/hoycordobaweb.com\/index.php\/wp-json\/wp\/v2\/posts\/107524"}],"collection":[{"href":"http:\/\/hoycordobaweb.com\/index.php\/wp-json\/wp\/v2\/posts"}],"about":[{"href":"http:\/\/hoycordobaweb.com\/index.php\/wp-json\/wp\/v2\/types\/post"}],"author":[{"embeddable":true,"href":"http:\/\/hoycordobaweb.com\/index.php\/wp-json\/wp\/v2\/users\/1"}],"replies":[{"embeddable":true,"href":"http:\/\/hoycordobaweb.com\/index.php\/wp-json\/wp\/v2\/comments?post=107524"}],"version-history":[{"count":0,"href":"http:\/\/hoycordobaweb.com\/index.php\/wp-json\/wp\/v2\/posts\/107524\/revisions"}],"wp:featuredmedia":[{"embeddable":true,"href":"http:\/\/hoycordobaweb.com\/index.php\/wp-json\/wp\/v2\/media\/107525"}],"wp:attachment":[{"href":"http:\/\/hoycordobaweb.com\/index.php\/wp-json\/wp\/v2\/media?parent=107524"}],"wp:term":[{"taxonomy":"category","embeddable":true,"href":"http:\/\/hoycordobaweb.com\/index.php\/wp-json\/wp\/v2\/categories?post=107524"},{"taxonomy":"post_tag","embeddable":true,"href":"http:\/\/hoycordobaweb.com\/index.php\/wp-json\/wp\/v2\/tags?post=107524"}],"curies":[{"name":"wp","href":"https:\/\/api.w.org\/{rel}","templated":true}]}}