{"id":107522,"date":"2025-06-08T17:56:43","date_gmt":"2025-06-08T17:56:43","guid":{"rendered":"https:\/\/www.ole.com.ar\/futbol-internacional\/america\/brasil-paraguay-eliminatorias-sudamericanas-posible-formacion_0_e05NHNLCTZ.html"},"modified":"2025-06-08T17:56:43","modified_gmt":"2025-06-08T17:56:43","slug":"la-probable-formacion-de-brasil-para-enfrentar-a-paraguay-por-eliminatorias","status":"publish","type":"post","link":"http:\/\/hoycordobaweb.com\/index.php\/2025\/06\/08\/la-probable-formacion-de-brasil-para-enfrentar-a-paraguay-por-eliminatorias\/","title":{"rendered":"La probable formaci\u00f3n de Brasil para enfrentar a Paraguay por Eliminatorias"},"content":{"rendered":"<p><img src=\"http:\/\/hoycordobaweb.com\/wp-content\/uploads\/2025\/06\/la-probable-formacion-de-brasil-para-enfrentar-a-paraguay-por-eliminatorias.jpg\"><\/p>\n<p><time class=\"createDate\" datetime=\"2025-06-08T14:56:43-03:00\">08\/06\/2025 14:56hs.<\/time><\/p>\n<div id=\"storyBody\">\n<div class=\"custom-text \" readability=\"27.52380952381\">\n<p>Tras el empate sin goles que registr\u00f3 ante <strong><a href=\"https:\/\/www.ole.com.ar\/tema\/ecuador.html\" title=\"ecuador\" alt=\"ecuador\" class=\"slug\">Ecuador<\/a> <\/strong>en su primer partido como entrenador de <strong><a href=\"https:\/\/www.ole.com.ar\/tema\/brasil.html\" title=\"Brasil\" alt=\"Brasil\" class=\"slug\">Brasil<\/a> <\/strong>por Eliminatorias Sudamericanas, <strong><a href=\"https:\/\/www.ole.com.ar\/tema\/carlo-ancelotti.html\" title=\"Carlo Ancelotti\" alt=\"Carlo Ancelotti\" class=\"slug\">Carlo Ancelotti<\/a><\/strong> har\u00eda cambios para enfrentar a <strong><a href=\"https:\/\/www.ole.com.ar\/tema\/paraguay.html\" title=\"Paraguay\" alt=\"Paraguay\" class=\"slug\">Paraguay<\/a><\/strong>.<\/p>\n<\/div>\n<div class=\"custom-text \" readability=\"31.71875\">\n<p>Teniendo en cuenta que el equipo de <strong><a href=\"https:\/\/www.ole.com.ar\/tema\/gustavo-alfaro.html\" title=\"Gustavo Alfaro\" alt=\"Gustavo Alfaro\" class=\"slug\">Gustavo Alfaro<\/a><\/strong> viene de ganarle a <strong><a href=\"https:\/\/www.ole.com.ar\/tema\/seleccion-de-uruguay.html\" title=\"Selecci\u00f3n de Uruguay\" alt=\"Selecci\u00f3n de Uruguay\" class=\"slug\">Uruguay<\/a> <\/strong>y que la Verdeamarela necesita sumar de a tres para acercarse a la clasificaci\u00f3n del Mundial 2026, el italiano realiz\u00f3 modificaciones en ataque.<\/p>\n<\/div>\n<div class=\"sc-e7b891c4-0 ifHnQL image-embed\"><img alt=\"Carlo Ancelotti durante el entrenamiento de Brasil. (EFE)\" loading=\"lazy\" width=\"720\" height=\"100\" decoding=\"async\" data-nimg=\"1\" src=\"http:\/\/hoycordobaweb.com\/wp-content\/uploads\/2025\/06\/la-probable-formacion-de-brasil-para-enfrentar-a-paraguay-por-eliminatorias-2.jpg\"><span class=\"epigraphe\">Carlo Ancelotti durante el entrenamiento de Brasil. (EFE)<\/span><\/div>\n<div class=\"custom-text \" readability=\"38\">\n<p>Con la vuelta de <strong>Raphinha <\/strong>luego de una fecha de suspensi\u00f3n, el DT apost\u00f3 por <strong>Matheus Cunha<\/strong> en la pr\u00e1ctica. Por lo tanto, de mantenerse en los planes del t\u00e9cnico, el delantero (quien recientemente fue comprado por el <strong>Manchester United<\/strong>)<strong> <\/strong>reemplazar\u00eda a <strong>Richarlison <\/strong>y acompa\u00f1ar\u00eda al hombre del <strong>Barcelona <\/strong>en el \u00faltimo tercio de la cancha.<\/p>\n<\/div>\n<div class=\"custom-text \" readability=\"35\">\n<p>De esta manera, el equipo contar\u00eda con m\u00e1s movilidad y posibilidades de abrir el arco. Sin embargo, el plantel titular se definir\u00e1 este lunes luego del \u00faltimo entrenamiento.<\/p>\n<\/div>\n<div class=\"sc-e7b891c4-0 ifHnQL image-embed\"><img alt=\"Carlo Ancelotti durante el entrenamiento de Brasil. (EFE)\" loading=\"lazy\" width=\"720\" height=\"100\" decoding=\"async\" data-nimg=\"1\" src=\"http:\/\/hoycordobaweb.com\/wp-content\/uploads\/2025\/06\/la-probable-formacion-de-brasil-para-enfrentar-a-paraguay-por-eliminatorias-3.jpg\"><span class=\"epigraphe\">Carlo Ancelotti durante el entrenamiento de Brasil. (EFE)<\/span><\/div>\n<p><h2>La probable formaci\u00f3n de Brasil ante Paraguay por Eliminatorias Sudamericanas<\/h2>\n<\/p>\n<div class=\"custom-text \" readability=\"39\">\n<p>Alisson; Alex Sandro, Alexsandro Ribeiro, Marquinhos, Vanderson; Gerson, Casemiro, Bruno Guimar\u00e3es; Vinicius, Matheus Cunha y Raphinha.<\/p>\n<\/div>\n<p><h2>Cu\u00e1ndo juegan Brasil y Paraguay por Eliminatorias Sudamericanas<\/h2>\n<\/p>\n<div class=\"custom-text \" readability=\"33\">\n<p><strong>Brasil <\/strong>(que marcha cuarta en la tabla de posiciones de las Eliminatorias Sudamericanas) recibir\u00e1 a <strong>Paraguay <\/strong>este martes 10 de junio desde las 21:45 horas.<\/p>\n<\/div>\n<div class=\"sc-a7166897-0 eoLsBE\" readability=\"6.5\">\n<section readability=\"3\"><picture><img alt=\"Ratificaron a Marcelo Bielsa como t\u00e9cnico de Uruguay: &quot;No vamos a cambiar de entrenador&quot;\" loading=\"lazy\" width=\"290\" height=\"290\" decoding=\"async\" data-nimg=\"1\" src=\"http:\/\/hoycordobaweb.com\/wp-content\/uploads\/2025\/06\/la-probable-formacion-de-brasil-para-enfrentar-a-paraguay-por-eliminatorias-4.jpg\"><\/picture>\n<p><span>Mir\u00e1 tambi\u00e9n<\/span><\/p>\n<hr>\n<h3>Ratificaron a Marcelo Bielsa como t\u00e9cnico de Uruguay: \u00abNo vamos a cambiar de entrenador\u00bb<\/h3>\n<\/p>\n<\/section>\n<\/div>\n<div class=\"sc-a7166897-0 eoLsBE\" readability=\"6.5\">\n<section readability=\"3\"><picture><img alt=\"Recital de Kylian Mbapp\u00e9: gol y asistencia para que Francia se quede con el tercer puesto de la Nations League\" loading=\"lazy\" width=\"290\" height=\"290\" decoding=\"async\" data-nimg=\"1\" src=\"http:\/\/hoycordobaweb.com\/wp-content\/uploads\/2025\/06\/la-probable-formacion-de-brasil-para-enfrentar-a-paraguay-por-eliminatorias-5.jpg\"><\/picture>\n<p><span>Mir\u00e1 tambi\u00e9n<\/span><\/p>\n<hr>\n<h3>Recital de Kylian Mbapp\u00e9: gol y asistencia para que Francia se quede con el tercer puesto de la Nations League<\/h3>\n<\/p>\n<\/section>\n<\/div>\n<div class=\"sc-a7166897-0 eoLsBE\" readability=\"6.5\">\n<section readability=\"3\"><picture><img alt=\"El futuro de Nico Gonz\u00e1lez est\u00e1 lejos de Juventus: qu\u00e9 clubes lo tienen en carpeta y c\u00f3mo siguen las negociaciones \" loading=\"lazy\" width=\"290\" height=\"290\" decoding=\"async\" data-nimg=\"1\" src=\"http:\/\/hoycordobaweb.com\/wp-content\/uploads\/2025\/06\/la-probable-formacion-de-brasil-para-enfrentar-a-paraguay-por-eliminatorias-6.jpg\"><\/picture>\n<p><span>Mir\u00e1 tambi\u00e9n<\/span><\/p>\n<hr>\n<h3>El futuro de Nico Gonz\u00e1lez est\u00e1 lejos de Juventus: qu\u00e9 clubes lo tienen en carpeta y c\u00f3mo siguen las negociaciones<br \/>\n<\/h3>\n<\/p>\n<\/section>\n<\/div>\n<\/div>\n","protected":false},"excerpt":{"rendered":"<p>08\/06\/2025 14:56hs. Tras el empate sin goles que registr\u00f3 ante Ecuador en su primer partido como entrenador de Brasil por Eliminatorias Sudamericanas, Carlo Ancelotti har\u00eda cambios para enfrentar a Paraguay. Teniendo en cuenta que el equipo de Gustavo Alfaro viene de ganarle a Uruguay y que la Verdeamarela necesita sumar de a tres para acercarse [&hellip;]<\/p>\n","protected":false},"author":1,"featured_media":107523,"comment_status":"open","ping_status":"closed","sticky":false,"template":"","format":"standard","meta":[],"categories":[16],"tags":[],"_links":{"self":[{"href":"http:\/\/hoycordobaweb.com\/index.php\/wp-json\/wp\/v2\/posts\/107522"}],"collection":[{"href":"http:\/\/hoycordobaweb.com\/index.php\/wp-json\/wp\/v2\/posts"}],"about":[{"href":"http:\/\/hoycordobaweb.com\/index.php\/wp-json\/wp\/v2\/types\/post"}],"author":[{"embeddable":true,"href":"http:\/\/hoycordobaweb.com\/index.php\/wp-json\/wp\/v2\/users\/1"}],"replies":[{"embeddable":true,"href":"http:\/\/hoycordobaweb.com\/index.php\/wp-json\/wp\/v2\/comments?post=107522"}],"version-history":[{"count":0,"href":"http:\/\/hoycordobaweb.com\/index.php\/wp-json\/wp\/v2\/posts\/107522\/revisions"}],"wp:featuredmedia":[{"embeddable":true,"href":"http:\/\/hoycordobaweb.com\/index.php\/wp-json\/wp\/v2\/media\/107523"}],"wp:attachment":[{"href":"http:\/\/hoycordobaweb.com\/index.php\/wp-json\/wp\/v2\/media?parent=107522"}],"wp:term":[{"taxonomy":"category","embeddable":true,"href":"http:\/\/hoycordobaweb.com\/index.php\/wp-json\/wp\/v2\/categories?post=107522"},{"taxonomy":"post_tag","embeddable":true,"href":"http:\/\/hoycordobaweb.com\/index.php\/wp-json\/wp\/v2\/tags?post=107522"}],"curies":[{"name":"wp","href":"https:\/\/api.w.org\/{rel}","templated":true}]}}