{"id":107424,"date":"2025-06-07T20:37:33","date_gmt":"2025-06-07T20:37:33","guid":{"rendered":"https:\/\/www.ole.com.ar\/futbol-internacional\/eliminatorias\/duran-baja-escandalo-colombia-lorenzo-argentina_0_MeklhWQW3Y.html"},"modified":"2025-06-07T20:37:33","modified_gmt":"2025-06-07T20:37:33","slug":"colombia-antes-de-argentina-una-baja-pesada-en-medio-de-rumores-de-escandalo","status":"publish","type":"post","link":"http:\/\/hoycordobaweb.com\/index.php\/2025\/06\/07\/colombia-antes-de-argentina-una-baja-pesada-en-medio-de-rumores-de-escandalo\/","title":{"rendered":"Colombia antes de Argentina: una baja pesada en medio de rumores de esc\u00e1ndalo"},"content":{"rendered":"<p><img src=\"http:\/\/hoycordobaweb.com\/wp-content\/uploads\/2025\/06\/colombia-antes-de-argentina-una-baja-pesada-en-medio-de-rumores-de-escandalo.jpg\"><\/p>\n<p><time class=\"createDate\" datetime=\"2025-06-07T17:37:33-03:00\">07\/06\/2025 17:37hs.<\/time><\/p>\n<div id=\"storyBody\">\n<div class=\"custom-text \" readability=\"29.6\">\n<p>Hay ruido en <a href=\"https:\/\/www.ole.com.ar\/tema\/seleccion-de-colombia.html\" title=\"Selecci\u00f3n de Colombia\" alt=\"Selecci\u00f3n de Colombia\" class=\"slug\">Colombia<\/a> antes de visitar a la Selecci\u00f3n. Por esos dos puntos en las \u00faltimas cinco fechas en las <a href=\"https:\/\/www.ole.com.ar\/tema\/eliminatorias-sudamericanas.html\" title=\"Eliminatorias Sudamericanas\" alt=\"Eliminatorias Sudamericanas\" class=\"slug\">Eliminatorias<\/a>. Por <a href=\"https:\/\/www.ole.com.ar\/futbol-internacional\/eliminatorias\/eliminatorias-tabla-clasificados-posiciones-sudamerica_0_elHlRdWGwD.html\" target=\"_self\" title=\"ese sexto puesto que amenaza Venezuela\" alt=\"ese sexto puesto que amenaza Venezuela\" rel=\"noopener noreferrer\">ese sexto puesto que amenaza Venezuela<\/a> (en Repechaje, a tres puntos a tres fechas de final). Y por una cadena de rumores que explotaron apenas finalizado <a href=\"https:\/\/www.ole.com.ar\/futbol-internacional\/eliminatorias\/colombia-peru-eliminatorias_0_a8X3ruzCBb.html\" target=\"_self\" title=\"el 0-0 con Per\u00fa\" alt=\"el 0-0 con Per\u00fa\" rel=\"noopener noreferrer\">el 0-0 con Per\u00fa<\/a> y que estallaron este s\u00e1bado, cuando <strong>Jhon Jader Dur\u00e1n<\/strong> fue dado de baja.<\/p>\n<\/div>\n<div class=\"custom-text \" readability=\"35.66265060241\">\n<p>El compa\u00f1ero de Dibu Mart\u00ednez hasta enero de este a\u00f1o, el mismo por el que el Al Nassr pag\u00f3 77 millones de euros para armar un ataque estelar con Cristiano Ronaldo y Sadio Man\u00e9 (infructuoso porque no pudieron ganar ning\u00fan t\u00edtulo), fue titular ante los peruanos y sali\u00f3 en el entretiempo. Una salida que no fue una m\u00e1s por todo lo que pas\u00f3 y sigue pasando alrededor del equipo dirigido por <a href=\"https:\/\/www.ole.com.ar\/tema\/nestor-lorenzo.html\" title=\"N\u00e9stor Lorenzo\" alt=\"N\u00e9stor Lorenzo\" class=\"slug\">N\u00e9stor Lorenzo<\/a>.<\/p>\n<\/div>\n<p><h2><strong>La usina de rumores y palabra, muchas palabras<\/strong><\/h2>\n<\/p>\n<div class=\"custom-text \" readability=\"38\">\n<p>De acuerdo a lo que revel\u00f3 un periodista colombiano (Paolo Arenas), Dur\u00e1n se enoj\u00f3 mucho y entr\u00f3 al vestuario \u00abinsultando y manoteando a sus compa\u00f1eros. <strong>Lorenzo luego ingres\u00f3, quiso calmar la situaci\u00f3n y el mismo Dur\u00e1n lo agarr\u00f3 de la camiseta y zarande\u00f3<\/strong>. James y Lerma intervinieron r\u00e1pido. El 10 al suelo, Lerma si fren\u00f3 al 9&#8243;.<\/p>\n<\/div>\n<div class=\"sc-e7b891c4-0 ifHnQL image-embed\"><img alt=\"N\u00e9stor Lorenzo, durante el 0-0 con Per\u00fa. REUTERS\/Luisa Gonzalez\" loading=\"lazy\" width=\"720\" height=\"100\" decoding=\"async\" data-nimg=\"1\" src=\"http:\/\/hoycordobaweb.com\/wp-content\/uploads\/2025\/06\/colombia-antes-de-argentina-una-baja-pesada-en-medio-de-rumores-de-escandalo-2.jpg\"><span class=\"epigraphe\">N\u00e9stor Lorenzo, durante el 0-0 con Per\u00fa. REUTERS\/Luisa Gonzalez<\/span><\/div>\n<div class=\"custom-text \" readability=\"50\">\n<p>\u00ab<strong>No puedo creer que haya tanta mala leche<\/strong> como se dice, tanta mala voluntad, tanta maldad. Inventar cosas absolutamente inexistentes, no pas\u00f3 absolutamente nada. El grupo est\u00e1 bien, est\u00e1 fuerte, no jugamos bien. Critiquen el juego, nos falt\u00f3 intensidad, nos falt\u00f3 precisi\u00f3n, no pudimos doblegar a un equipo que se defendi\u00f3 bien, nada m\u00e1s. Est\u00e1 todo bien, en el grupo, en el plantel, en todo. Dur\u00e1n sali\u00f3 por un dolor de espalda, no pas\u00f3 m\u00e1s nada\u00bb, declar\u00f3 Lorenzo en zona mixta, cuando las versiones ya daban vueltas por toda la Colombia futbolera.<\/p>\n<\/div>\n<div class=\"custom-text \" readability=\"41\">\n<p>En la misma l\u00ednea se expres\u00f3 James Rodr\u00edguez, tambi\u00e9n mencionado en los supuestos l\u00edos en el vestuario. \u00abEs falso, totalmente. Todo lo que se dijo afuera y lo que se mencion\u00f3 antes tambi\u00e9n es falso. Tenemos que estar juntos, dar vibras buenas. Creo que, como se dice, debemos dejar de meter tanta mierda\u00bb, sostuvo el capit\u00e1n y l\u00edder cafetero.<\/p>\n<\/div>\n<div class=\"custom-text \" readability=\"38\">\n<p>De manera calma, el propio Dur\u00e1n desarticul\u00f3 tambi\u00e9n todo pero fue claro sobre su salida. \u00ab\u00bfMi salida? No, pienso que <strong>es decisi\u00f3n del profe, no nos podemos meter ninguno<\/strong>. No hay ning\u00fan inconveniente en contra de nosotros o dentro del grupo. El pens\u00f3 que pod\u00eda aporta un poco m\u00e1s y no hay ning\u00fan inconveniente\u00bb.<\/p>\n<\/div>\n<div class=\"sc-e7b891c4-0 ifHnQL image-embed\"><img alt=\"Dur\u00e1n jug\u00f3 un tiempo ante Per\u00fa.\nEFE\/Mauricio Due\u00f1as Casta\u00f1eda\" loading=\"lazy\" width=\"720\" height=\"100\" decoding=\"async\" data-nimg=\"1\" src=\"http:\/\/hoycordobaweb.com\/wp-content\/uploads\/2025\/06\/colombia-antes-de-argentina-una-baja-pesada-en-medio-de-rumores-de-escandalo-3.jpg\"><span class=\"epigraphe\">Dur\u00e1n jug\u00f3 un tiempo ante Per\u00fa.<br \/>\nEFE\/Mauricio Due\u00f1as Casta\u00f1eda<\/span><\/div>\n<p><h2><strong>Dado de baja<\/strong><\/h2>\n<\/p>\n<div class=\"custom-text \" readability=\"37\">\n<p>El Dur\u00e1n-gate tuvo un nuevo cap\u00edtulo (seguramente no ser\u00e1 el \u00faltimo), cuando este s\u00e1bado por la tarde (las 15 de la Argentina) fue oficialmente dado de baja debido a \u00ab<strong>una recidiva del dolor lumbar <\/strong>que le impide estar apto para enfrentar el compromiso ante Argentina\u00bb, de acuerdo a la explicaci\u00f3n oficial del cuerpo t\u00e9cnico de Colombia.<\/p>\n<\/div>\n<div class=\"custom-text \" readability=\"39\">\n<p>Una explicaci\u00f3n consecuente con lo que hab\u00eda manifestado Lorenzo pero distinta a la argumentaci\u00f3n inicial del propio Dur\u00e1n, que al dejar la concentraci\u00f3n ahora s\u00ed cont\u00f3 que fue por motivos f\u00edsicos (y no t\u00e9cnicos, t\u00e1cticos o de otro calibre). \u00abTodo lo que se dijo son cosas que salen de las manos, pero lo que tuve es un problema lumbar que estoy cargando y lleg\u00f3 al l\u00edmite. Se hablaron todos los temas y salgo porque me duele mucho la espalda\u00bb, dijo inicialmente.<\/p>\n<\/div>\n<div class=\"custom-text \" readability=\"40\">\n<p>Enseguida, antes de subirse a una combi, agreg\u00f3: \u00abSe van a presentar muchos espacios de cosas, pero el tema es m\u00e1s que nada f\u00edsico. Gracias a Dios estoy contento y tranquilo con los compa\u00f1eros, no hubo problemas ni con el profe ni con el Viejo, como les digo a James y Lerma. Todos fueron como mis padres. No tengo la necesidad de salir a decir nada\u00bb.<\/p>\n<\/div>\n<div class=\"custom-text \" readability=\"38\">\n<p>Antes de despedirse, el joven de 21 a\u00f1os, asegur\u00f3: \u00abSaliendo del partido escuchamos lo que subi\u00f3 un periodista. Son malas personas que quieren arruinar una imagen o algo por el estilo. No pas\u00f3 nada a mayores porque no es verdad lo que dicen. Se hablaron los temas, hay mucho dolor y prefer\u00ed salir\u00bb.<\/p>\n<\/div>\n<p><h2><strong>\u00bfQui\u00e9n ser\u00e1 el centrodelantero contra Argentina?<\/strong><\/h2>\n<\/p>\n<div class=\"custom-text \" readability=\"37\">\n<p>Frente a Per\u00fa, el que entr\u00f3 a jugar el segundo tiempo por Dur\u00e1n fue Luis Su\u00e1rez, llamado a \u00faltimo momento luego de las lesiones de Jhon C\u00f3rdoba y Rafael Santos Borr\u00e9. A los 27 a\u00f1os, Su\u00e1rez viene de convertir 27 goles en 41 partidos para el Almer\u00eda en la Segunda Divisi\u00f3n de Espa\u00f1a.<\/p>\n<\/div>\n<div class=\"sc-e7b891c4-0 ifHnQL image-embed\"><img alt=\"Pirueta de Su\u00e1rez ante Per\u00fa.\nREUTERS\/Luisa Gonzalez\" loading=\"lazy\" width=\"720\" height=\"100\" decoding=\"async\" data-nimg=\"1\" src=\"http:\/\/hoycordobaweb.com\/wp-content\/uploads\/2025\/06\/colombia-antes-de-argentina-una-baja-pesada-en-medio-de-rumores-de-escandalo-4.jpg\"><span class=\"epigraphe\">Pirueta de Su\u00e1rez ante Per\u00fa.<br \/>\nREUTERS\/Luisa Gonzalez<\/span><\/div>\n<p><h2><strong>La palabra de Dur\u00e1n al dejar la concentraci\u00f3n<\/strong><\/h2>\n<\/p>\n<div class=\"sc-734b4696-1 kFfZtB\">\n<div class=\"sc-d00d9e74-0 hnHYbk vertical\" type=\"embed\">\n<div class=\"sc-d00d9e74-1 iKVbz videoText\" id=\"contentTitleembedjGk4EZ0N\" type=\"embed\" readability=\"56\"><svg fill=\"#ffffff\"><symbol id=\"play\" viewBox=\"0 0 512 512\"><path d=\"M512 256C512 397.4 397.4 512 256 512C114.6 512 0 397.4 0 256C0 114.6 114.6 0 256 0C397.4 0 512 114.6 512 256zM176 168V344C176 352.7 180.7 360.7 188.3 364.9C195.8 369.2 205.1 369 212.5 364.5L356.5 276.5C363.6 272.1 368 264.4 368 256C368 247.6 363.6 239.9 356.5 235.5L212.5 147.5C205.1 142.1 195.8 142.8 188.3 147.1C180.7 151.3 176 159.3 176 168V168z\" \/><\/symbol><use xlink:href=\"#play\" \/><\/svg><\/p>\n<div class=\"right\" readability=\"7\">\n<p>Selecci\u00f3n de Colombia<!-- --> &#8211; <span>&nbsp;<\/span><\/p>\n<h2 class=\"title-vid\">Dur\u00e1n, dado de baja en Colombia en medio de una pol\u00e9mica<\/h2>\n<\/div>\n<\/div>\n<p><span class=\"back\" id=\"spanBackembedjGk4EZ0N\"><\/span><\/div>\n<\/div>\n<p><h2><strong>Lorenzo: \u00abNo puedo creer que haya tanta mala leche\u00bb<\/strong><\/h2>\n<\/p>\n<div class=\"sc-734b4696-1 kFfZtB\">\n<div class=\"sc-d00d9e74-0 hnHYbk\" type=\"embed\">\n<div class=\"sc-d00d9e74-1 iKVbz videoText\" id=\"contentTitleembedcxSUaK0S\" type=\"embed\"><svg fill=\"#ffffff\"><symbol id=\"play\" viewBox=\"0 0 512 512\"><path d=\"M512 256C512 397.4 397.4 512 256 512C114.6 512 0 397.4 0 256C0 114.6 114.6 0 256 0C397.4 0 512 114.6 512 256zM176 168V344C176 352.7 180.7 360.7 188.3 364.9C195.8 369.2 205.1 369 212.5 364.5L356.5 276.5C363.6 272.1 368 264.4 368 256C368 247.6 363.6 239.9 356.5 235.5L212.5 147.5C205.1 142.1 195.8 142.8 188.3 147.1C180.7 151.3 176 159.3 176 168V168z\" \/><\/symbol><use xlink:href=\"#play\" \/><\/svg><\/p>\n<div class=\"right\">\n<p>N\u00e9stor Lorenzo<!-- --> &#8211; <span>&nbsp;<\/span><\/p>\n<h2 class=\"title-vid\">Lorenzo: \u00abNo puedo creer que haya tanta mala leche\u00bb<\/h2>\n<\/div>\n<\/div>\n<p><span class=\"back\" id=\"spanBackembedcxSUaK0S\"><\/span><\/div>\n<\/div>\n<div class=\"sc-a7166897-0 eoLsBE\" readability=\"6.5\">\n<section readability=\"3\"><picture><img alt=\"Exclusivo: el contacto Gallardo-Cristiano para tentarlo con jugar el Mundial de Clubes en River\" loading=\"lazy\" width=\"290\" height=\"290\" decoding=\"async\" data-nimg=\"1\" src=\"http:\/\/hoycordobaweb.com\/wp-content\/uploads\/2025\/06\/colombia-antes-de-argentina-una-baja-pesada-en-medio-de-rumores-de-escandalo-5.jpg\"><\/picture>\n<p><span>Mir\u00e1 tambi\u00e9n<\/span><\/p>\n<hr>\n<h3>Exclusivo: el contacto Gallardo-Cristiano para tentarlo con jugar el Mundial de Clubes en River<\/h3>\n<\/p>\n<\/section>\n<\/div>\n<div class=\"sc-a7166897-0 eoLsBE\" readability=\"6\">\n<section readability=\"2\"><picture><img alt=\"Los compa\u00f1eros de Mastantuono que tuvieron su primer entrenamiento con la Mayor\" loading=\"lazy\" width=\"290\" height=\"290\" decoding=\"async\" data-nimg=\"1\" src=\"http:\/\/hoycordobaweb.com\/wp-content\/uploads\/2025\/06\/colombia-antes-de-argentina-una-baja-pesada-en-medio-de-rumores-de-escandalo-6.jpg\"><\/picture>\n<p><span>Mir\u00e1 tambi\u00e9n<\/span><\/p>\n<hr>\n<h3>Los compa\u00f1eros de Mastantuono que tuvieron su primer entrenamiento con la Mayor<\/h3>\n<\/p>\n<\/section>\n<\/div>\n<div class=\"sc-a7166897-0 eoLsBE\" readability=\"6.5\">\n<section readability=\"3\"><picture><img alt=\"Qu\u00e9 dijeron en Colombia sobre el mal trago ante Per\u00fa y el desaf\u00edo de visitar a la Argentina\" loading=\"lazy\" width=\"290\" height=\"290\" decoding=\"async\" data-nimg=\"1\" src=\"http:\/\/hoycordobaweb.com\/wp-content\/uploads\/2025\/06\/colombia-antes-de-argentina-una-baja-pesada-en-medio-de-rumores-de-escandalo-7.jpg\"><\/picture>\n<p><span>Mir\u00e1 tambi\u00e9n<\/span><\/p>\n<hr>\n<h3>Qu\u00e9 dijeron en Colombia sobre el mal trago ante Per\u00fa y el desaf\u00edo de visitar a la Argentina<\/h3>\n<\/p>\n<\/section>\n<\/div>\n<\/div>\n","protected":false},"excerpt":{"rendered":"<p>07\/06\/2025 17:37hs. Hay ruido en Colombia antes de visitar a la Selecci\u00f3n. Por esos dos puntos en las \u00faltimas cinco fechas en las Eliminatorias. Por ese sexto puesto que amenaza Venezuela (en Repechaje, a tres puntos a tres fechas de final). Y por una cadena de rumores que explotaron apenas finalizado el 0-0 con Per\u00fa [&hellip;]<\/p>\n","protected":false},"author":1,"featured_media":107425,"comment_status":"open","ping_status":"closed","sticky":false,"template":"","format":"standard","meta":[],"categories":[16],"tags":[],"_links":{"self":[{"href":"http:\/\/hoycordobaweb.com\/index.php\/wp-json\/wp\/v2\/posts\/107424"}],"collection":[{"href":"http:\/\/hoycordobaweb.com\/index.php\/wp-json\/wp\/v2\/posts"}],"about":[{"href":"http:\/\/hoycordobaweb.com\/index.php\/wp-json\/wp\/v2\/types\/post"}],"author":[{"embeddable":true,"href":"http:\/\/hoycordobaweb.com\/index.php\/wp-json\/wp\/v2\/users\/1"}],"replies":[{"embeddable":true,"href":"http:\/\/hoycordobaweb.com\/index.php\/wp-json\/wp\/v2\/comments?post=107424"}],"version-history":[{"count":0,"href":"http:\/\/hoycordobaweb.com\/index.php\/wp-json\/wp\/v2\/posts\/107424\/revisions"}],"wp:featuredmedia":[{"embeddable":true,"href":"http:\/\/hoycordobaweb.com\/index.php\/wp-json\/wp\/v2\/media\/107425"}],"wp:attachment":[{"href":"http:\/\/hoycordobaweb.com\/index.php\/wp-json\/wp\/v2\/media?parent=107424"}],"wp:term":[{"taxonomy":"category","embeddable":true,"href":"http:\/\/hoycordobaweb.com\/index.php\/wp-json\/wp\/v2\/categories?post=107424"},{"taxonomy":"post_tag","embeddable":true,"href":"http:\/\/hoycordobaweb.com\/index.php\/wp-json\/wp\/v2\/tags?post=107424"}],"curies":[{"name":"wp","href":"https:\/\/api.w.org\/{rel}","templated":true}]}}