{"id":107217,"date":"2025-06-05T21:13:33","date_gmt":"2025-06-05T21:13:33","guid":{"rendered":"https:\/\/www.ole.com.ar\/futbol-internacional\/lamine-yamal-festejo-espana-francia-goles-hizo-nations-league-semi-final_0_ibuMs1xcB6.html"},"modified":"2025-06-05T21:13:33","modified_gmt":"2025-06-05T21:13:33","slug":"yamal-el-doblete-a-francia-y-un-festejo-a-lo-lamine","status":"publish","type":"post","link":"http:\/\/hoycordobaweb.com\/index.php\/2025\/06\/05\/yamal-el-doblete-a-francia-y-un-festejo-a-lo-lamine\/","title":{"rendered":"Yamal: el doblete a Francia y un festejo a lo Lamine"},"content":{"rendered":"<p><img src=\"http:\/\/hoycordobaweb.com\/wp-content\/uploads\/2025\/06\/yamal-el-doblete-a-francia-y-un-festejo-a-lo-lamine.jpg\"><\/p>\n<p><time class=\"createDate\" datetime=\"2025-06-05T18:13:33-03:00\">05\/06\/2025 18:13hs.<\/time><\/p>\n<div id=\"storyBody\">\n<div class=\"custom-text \" readability=\"29.789473684211\">\n<p>Guio al <a href=\"https:\/\/www.ole.com.ar\/tema\/barcelona.html\" title=\"Barcelona\" alt=\"Barcelona\" class=\"slug\">Barcelona <\/a>a levantar un <a href=\"https:\/\/www.ole.com.ar\/usa\/futbol-internacional\/liga-de-espana\/barcelona-espanyol-liga-de-espana-como-ver-donde-ver-alineaciones-partido-campeonato_0_kw1GYDAIOz.html\" title=\" nuevo t\u00edtulo de liga\" alt=\" nuevo t\u00edtulo de liga\">nuevo t\u00edtulo de liga<\/a> y se perfila como uno de los principales candidatos al Bal\u00f3n de Oro, pero, con tan solo 17 a\u00f1os, a <strong><a href=\"https:\/\/www.ole.com.ar\/tema\/lamine-yamal.html\" title=\"Lamine Yamal\" alt=\"Lamine Yamal\" class=\"slug\">Lamine Yamal<\/a><\/strong>todo esto lo tiene sin cuidado. Tal es as\u00ed, que <strong>la joya de Espa\u00f1a volvi\u00f3 a brindar una muestra de su personalidad en lo que fue la <a href=\"https:\/\/www.ole.com.ar\/usa\/futbol-internacional\/espana-vs-francia-a-que-hora-juegan-como-ver-en-vivo-uefa-nations-league-minuto-a-minuto_0_DYVPAkHcGX.html\" target=\"_blank\" title=\"victoria de su selecci\u00f3n contra Francia,\" alt=\"victoria de su selecci\u00f3n contra Francia,\" rel=\"noopener noreferrer\">victoria de su selecci\u00f3n contra Francia,<\/a><\/strong> en la semifinal de la <a href=\"https:\/\/www.ole.com.ar\/tema\/nations-league.html\" target=\"_blank\" title=\"Nations League\" alt=\"Nations League\" class=\"slug\" rel=\"noopener noreferrer\">Nations League<\/a>.<\/p>\n<\/div>\n<div class=\"custom-text \" readability=\"38\">\n<p>La Roja se med\u00eda contra la \u00faltima subcampeona del mundo en un cl\u00e1sico europeo que cada a\u00f1o crece m\u00e1s, y que se intensific\u00f3 con la semifinal de la Eurocopa 2024, en la que los espa\u00f1oles se impusieron por 2-1 para posteriormente levantar el t\u00edtulo. Y de cara a la nueva edici\u00f3n de este picante choque, <strong>Lamine empez\u00f3 a jugar su partido horas antes.<\/strong><\/p>\n<\/div>\n<div class=\"custom-text \" readability=\"37.012987012987\">\n<p>Fue en la tarde del mi\u00e9rcoles, d\u00eda previo al partido, que el chico de Barcelona <strong>public\u00f3 en sus redes sociales una foto recordando el golazo que le marc\u00f3 a los galos en el mencionado duelo de <a href=\"https:\/\/www.ole.com.ar\/tema\/eurocopa-2024.html\" title=\"Eurocopa 2024\" alt=\"Eurocopa 2024\" class=\"slug\">Eurocopa<\/a>.<\/strong> Una movida fiel al estilo de Yamal, que ya calentaba la previa del encuentro a disputarse en Stuttgart.<\/p>\n<\/div>\n<div class=\"sc-e7b891c4-0 ifHnQL image-embed\"><img alt=\"La picante historia de Lamine Yamal en la previa del partido con Francia.\" loading=\"lazy\" width=\"720\" height=\"100\" decoding=\"async\" data-nimg=\"1\" src=\"http:\/\/hoycordobaweb.com\/wp-content\/uploads\/2025\/06\/yamal-el-doblete-a-francia-y-un-festejo-a-lo-lamine-2.jpg\"><span class=\"epigraphe\">La picante historia de Lamine Yamal en la previa del partido con Francia.<\/span><\/div>\n<div class=\"custom-text \" readability=\"41\">\n<p>Sin embargo, en el campo de juego Yamal tambi\u00e9n habl\u00f3. Luego de un primer tiempo discreto, en el que sus compa\u00f1eros se lucieron un poco m\u00e1s que \u00e9l, el joven talento puso su sello en el complemento. En 54\u2019 de juego, <strong>gener\u00f3 un penal que luego cambi\u00f3 por gol,<\/strong> mientras que 13 minutos m\u00e1s tarde, <strong>ensay\u00f3 una jugada individual que complet\u00f3 con una definici\u00f3n de punta para poner el 4-1 parcial.<\/strong><\/p>\n<\/div>\n<div class=\"custom-text \" readability=\"35\">\n<p>Durante todo el encuentro, <strong>el nacido en 2007 jug\u00f3 para las tribunas<\/strong>. Pidi\u00f3 aliento, sonri\u00f3 constantemente y hasta cuando le toc\u00f3 ejecutar el penal se puso a rebotar la pelota contra su hombro.<\/p>\n<\/div>\n<div class=\"custom-text \" readability=\"38\">\n<p>Y cuando anot\u00f3 el segundo tanto en su cuenta personal, la postura de Yamal no fue la excepci\u00f3n: <strong>se sent\u00f3 en los carteles de publicidad, con una postura relajada, brazos abiertos y mirando al p\u00fablico<\/strong>, mientras se llevaba todos los flashes de los fot\u00f3grafos presentes.<\/p>\n<\/div>\n<p><h2><strong>El festejo de Lamine Yamal<\/strong><\/h2>\n<\/p>\n<div class=\"sc-e7b891c4-0 ifHnQL image-embed\"><img alt=\"El festejo de Yamal tras su doblete ante Francia. (REUTERS\/Angelika Warmuth)\" loading=\"lazy\" width=\"720\" height=\"100\" decoding=\"async\" data-nimg=\"1\" src=\"http:\/\/hoycordobaweb.com\/wp-content\/uploads\/2025\/06\/yamal-el-doblete-a-francia-y-un-festejo-a-lo-lamine-3.jpg\"><span class=\"epigraphe\">El festejo de Yamal tras su doblete ante Francia. (REUTERS\/Angelika Warmuth)<\/span><\/div>\n<p><h2><strong>Los goles de la victoria de Espa\u00f1a vs Francia<\/strong><\/h2>\n<\/p>\n<div class=\"custom-text \" readability=\"40\">\n<p>Espa\u00f1a termin\u00f3 sufriendo y lo que pudo haber sido una goleada hist\u00f3rica finaliz\u00f3 con un <strong>ajustado 5-4. <\/strong>Nico Williams, Mikel Merino, Yamal por duplicado y Pedri marcaron para los dirigidos por Luis de la Fuente, mientras que en Francia descontaron Kylian Mbapp\u00e9, Rayan Cherku, Dani Vivian y Kolo Muani.<\/p>\n<\/div>\n<div class=\"custom-text \" readability=\"36\">\n<p>De esta manera, Espa\u00f1a se clasific\u00f3 a la <strong>final de la Nations League,<\/strong> en la que estar\u00e1 enfrentando a <strong>Portugal <\/strong>(le gan\u00f3 2-1 a Alemania), el <strong>domingo 8 de junio <\/strong>en el Allian Arena de M\u00fanich. <\/p>\n<\/div>\n<div class=\"sc-734b4696-1 kFfZtB\">\n<div class=\"sc-d00d9e74-0 hnHYbk\" type=\"embed\">\n<div class=\"sc-d00d9e74-1 iKVbz videoText\" id=\"contentTitleembedQ2cqd0ou\" type=\"embed\" readability=\"56\"><svg fill=\"#ffffff\"><symbol id=\"play\" viewBox=\"0 0 512 512\"><path d=\"M512 256C512 397.4 397.4 512 256 512C114.6 512 0 397.4 0 256C0 114.6 114.6 0 256 0C397.4 0 512 114.6 512 256zM176 168V344C176 352.7 180.7 360.7 188.3 364.9C195.8 369.2 205.1 369 212.5 364.5L356.5 276.5C363.6 272.1 368 264.4 368 256C368 247.6 363.6 239.9 356.5 235.5L212.5 147.5C205.1 142.1 195.8 142.8 188.3 147.1C180.7 151.3 176 159.3 176 168V168z\" \/><\/symbol><use xlink:href=\"#play\" \/><\/svg><\/p>\n<div class=\"right\" readability=\"7\">\n<p>selecci\u00f3n de espa\u00f1a<!-- --> &#8211; <span>&nbsp;<\/span><\/p>\n<h2 class=\"title-vid\">Todos los goles de Espa\u00f1a 5 &#8211; Francia 4<\/h2>\n<\/div>\n<\/div>\n<p><span class=\"back\" id=\"spanBackembedQ2cqd0ou\"><\/span><\/div>\n<div class=\"JWvideoNota_title\">\n<p>Video: ESPN.<\/p>\n<\/div>\n<\/div>\n<div class=\"sc-a7166897-0 eoLsBE\" readability=\"6\">\n<section readability=\"2\"><picture><img alt=\"El mapa del Mundial 2026: hay tres nuevos clasificados de Asia\" loading=\"lazy\" width=\"290\" height=\"290\" decoding=\"async\" data-nimg=\"1\" src=\"http:\/\/hoycordobaweb.com\/wp-content\/uploads\/2025\/06\/yamal-el-doblete-a-francia-y-un-festejo-a-lo-lamine-4.jpg\"><\/picture>\n<p><span>Mir\u00e1 tambi\u00e9n<\/span><\/p>\n<hr>\n<h3>El mapa del Mundial 2026: hay tres nuevos clasificados de Asia<\/h3>\n<\/p>\n<\/section>\n<\/div>\n<div class=\"sc-a7166897-0 eoLsBE\" readability=\"6\">\n<section readability=\"2\"><picture><img alt=\"Mastantuono va a jugar en el Real Madrid: ahora se negocia cu\u00e1ndo se va de River\" loading=\"lazy\" width=\"290\" height=\"290\" decoding=\"async\" data-nimg=\"1\" src=\"http:\/\/hoycordobaweb.com\/wp-content\/uploads\/2025\/06\/yamal-el-doblete-a-francia-y-un-festejo-a-lo-lamine-5.jpg\"><\/picture>\n<p><span>Mir\u00e1 tambi\u00e9n<\/span><\/p>\n<hr>\n<h3>Mastantuono va a jugar en el Real Madrid: ahora se negocia cu\u00e1ndo se va de River<\/h3>\n<\/p>\n<\/section>\n<\/div>\n<div class=\"sc-a7166897-0 eoLsBE\" readability=\"6.5\">\n<section readability=\"3\"><picture><img alt=\"Red Bull Salzburgo, el club europeo con un ex Boca que sue\u00f1a en el Mundial de Clubes\" loading=\"lazy\" width=\"290\" height=\"290\" decoding=\"async\" data-nimg=\"1\" src=\"http:\/\/hoycordobaweb.com\/wp-content\/uploads\/2025\/06\/yamal-el-doblete-a-francia-y-un-festejo-a-lo-lamine-6.jpg\"><\/picture>\n<p><span>Mir\u00e1 tambi\u00e9n<\/span><\/p>\n<hr>\n<h3>Red Bull Salzburgo, el club europeo con un ex Boca que sue\u00f1a en el Mundial de Clubes<\/h3>\n<\/p>\n<\/section>\n<\/div>\n<div class=\"sc-a7166897-0 eoLsBE\" readability=\"6.5\">\n<section readability=\"3\"><picture><img alt=\"Van Basten critic\u00f3 a la UEFA por el show musical antes de la final de la Champions: &quot;Es rid\u00edculo&quot;\" loading=\"lazy\" width=\"290\" height=\"290\" decoding=\"async\" data-nimg=\"1\" src=\"http:\/\/hoycordobaweb.com\/wp-content\/uploads\/2025\/06\/yamal-el-doblete-a-francia-y-un-festejo-a-lo-lamine-7.jpg\"><\/picture>\n<p><span>Mir\u00e1 tambi\u00e9n<\/span><\/p>\n<hr>\n<h3>Van Basten critic\u00f3 a la UEFA por el show musical antes de la final de la Champions: \u00abEs rid\u00edculo\u00bb<\/h3>\n<\/p>\n<\/section>\n<\/div>\n<div class=\"sc-a7166897-0 eoLsBE\" readability=\"6.5\">\n<section readability=\"3\"><picture><img alt=\"Un crack sudamericano del Liverpool habl\u00f3 de la posibilidad de jugar en Barcelona: &quot;Estoy buscando lo mejor&quot;\" loading=\"lazy\" width=\"290\" height=\"290\" decoding=\"async\" data-nimg=\"1\" src=\"http:\/\/hoycordobaweb.com\/wp-content\/uploads\/2025\/06\/yamal-el-doblete-a-francia-y-un-festejo-a-lo-lamine-8.jpg\"><\/picture>\n<p><span>Mir\u00e1 tambi\u00e9n<\/span><\/p>\n<hr>\n<h3>Un crack sudamericano del Liverpool habl\u00f3 de la posibilidad de jugar en Barcelona: \u00abEstoy buscando lo mejor\u00bb<\/h3>\n<\/p>\n<\/section>\n<\/div>\n<\/div>\n","protected":false},"excerpt":{"rendered":"<p>05\/06\/2025 18:13hs. Guio al Barcelona a levantar un nuevo t\u00edtulo de liga y se perfila como uno de los principales candidatos al Bal\u00f3n de Oro, pero, con tan solo 17 a\u00f1os, a Lamine Yamaltodo esto lo tiene sin cuidado. Tal es as\u00ed, que la joya de Espa\u00f1a volvi\u00f3 a brindar una muestra de su personalidad [&hellip;]<\/p>\n","protected":false},"author":1,"featured_media":107218,"comment_status":"open","ping_status":"closed","sticky":false,"template":"","format":"standard","meta":[],"categories":[16],"tags":[],"_links":{"self":[{"href":"http:\/\/hoycordobaweb.com\/index.php\/wp-json\/wp\/v2\/posts\/107217"}],"collection":[{"href":"http:\/\/hoycordobaweb.com\/index.php\/wp-json\/wp\/v2\/posts"}],"about":[{"href":"http:\/\/hoycordobaweb.com\/index.php\/wp-json\/wp\/v2\/types\/post"}],"author":[{"embeddable":true,"href":"http:\/\/hoycordobaweb.com\/index.php\/wp-json\/wp\/v2\/users\/1"}],"replies":[{"embeddable":true,"href":"http:\/\/hoycordobaweb.com\/index.php\/wp-json\/wp\/v2\/comments?post=107217"}],"version-history":[{"count":0,"href":"http:\/\/hoycordobaweb.com\/index.php\/wp-json\/wp\/v2\/posts\/107217\/revisions"}],"wp:featuredmedia":[{"embeddable":true,"href":"http:\/\/hoycordobaweb.com\/index.php\/wp-json\/wp\/v2\/media\/107218"}],"wp:attachment":[{"href":"http:\/\/hoycordobaweb.com\/index.php\/wp-json\/wp\/v2\/media?parent=107217"}],"wp:term":[{"taxonomy":"category","embeddable":true,"href":"http:\/\/hoycordobaweb.com\/index.php\/wp-json\/wp\/v2\/categories?post=107217"},{"taxonomy":"post_tag","embeddable":true,"href":"http:\/\/hoycordobaweb.com\/index.php\/wp-json\/wp\/v2\/tags?post=107217"}],"curies":[{"name":"wp","href":"https:\/\/api.w.org\/{rel}","templated":true}]}}