{"id":107134,"date":"2025-06-05T11:01:49","date_gmt":"2025-06-05T11:01:49","guid":{"rendered":"https:\/\/www.trendencias.com\/celebrities\/chanel-se-pronuncia-puesto-24-melody-eurovision-otros-eurovisivos-tambien-se-han-mojado"},"modified":"2025-06-05T11:01:49","modified_gmt":"2025-06-05T11:01:49","slug":"chanel-habla-sin-tapujos-sobre-el-puesto-de-melody-en-eurovision","status":"publish","type":"post","link":"http:\/\/hoycordobaweb.com\/index.php\/2025\/06\/05\/chanel-habla-sin-tapujos-sobre-el-puesto-de-melody-en-eurovision\/","title":{"rendered":"Chanel habla sin tapujos sobre el puesto de Melody en Eurovisi\u00f3n"},"content":{"rendered":"<p>Toda Espa\u00f1a se qued\u00f3 en shock cuando se cosc\u00f3 de que <strong>Melody <\/strong>quedaba en el puesto 24\u00ba con tan solo 37 puntos. Y a partir de ah\u00ed, la int\u00e9rprete de &#8216;Esa diva&#8217; inici\u00f3 una espiral de pol\u00e9micas marcada por su supuesta <a class=\"text-outboundlink\" href=\"https:\/\/www.trendencias.com\/celebrities\/melody-critica-a-rtve-da-palo-a-broncano-responde-como-miss-cuando-le-preguntan-israel\" data-vars-post-title=\"Melody critica a RTVE, da un palo a Broncano, y responde como una miss cuando le preguntan por Israel \" data-vars-post-url=\"https:\/\/www.trendencias.com\/celebrities\/melody-critica-a-rtve-da-palo-a-broncano-responde-como-miss-cuando-le-preguntan-israel\">mala relaci\u00f3n con RTVE<\/a>, pullas <a class=\"text-outboundlink\" href=\"https:\/\/www.trendencias.com\/celebrities\/broncano-eligio-carta-salud-mental-para-atacar-a-melody-jugada-le-ha-salido-mal-lluvia-criticas\" data-vars-post-title=\"Broncano eligi\u00f3 la carta de la salud mental para atacar a Melody y la jugada le ha salido mal: la lluvia de cr\u00edticas\" data-vars-post-url=\"https:\/\/www.trendencias.com\/celebrities\/broncano-eligio-carta-salud-mental-para-atacar-a-melody-jugada-le-ha-salido-mal-lluvia-criticas\">contra Broncano<\/a> y una inesperada <a class=\"text-outboundlink\" href=\"https:\/\/www.trendencias.com\/celebrities\/se-dispara-cache-melody-su-conflicto-tve-contrato-telecinco-visita-a-hormiguero-su-concierto-mejor-pagado\" data-vars-post-title=\"Se dispara el cach\u00e9 de Melody tras su conflicto con TVE: un contrato en Telecinco, la visita a 'El Hormiguero' y su concierto mejor pagado \" data-vars-post-url=\"https:\/\/www.trendencias.com\/celebrities\/se-dispara-cache-melody-su-conflicto-tve-contrato-telecinco-visita-a-hormiguero-su-concierto-mejor-pagado\">visita a &#8216;El Hormiguero&#8217;<\/a>. Pero una cosa est\u00e1 cristalina: la andaluza lo hizo de maravilla.<\/p>\n<p><!-- BREAK 1 --> <\/p>\n<p>Ojo, que no lo digo yo, que tambi\u00e9n, varios de nuestros representante eurovisivos han ensalzado la puesta en escena de la de Dos Hermanas. La \u00faltima ha sido <strong>Chanel<\/strong>, quien obtuvo el tercer puesto en el certamen en 2022, en los Premios de la Academia de la M\u00fasica de Espa\u00f1a: \u00abEres una puta diosa\u00bb, fue el mensaje que la cubana le envi\u00f3 a su compa\u00f1era: \u00abYo he estado ah\u00ed y s\u00e9 lo que es la vuelta, la locura&#8230;\u00bb, apunta sobre la actual situaci\u00f3n de Melod\u00eda.<\/p>\n<p><!-- BREAK 2 --><\/p>\n<blockquote class=\"tiktok-embed\" cite=\"https:\/\/www.tiktok.com\/@europapress\/video\/7506805291099409686\" data-video-id=\"7506805291099409686\" data-embed-from=\"oembed\" readability=\"3.8283828382838\">\n<section readability=\"3.0627062706271\"> <a target=\"_blank\" title=\"@europapress\" href=\"https:\/\/www.tiktok.com\/@europapress?refer=embed\" rel=\"noopener noreferrer\">@europapress<\/a> <\/p>\n<p>La cantante Chanel se ha mostrado \u00abmuy orgullosa\u00bb de la actuaci\u00f3n de Melody en Eurovisi\u00f3n y le ha enviado su \u00abm\u00e1ximo apoyo\u00bb: \u00abEmpatizo con ella y s\u00e9 lo que tiene que estar sintiendo. Hay que darle espacio. Es mucha presi\u00f3n\u00bb. <a title=\"eurovision\" target=\"_blank\" href=\"https:\/\/www.tiktok.com\/tag\/eurovision?refer=embed\" rel=\"noopener noreferrer\">#eurovision<\/a><\/p>\n<p> <a target=\"_blank\" title=\"\u266c original sound - Europa Press - Europa Press\" href=\"https:\/\/www.tiktok.com\/music\/original-sound-Europa-Press-7506805272043703062?refer=embed\" rel=\"noopener noreferrer\">\u266c original sound &#8211; Europa Press &#8211; Europa Press<\/a> <\/section>\n<\/blockquote>\n<p>En otra ocasi\u00f3n, Terrero ya afirm\u00f3 que est\u00e1 \u00abmuy orgullosa\u00bb de la cantante y demostr\u00f3 cu\u00e1nto empatizaba \u00abcon Melody y s\u00e9 lo que tiene que estar sintiendo. Y con todo el equipo de Televisi\u00f3n Espa\u00f1ola, mi m\u00e1ximo apoyo para ellos\u00bb.<\/p>\n<p><!-- BREAK 3 --> <\/p>\n<div class=\"article-asset-image article-asset-normal article-asset-center\">\n<div class=\"asset-content\"> <img class=\"centro_sinmarco\" height=\"900\" width=\"1600\" loading=\"lazy\" decoding=\"async\" sizes=\"100vw\" fetchpriority=\"high\" srcset=\"http:\/\/hoycordobaweb.com\/wp-content\/uploads\/2025\/06\/chanel-habla-sin-tapujos-sobre-el-puesto-de-melody-en-eurovision.jpg 450w, http:\/\/hoycordobaweb.com\/wp-content\/uploads\/2025\/06\/chanel-habla-sin-tapujos-sobre-el-puesto-de-melody-en-eurovision-5.jpg 681w, http:\/\/hoycordobaweb.com\/wp-content\/uploads\/2025\/06\/chanel-habla-sin-tapujos-sobre-el-puesto-de-melody-en-eurovision-6.jpg 1024w, http:\/\/hoycordobaweb.com\/wp-content\/uploads\/2025\/06\/chanel-habla-sin-tapujos-sobre-el-puesto-de-melody-en-eurovision-7.jpg 1366w\" src=\"http:\/\/hoycordobaweb.com\/wp-content\/uploads\/2025\/06\/chanel-habla-sin-tapujos-sobre-el-puesto-de-melody-en-eurovision.jpg\" alt=\"g\"> <noscript><img alt=\"g\" class=\"centro_sinmarco\" src=\"http:\/\/hoycordobaweb.com\/wp-content\/uploads\/2025\/06\/chanel-habla-sin-tapujos-sobre-el-puesto-de-melody-en-eurovision.jpg\"><\/noscript> <\/div>\n<\/div>\n<p><strong>Blanca Paloma<\/strong>, que obtuvo la 17\u00ba posici\u00f3n con &#8216;Eaea&#8217; en 2023, declar\u00f3 en el espacio de Ana Terradillos que Melody \u00abhizo una actuaci\u00f3n impecable. Es una compa\u00f1era trabajadora, eso lo hemos podido ver todos, y los resultados muchas veces no tienen que ver con la calidad y el talento que se pone sobre ese escenario. Hay muchos factores que influyen\u00bb, aseguraba la de Alicante.<\/p>\n<p><!-- BREAK 4 --><\/p>\n<div class=\"article-asset-image article-asset-normal article-asset-center\">\n<div class=\"asset-content\"> <img class=\"centro_sinmarco\" height=\"901\" width=\"1600\" loading=\"lazy\" decoding=\"async\" sizes=\"100vw\" fetchpriority=\"high\" srcset=\"http:\/\/hoycordobaweb.com\/wp-content\/uploads\/2025\/06\/chanel-habla-sin-tapujos-sobre-el-puesto-de-melody-en-eurovision-1.jpg 450w, http:\/\/hoycordobaweb.com\/wp-content\/uploads\/2025\/06\/chanel-habla-sin-tapujos-sobre-el-puesto-de-melody-en-eurovision-8.jpg 681w, http:\/\/hoycordobaweb.com\/wp-content\/uploads\/2025\/06\/chanel-habla-sin-tapujos-sobre-el-puesto-de-melody-en-eurovision-9.jpg 1024w, http:\/\/hoycordobaweb.com\/wp-content\/uploads\/2025\/06\/chanel-habla-sin-tapujos-sobre-el-puesto-de-melody-en-eurovision-10.jpg 1366w\" src=\"http:\/\/hoycordobaweb.com\/wp-content\/uploads\/2025\/06\/chanel-habla-sin-tapujos-sobre-el-puesto-de-melody-en-eurovision-1.jpg\" alt=\"g\"> <noscript><img alt=\"g\" class=\"centro_sinmarco\" src=\"http:\/\/hoycordobaweb.com\/wp-content\/uploads\/2025\/06\/chanel-habla-sin-tapujos-sobre-el-puesto-de-melody-en-eurovision-1.jpg\"><\/noscript> <\/div>\n<\/div>\n<p>Por otro lado, <strong>Pastora Soler<\/strong>, que se agenci\u00f3 de un merecido d\u00e9cimo puesto en 2012 con &#8216;Qu\u00e9date conmigo&#8217; advirti\u00f3 de que Espa\u00f1a no ten\u00eda que \u00abquedar tan bajo, eso por supuesto, no s\u00e9, un top diez, quince, pero la verdad es que no es justo, ni el de ella ni el de muchas otras candidaturas, que siempre no s\u00e9 por qu\u00e9 nos castigan tanto, pero bueno. Hay que seguir ah\u00ed y ya est\u00e1\u00bb, declaraba en Instagram.<\/p>\n<p><!-- BREAK 5 --><\/p>\n<div class=\"article-asset-image article-asset-normal article-asset-center\">\n<div class=\"asset-content\"> <img class=\"centro_sinmarco\" height=\"576\" width=\"1024\" loading=\"lazy\" decoding=\"async\" sizes=\"100vw\" fetchpriority=\"high\" srcset=\"http:\/\/hoycordobaweb.com\/wp-content\/uploads\/2025\/06\/chanel-habla-sin-tapujos-sobre-el-puesto-de-melody-en-eurovision-2.jpg 450w, http:\/\/hoycordobaweb.com\/wp-content\/uploads\/2025\/06\/chanel-habla-sin-tapujos-sobre-el-puesto-de-melody-en-eurovision-11.jpg 681w, http:\/\/hoycordobaweb.com\/wp-content\/uploads\/2025\/06\/chanel-habla-sin-tapujos-sobre-el-puesto-de-melody-en-eurovision-12.jpg 1024w, http:\/\/hoycordobaweb.com\/wp-content\/uploads\/2025\/06\/chanel-habla-sin-tapujos-sobre-el-puesto-de-melody-en-eurovision-13.jpg 1366w\" src=\"http:\/\/hoycordobaweb.com\/wp-content\/uploads\/2025\/06\/chanel-habla-sin-tapujos-sobre-el-puesto-de-melody-en-eurovision-2.jpg\" alt=\"f\"> <noscript><img alt=\"f\" class=\"centro_sinmarco\" src=\"http:\/\/hoycordobaweb.com\/wp-content\/uploads\/2025\/06\/chanel-habla-sin-tapujos-sobre-el-puesto-de-melody-en-eurovision-2.jpg\"><\/noscript> <\/div>\n<\/div>\n<p>O <strong>Blas Cant\u00f3<\/strong>, que, al igual que Melody, se posicion\u00f3 en el puesto 24\u00ba en 2021 con &#8216;Voy a quedarme&#8217;: \u00abMelody y yo en el 24&#8230; Es que es una loter\u00eda, es un programa de televisi\u00f3n, entonces nunca sabes lo que va a pasar\u00bb, recordaba en &#8216;En compa\u00f1\u00eda&#8217;, programa conducido por Ram\u00f3n Garc\u00eda en Castilla-La Mancha Media.<\/p>\n<p><!-- BREAK 6 --> <\/p>\n<div class=\"article-asset-image article-asset-normal article-asset-center\">\n<div class=\"asset-content\"> <img class=\"centro_sinmarco\" height=\"900\" width=\"1600\" loading=\"lazy\" decoding=\"async\" sizes=\"100vw\" fetchpriority=\"high\" srcset=\"http:\/\/hoycordobaweb.com\/wp-content\/uploads\/2025\/06\/chanel-habla-sin-tapujos-sobre-el-puesto-de-melody-en-eurovision-3.jpg 450w, http:\/\/hoycordobaweb.com\/wp-content\/uploads\/2025\/06\/chanel-habla-sin-tapujos-sobre-el-puesto-de-melody-en-eurovision-14.jpg 681w, http:\/\/hoycordobaweb.com\/wp-content\/uploads\/2025\/06\/chanel-habla-sin-tapujos-sobre-el-puesto-de-melody-en-eurovision-15.jpg 1024w, http:\/\/hoycordobaweb.com\/wp-content\/uploads\/2025\/06\/chanel-habla-sin-tapujos-sobre-el-puesto-de-melody-en-eurovision-16.jpg 1366w\" src=\"http:\/\/hoycordobaweb.com\/wp-content\/uploads\/2025\/06\/chanel-habla-sin-tapujos-sobre-el-puesto-de-melody-en-eurovision-3.jpg\" alt=\"Descarga 22\"> <noscript><img alt=\"Descarga 22\" class=\"centro_sinmarco\" src=\"http:\/\/hoycordobaweb.com\/wp-content\/uploads\/2025\/06\/chanel-habla-sin-tapujos-sobre-el-puesto-de-melody-en-eurovision-3.jpg\"><\/noscript> <\/div>\n<\/div>\n<p>En el caso de <strong>Barei<\/strong>, alcanz\u00f3 la posici\u00f3n 22\u00ba con &#8216;Say yay!&#8217; en 2016. En palabras de la m\u00fasica para &#8216;<a rel=\"noopener, noreferrer\" href=\"https:\/\/www.europapress.es\/chance\/gente\/noticia-barei-sincera-paso-eurovision-da-consejo-melody-tristeza-tiene-pasar-20250527150512.html\" data-id=\"noopener noreferrer\">Europa Press<\/a>&#8216;, \u00abCon una actuaci\u00f3n como la suya y con un talento como el suyo, da rabia. Me imagino que Melody debe sentir injusticia, pero es verdad que creo que el valor va por otro lado. El trabajo est\u00e1 bien hecho, ella lo ha hecho impecable y ha habido responsabilidad, cari\u00f1o, cercan\u00eda y carisma. Ella lo ha tenido todo\u00bb.<\/p>\n<p><!-- BREAK 7 --><\/p>\n<blockquote class=\"tiktok-embed\" cite=\"https:\/\/www.tiktok.com\/@vanitatis\/video\/7507596566660762902\" data-video-id=\"7507596566660762902\" data-embed-from=\"oembed\" readability=\"1.6875\">\n<section readability=\"1.125\"> <a target=\"_blank\" title=\"@vanitatis\" href=\"https:\/\/www.tiktok.com\/@vanitatis?refer=embed\" rel=\"noopener noreferrer\">@vanitatis<\/a> <\/p>\n<p><a title=\"massiel\" target=\"_blank\" href=\"https:\/\/www.tiktok.com\/tag\/massiel?refer=embed\" rel=\"noopener noreferrer\">#Massiel<\/a> evita hablar sobre la pol\u00e9mica de <a title=\"eurovision\" target=\"_blank\" href=\"https:\/\/www.tiktok.com\/tag\/eurovision?refer=embed\" rel=\"noopener noreferrer\">#Eurovision<\/a> y la serie <a title=\"lacancion\" target=\"_blank\" href=\"https:\/\/www.tiktok.com\/tag\/lacancion?refer=embed\" rel=\"noopener noreferrer\">#LaCancion<\/a> \ud83c\udfa4 <a title=\"melody\" target=\"_blank\" href=\"https:\/\/www.tiktok.com\/tag\/melody?refer=embed\" rel=\"noopener noreferrer\">#melody<\/a> <a title=\"eurovision2025\" target=\"_blank\" href=\"https:\/\/www.tiktok.com\/tag\/eurovision2025?refer=embed\" rel=\"noopener noreferrer\">#eurovision2025<\/a> <\/p>\n<p> <a target=\"_blank\" title=\"\u266c original sound - vanitatis.com\" href=\"https:\/\/www.tiktok.com\/music\/original-sound-7507596551523257110?refer=embed\" rel=\"noopener noreferrer\">\u266c original sound &#8211; vanitatis.com<\/a> <\/section>\n<\/blockquote>\n<p>No se puede hablar de Eurovisi\u00f3n sin mencionar a la gran <strong>Massiel<\/strong>, quien se hizo con la victoria en 1968 con su ic\u00f3nico &#8216;La, la, la&#8217;. La artista ha recalcado que no se piensa mojar sobre las pol\u00e9micas de la sevillana, pero s\u00ed ha confesado que \u00able gusta mucho Melody\u00bb, ya que \u00abtiene una gran carrera y la va a seguir teniendo\u00bb.<\/p>\n<p><!-- BREAK 8 --><\/p>\n<p>Fotos | RTVE<\/p>\n<p>En Trendencias | <a class=\"text-outboundlink\" href=\"https:\/\/www.trendencias.com\/celebrities\/que-fue-pere-ponce-cura-moderno-cuentame-como-paso-que-enamoro-a-mayor-alcantara\" data-vars-post-title=\"Qu\u00e9 fue de Pere Ponce, el cura moderno de 'Cu\u00e9ntame c\u00f3mo pas\u00f3' que enamor\u00f3 a la mayor de Los Alc\u00e1ntara \" data-vars-post-url=\"https:\/\/www.trendencias.com\/celebrities\/que-fue-pere-ponce-cura-moderno-cuentame-como-paso-que-enamoro-a-mayor-alcantara\" data-id=\"noopener noreferrer\">Qu\u00e9 fue de Pere Ponce, el cura moderno de &#8216;Cu\u00e9ntame c\u00f3mo pas\u00f3&#8217; que enamor\u00f3 a la mayor de Los Alc\u00e1ntara<\/a><\/p>\n<p>En Trendencias | <a class=\"text-outboundlink\" href=\"https:\/\/www.trendencias.com\/celebrities\/que-fue-lluvia-rojo-pili-cuentame-como-paso-cantante-rock-fija-pasapalabra\" data-vars-post-title=\"Qu\u00e9 fue de Lluvia Rojo, Pili en 'Cu\u00e9ntame c\u00f3mo pas\u00f3': cantante de rock y fija en 'Pasapalabra'\" data-vars-post-url=\"https:\/\/www.trendencias.com\/celebrities\/que-fue-lluvia-rojo-pili-cuentame-como-paso-cantante-rock-fija-pasapalabra\" data-id=\"noopener noreferrer\">Qu\u00e9 fue de Lluvia Rojo, Pili en &#8216;Cu\u00e9ntame c\u00f3mo pas\u00f3&#8217;: cantante de rock y fija en &#8216;Pasapalabra&#8217;<\/a><\/p>\n","protected":false},"excerpt":{"rendered":"<p>Toda Espa\u00f1a se qued\u00f3 en shock cuando se cosc\u00f3 de que Melody quedaba en el puesto 24\u00ba con tan solo 37 puntos. Y a partir de ah\u00ed, la int\u00e9rprete de &#8216;Esa diva&#8217; inici\u00f3 una espiral de pol\u00e9micas marcada por su supuesta mala relaci\u00f3n con RTVE, pullas contra Broncano y una inesperada visita a &#8216;El Hormiguero&#8217;. [&hellip;]<\/p>\n","protected":false},"author":1,"featured_media":107135,"comment_status":"closed","ping_status":"closed","sticky":false,"template":"","format":"standard","meta":[],"categories":[],"tags":[],"_links":{"self":[{"href":"http:\/\/hoycordobaweb.com\/index.php\/wp-json\/wp\/v2\/posts\/107134"}],"collection":[{"href":"http:\/\/hoycordobaweb.com\/index.php\/wp-json\/wp\/v2\/posts"}],"about":[{"href":"http:\/\/hoycordobaweb.com\/index.php\/wp-json\/wp\/v2\/types\/post"}],"author":[{"embeddable":true,"href":"http:\/\/hoycordobaweb.com\/index.php\/wp-json\/wp\/v2\/users\/1"}],"replies":[{"embeddable":true,"href":"http:\/\/hoycordobaweb.com\/index.php\/wp-json\/wp\/v2\/comments?post=107134"}],"version-history":[{"count":0,"href":"http:\/\/hoycordobaweb.com\/index.php\/wp-json\/wp\/v2\/posts\/107134\/revisions"}],"wp:featuredmedia":[{"embeddable":true,"href":"http:\/\/hoycordobaweb.com\/index.php\/wp-json\/wp\/v2\/media\/107135"}],"wp:attachment":[{"href":"http:\/\/hoycordobaweb.com\/index.php\/wp-json\/wp\/v2\/media?parent=107134"}],"wp:term":[{"taxonomy":"category","embeddable":true,"href":"http:\/\/hoycordobaweb.com\/index.php\/wp-json\/wp\/v2\/categories?post=107134"},{"taxonomy":"post_tag","embeddable":true,"href":"http:\/\/hoycordobaweb.com\/index.php\/wp-json\/wp\/v2\/tags?post=107134"}],"curies":[{"name":"wp","href":"https:\/\/api.w.org\/{rel}","templated":true}]}}