{"id":107126,"date":"2025-06-05T10:15:20","date_gmt":"2025-06-05T10:15:20","guid":{"rendered":"https:\/\/www.mujerhoy.com\/moda\/no-te-pierdas\/novedades-zara-semana-animal-print-volantes-brillo-20250605040333-nt.html"},"modified":"2025-06-05T10:15:20","modified_gmt":"2025-06-05T10:15:20","slug":"las-novedades-de-zara-de-la-semana-animal-print-volantes-y-mucho-brillo","status":"publish","type":"post","link":"http:\/\/hoycordobaweb.com\/index.php\/2025\/06\/05\/las-novedades-de-zara-de-la-semana-animal-print-volantes-y-mucho-brillo\/","title":{"rendered":"Las novedades de Zara de la semana: animal print, volantes y mucho brillo"},"content":{"rendered":"<p><!-- AUTHOR --><\/p>\n<div class=\"voc-author-timesocial \">\n<!-- AUTHOR --><\/p>\n<div class=\"voc-author-timesocial__signature \">\n<!-- IMAGE AUTHOR -->\n<picture class=\"voc-image-signature\">\n<img class=\"voc-image-signature__img\" src=\"http:\/\/hoycordobaweb.com\/wp-content\/uploads\/2025\/06\/las-novedades-de-zara-de-la-semana-animal-print-volantes-y-mucho-brillo.jpg\" alt=\"Luc\u00eda Garrido V\u00e1zquez\">\n<\/picture>\n<!-- INFO AUTHOR --> <\/div><\/div>\n<p><!-- COMPONENTS --><\/p>\n<p class=\"voc-paragraph\">No importa qu\u00e9 plan vayas a tener este verano, porque tanto si te toca ir a la oficina como si te vas de viaje a alg\u00fan destino ex\u00f3tico o acudes a las fiestas m\u00e1s sofisticadas, <strong>Zara<\/strong> tiene el look con que vas a querer lucir. Sus \u00faltimas novedades se llenan de todo tipo de prendas que se adaptan a cualquier situaci\u00f3n, desde las cl\u00e1sicas <a href=\"https:\/\/www.mujerhoy.com\/moda\/no-te-pierdas\/bermudas-bonitas-primavera-elegantes-20250418162047-nt.html\" target=\"_self\" data-voc-vtm-id=\"in-text-traffic\" title=\"bermudas\" data-mrf-link=\"www.mujerhoy.com\" rel=\"noopener noreferrer\">bermudas<\/a>, a los vestidos midi que tan bien sientan, pasando por pr\u00e1cticos tops y camisetas con las que completar nuestros estilismos.<\/p>\n<p class=\"voc-paragraph\">Pero si hay algo que nos ha encantado de las novedades de la principal firma de<strong> Inditex<\/strong> para esta semana, es la distinci\u00f3n de las prendas a trav\u00e9s de los detalles: bordados, lentejuelas, volantes, encajes, y s\u00ed, la apuesta, una vez m\u00e1s, por el <a href=\"https:\/\/www.mujerhoy.com\/moda\/no-te-pierdas\/chaquetas-animal-print-tendencia-primavera-2025-20250222091012-nt.html\" target=\"_self\" data-voc-vtm-id=\"in-text-traffic\" title=\"animal print\" data-mrf-link=\"www.mujerhoy.com\" rel=\"noopener noreferrer\">animal print<\/a> que esta vez va m\u00e1s all\u00e1 del leopardo.<\/p>\n<div class=\"v-c-cmp v-c-cmp--t1 \">\n<div class=\"v-cmp-rld v-cmp-rld--2 \">\n<div class=\"v-cnt-m v-cnt-m--m\">\n<div class=\"v-cnt-m__c\">\n<div class=\"v-cnt-m__w v-cnt-m__w--1\">\n<p class=\"v-cnt-m__t\">\nTAMBI\u00c9N TE INTERESA\n<\/p>\n<\/div>\n<\/div>\n<\/div>\n<div class=\"v-g v-g--2-c v-g--bdr-min-xs\">\n<div class=\"v-g__c \">\n<article class=\"v-a v-a--cmp-rld v-a--cmp-rld-2 v-a--p-l\">\n<div class=\"v-a-img-c\">\n<figure class=\"v-a-fig\">\n<a href=\"https:\/\/www.mujerhoy.com\/moda\/no-te-pierdas\/conjuntos-verano-comodos-bonitos-20250604073747-nt.html#vtm_modulosEngag=mod-rel:moda:noticia:1:cmp:2-not\" class=\"v-a-link\" title=\"Conjuntos de verano frescos y bonitos para llevar a diario\"><br \/>\n<img loading=\"lazy\" class=\"v-a-img\" src=\"http:\/\/hoycordobaweb.com\/wp-content\/uploads\/2025\/06\/las-novedades-de-zara-de-la-semana-animal-print-volantes-y-mucho-brillo-1.jpg\" alt=\"Conjuntos de verano frescos y bonitos para llevar a diario\"><br \/>\n<\/a><br \/>\n<\/figure>\n<\/div>\n<\/article>\n<\/div>\n<div class=\"v-g__c \">\n<article class=\"v-a v-a--cmp-rld v-a--cmp-rld-2 v-a--p-l\">\n<div class=\"v-a-img-c\">\n<figure class=\"v-a-fig\">\n<a href=\"https:\/\/www.mujerhoy.com\/moda\/tendencias\/pendientes-llevar-invitada-junio-accesorios-joyas-20250604133437-nt.html#vtm_modulosEngag=mod-rel:moda:noticia:2:cmp:2-not\" class=\"v-a-link\" title=\"Qu\u00e9 pendientes llevar como invitada a una boda en junio\"><br \/>\n<img loading=\"lazy\" class=\"v-a-img\" src=\"http:\/\/hoycordobaweb.com\/wp-content\/uploads\/2025\/06\/las-novedades-de-zara-de-la-semana-animal-print-volantes-y-mucho-brillo-2.jpg\" alt=\"Qu\u00e9 pendientes llevar como invitada a una boda en junio\"><br \/>\n<\/a><br \/>\n<\/figure>\n<\/div>\n<\/article>\n<\/div>\n<\/div>\n<\/div>\n<\/div>\n<div class=\"v-c-cmp \">\n<div class=\"v-cmp-m v-cmp-m--t1\">\n<article class=\"v-a v-a--cmp-m v-c-cmp--m-p\">\n<div class=\"v-a-img-c v-a-img-c--fw-xs\">\n<div class=\"v-a-fig\">\n<div class=\"v-a-link\">\n<img loading=\"lazy\" src=\"http:\/\/hoycordobaweb.com\/wp-content\/uploads\/2025\/06\/las-novedades-de-zara-de-la-semana-animal-print-volantes-y-mucho-brillo-3.jpg\" class=\"v-a-img\" width=\"650\" height=\"975\" alt=\"Vestido lino y volantes Zara.\" data-voc-vtm-id=\"in-text-traffic\">\n<\/div><figcaption class=\"v-fc\">\n<span class=\"v-fc__t\"><br \/>\nVestido lino y volantes Zara.<br \/>\n<\/span><br \/>\n<span class=\"v-fc__p\"><br \/>\nZARA.<br \/>\n<\/span><br \/>\n<\/figcaption><\/div>\n<\/div>\n<\/article>\n<\/div>\n<\/div>\n<p><h3 class=\"v-cmp-suh\">\nVestido de tirantes con lino de Zara (35,95 euros)<br \/>\n<\/h3>\n<\/p>\n<p class=\"voc-paragraph\">Prep\u00e1rate para las tardes de verano que se alargan hasta bien entrada la noche y luce tus mejores estilismos gracias a <strong>vestidos<\/strong> como este de lo \u00faltimo de Zara. Un dise\u00f1o fresquito en un azul muy bonito que resalta el bronceado y que cuenta con el detalle de los volantes y la abertura de la pierna.<\/p>\n<div class=\"v-c-cmp \">\n<div class=\"v-cmp-m v-cmp-m--t1\">\n<article class=\"v-a v-a--cmp-m v-c-cmp--m-p\">\n<div class=\"v-a-img-c v-a-img-c--fw-xs\">\n<div class=\"v-a-fig\">\n<div class=\"v-a-link\">\n<img loading=\"lazy\" src=\"http:\/\/hoycordobaweb.com\/wp-content\/uploads\/2025\/06\/las-novedades-de-zara-de-la-semana-animal-print-volantes-y-mucho-brillo-4.jpg\" class=\"v-a-img\" width=\"650\" height=\"975\" alt=\"Pantal\u00f3n estampado serpiente Zara.\" data-voc-vtm-id=\"in-text-traffic\">\n<\/div><figcaption class=\"v-fc\">\n<span class=\"v-fc__t\"><br \/>\nPantal\u00f3n estampado serpiente Zara.<br \/>\n<\/span><br \/>\n<span class=\"v-fc__p\"><br \/>\nZARA.<br \/>\n<\/span><br \/>\n<\/figcaption><\/div>\n<\/div>\n<\/article>\n<\/div>\n<\/div>\n<p><h3 class=\"v-cmp-suh\">\nPantal\u00f3n estampado animal de Zara (59,95 euros)<br \/>\n<\/h3>\n<\/p>\n<p class=\"voc-paragraph\">Las colecciones de los \u00fatlimos meses de invierno ya lo avanzaban: el leopardo iba a ceder el testigo al estampado de serpiente. Y, aunque no hemos dejado de ver el primero, el segundo ha ido ascendiendo entre los preferidos de quienes aman el<strong> animal print.<\/strong> S\u00famate a la tendencia con estos pantalones de tiro medio y cintura tipo faj\u00edn drapeada.<\/p>\n<div class=\"v-c-cmp \">\n<div class=\"v-cmp-m v-cmp-m--t1\">\n<article class=\"v-a v-a--cmp-m v-c-cmp--m-p\">\n<div class=\"v-a-img-c v-a-img-c--fw-xs\">\n<div class=\"v-a-fig\">\n<div class=\"v-a-link\">\n<img loading=\"lazy\" src=\"http:\/\/hoycordobaweb.com\/wp-content\/uploads\/2025\/06\/las-novedades-de-zara-de-la-semana-animal-print-volantes-y-mucho-brillo-5.jpg\" class=\"v-a-img\" width=\"650\" height=\"975\" alt=\"Vestido estampado halterZara.\" data-voc-vtm-id=\"in-text-traffic\">\n<\/div><figcaption class=\"v-fc\">\n<span class=\"v-fc__t\"><br \/>\nVestido estampado halterZara.<br \/>\n<\/span><br \/>\n<span class=\"v-fc__p\"><br \/>\nZARA.<br \/>\n<\/span><br \/>\n<\/figcaption><\/div>\n<\/div>\n<\/article>\n<\/div>\n<\/div>\n<p><h3 class=\"v-cmp-suh\">\nVestido estampado semitransparente de Zara (89,95 euros)<br \/>\n<\/h3>\n<\/p>\n<p class=\"voc-paragraph\">Ideal para las m\u00e1s atrevidas de la fiesta gracias a su tejido semitransparente, este vestido de escote halter ajustable con lazadas con hombros descubiertos y <strong>estampado animal,<\/strong> es de lo m\u00e1s bonito de las \u00faltimas novedades de Zara. Si te haces con \u00e9l, no te olvides de sumarle unas sandalias de tac\u00f3n y elementos dorados.<\/p>\n<div class=\"v-c-cmp \">\n<div class=\"v-cmp-m v-cmp-m--t1\">\n<article class=\"v-a v-a--cmp-m v-c-cmp--m-p\">\n<div class=\"v-a-img-c v-a-img-c--fw-xs\">\n<div class=\"v-a-fig\">\n<div class=\"v-a-link\">\n<img loading=\"lazy\" src=\"http:\/\/hoycordobaweb.com\/wp-content\/uploads\/2025\/06\/las-novedades-de-zara-de-la-semana-animal-print-volantes-y-mucho-brillo-6.jpg\" class=\"v-a-img\" width=\"650\" height=\"975\" alt=\"Vestido combinado cintur\u00f3n Zara.\" data-voc-vtm-id=\"in-text-traffic\">\n<\/div><figcaption class=\"v-fc\">\n<span class=\"v-fc__t\"><br \/>\nVestido combinado cintur\u00f3n Zara.<br \/>\n<\/span><br \/>\n<span class=\"v-fc__p\"><br \/>\nZARA.<br \/>\n<\/span><br \/>\n<\/figcaption><\/div>\n<\/div>\n<\/article>\n<\/div>\n<\/div>\n<p><h3 class=\"v-cmp-suh\">\nVestido midi combinado de Zara (45,95 euros)<br \/>\n<\/h3>\n<\/p>\n<p class=\"voc-paragraph\">Esto que bien podr\u00eda parecer una falda y un <strong>tank top b\u00e1sico<\/strong>, no es otra cosa que un vestido de prendas combinadas con el que salvarnos en ese &#8216;no s\u00e9 qu\u00e9 ponerme&#8217; que termina surgiendo la mayor\u00eda de d\u00edas de verano. \u00bfEl inconveniente? Tendr\u00e1s que llevarlo as\u00ed siempre, a no ser de que coloques por encima alg\u00fan jersey fino.<\/p>\n<div class=\"v-c-cmp \">\n<div class=\"v-cmp-m v-cmp-m--t1\">\n<article class=\"v-a v-a--cmp-m v-c-cmp--m-p\">\n<div class=\"v-a-img-c v-a-img-c--fw-xs\">\n<div class=\"v-a-fig\">\n<div class=\"v-a-link\">\n<img loading=\"lazy\" src=\"http:\/\/hoycordobaweb.com\/wp-content\/uploads\/2025\/06\/las-novedades-de-zara-de-la-semana-animal-print-volantes-y-mucho-brillo-7.jpg\" class=\"v-a-img\" width=\"650\" height=\"975\" alt=\"Falda detalle hebilla Zara.\" data-voc-vtm-id=\"in-text-traffic\">\n<\/div><figcaption class=\"v-fc\">\n<span class=\"v-fc__t\"><br \/>\nFalda detalle hebilla Zara.<br \/>\n<\/span><br \/>\n<span class=\"v-fc__p\"><br \/>\nZara.<br \/>\n<\/span><br \/>\n<\/figcaption><\/div>\n<\/div>\n<\/article>\n<\/div>\n<\/div>\n<p><h3 class=\"v-cmp-suh\">\nFalda midi hebilla de Zara (29,95 euros)<br \/>\n<\/h3>\n<\/p>\n<p class=\"voc-paragraph\">Las <strong>faldas<\/strong> tipo pareo han ido evolucionando hasta llegar a ser versiones de lo m\u00e1s sofisticadas como es el caso de este dise\u00f1o. Confeccionada con un 25% de lino y de tiro alto con detalle de tejido con frunces y hebilla de madera, es la prenda que vas a llevar de la oficina a la terraza combin\u00e1ndola con unas cu\u00f1as de tiras de piel en color marr\u00f3n oscuro.<\/p>\n<div class=\"v-c-cmp \">\n<div class=\"v-cmp-m v-cmp-m--t1\">\n<article class=\"v-a v-a--cmp-m v-c-cmp--m-p\">\n<div class=\"v-a-img-c v-a-img-c--fw-xs\">\n<div class=\"v-a-fig\">\n<div class=\"v-a-link\">\n<img loading=\"lazy\" src=\"http:\/\/hoycordobaweb.com\/wp-content\/uploads\/2025\/06\/las-novedades-de-zara-de-la-semana-animal-print-volantes-y-mucho-brillo-8.jpg\" class=\"v-a-img\" width=\"650\" height=\"975\" alt=\"Bermuda bordados tiro alto Zara.\" data-voc-vtm-id=\"in-text-traffic\">\n<\/div><figcaption class=\"v-fc\">\n<span class=\"v-fc__t\"><br \/>\nBermuda bordados tiro alto Zara.<br \/>\n<\/span><br \/>\n<span class=\"v-fc__p\"><br \/>\nZARA.<br \/>\n<\/span><br \/>\n<\/figcaption><\/div>\n<\/div>\n<\/article>\n<\/div>\n<\/div>\n<p><h3 class=\"v-cmp-suh\">\nBermudas bordados espejos de Zara (45,95)<br \/>\n<\/h3>\n<\/p>\n<p class=\"voc-paragraph\">Vale, reconocemos que las <strong>bermudas<\/strong> con bordados y con espejitos aparecen cada vez que hace buen tiempo, pero adem\u00e1s lo bien que sientan y de lo mucho que estilizan la figura de quienes las llevan, son atemporales. As\u00ed, puedes hacerte con estas, o bien sacar, si tienes, las del a\u00f1o anterior.<\/p>\n<div class=\"v-c-cmp \">\n<div class=\"v-cmp-m v-cmp-m--t1\">\n<article class=\"v-a v-a--cmp-m v-c-cmp--m-p\">\n<div class=\"v-a-img-c v-a-img-c--fw-xs\">\n<div class=\"v-a-fig\">\n<div class=\"v-a-link\">\n<img loading=\"lazy\" src=\"http:\/\/hoycordobaweb.com\/wp-content\/uploads\/2025\/06\/las-novedades-de-zara-de-la-semana-animal-print-volantes-y-mucho-brillo-9.jpg\" class=\"v-a-img\" width=\"650\" height=\"975\" alt=\"Vestido volantes combinaci\u00f3n con carne con Zara.\" data-voc-vtm-id=\"in-text-traffic\">\n<\/div><figcaption class=\"v-fc\">\n<span class=\"v-fc__t\"><br \/>\nVestido volantes combinaci\u00f3n con carne con Zara.<br \/>\n<\/span><br \/>\n<span class=\"v-fc__p\"><br \/>\nZARA.<br \/>\n<\/span><br \/>\n<\/figcaption><\/div>\n<\/div>\n<\/article>\n<\/div>\n<\/div>\n<p><h3 class=\"v-cmp-suh\">\nVestido plata volantes de Zara (29,95 euros)<br \/>\n<\/h3>\n<\/p>\n<p class=\"voc-paragraph\">Si buscas un<strong> vestido<\/strong> que te combine con todo y que sea de lo m\u00e1s f\u00e1cil de llevar, te recomendados este tan bonito de un color plateado y confeccionado con hilo metalizado. Podr\u00e1s lucirlo en muchas fiestas y planes de verano acompa\u00f1ado de unas buenas saldalias de tac\u00f3n o de unas cu\u00f1as altas con tonos dorados.<\/p>\n<div class=\"v-c-cmp \">\n<div class=\"v-cmp-m v-cmp-m--t1\">\n<article class=\"v-a v-a--cmp-m v-c-cmp--m-p\">\n<div class=\"v-a-img-c v-a-img-c--fw-xs\">\n<div class=\"v-a-fig\">\n<div class=\"v-a-link\">\n<img loading=\"lazy\" src=\"http:\/\/hoycordobaweb.com\/wp-content\/uploads\/2025\/06\/las-novedades-de-zara-de-la-semana-animal-print-volantes-y-mucho-brillo-10.jpg\" class=\"v-a-img\" width=\"650\" height=\"975\" alt=\"Vestido corto azul Zara.\" data-voc-vtm-id=\"in-text-traffic\">\n<\/div><figcaption class=\"v-fc\">\n<span class=\"v-fc__t\"><br \/>\nVestido corto azul Zara.<br \/>\n<\/span><br \/>\n<span class=\"v-fc__p\"><br \/>\nZARA.<br \/>\n<\/span><br \/>\n<\/figcaption><\/div>\n<\/div>\n<\/article>\n<\/div>\n<\/div>\n<p><h3 class=\"v-cmp-suh\">\nVestido de punto con tablas de Zara (29,95 euros)<br \/>\n<\/h3>\n<\/p>\n<p class=\"voc-paragraph\">Si te ha gustado este vestido de punto con detalle de tablas y en un vibrante color azul con el que nos recuerda que la tendencia del <strong>tennis-core<\/strong> que tanto triunf\u00f3 hace un par de temporadas, no ha muerto del todo, no dudes en hacerte con \u00e9l y en combinarlo con los mejores accesorios. Como ves, todo vuelve, as\u00ed que este vestido puede ser una buena opci\u00f3n este verano.<\/p>\n<div class=\"v-c-cmp v-c-cmp--t1 \">\n<div class=\"v-cmp-rld v-cmp-rld--2 \">\n<div class=\"v-cnt-m v-cnt-m--m\">\n<div class=\"v-cnt-m__c\">\n<div class=\"v-cnt-m__w v-cnt-m__w--1\">\n<p class=\"v-cnt-m__t\">\nTAMBI\u00c9N TE INTERESA\n<\/p>\n<\/div>\n<\/div>\n<\/div>\n<div class=\"v-g v-g--2-c v-g--bdr-min-xs\">\n<div class=\"v-g__c \">\n<article class=\"v-a v-a--cmp-rld v-a--cmp-rld-2 v-a--p-l\">\n<div class=\"v-a-img-c\">\n<figure class=\"v-a-fig\">\n<a href=\"https:\/\/www.mujerhoy.com\/moda\/no-te-pierdas\/conjuntos-verano-comodos-bonitos-20250604073747-nt.html#vtm_modulosEngag=mod-rel:moda:noticia:1:cmp:2-not\" class=\"v-a-link\" title=\"Conjuntos de verano frescos y bonitos para llevar a diario\"><br \/>\n<img loading=\"lazy\" class=\"v-a-img\" src=\"http:\/\/hoycordobaweb.com\/wp-content\/uploads\/2025\/06\/las-novedades-de-zara-de-la-semana-animal-print-volantes-y-mucho-brillo-1.jpg\" alt=\"Conjuntos de verano frescos y bonitos para llevar a diario\"><br \/>\n<\/a><br \/>\n<\/figure>\n<\/div>\n<\/article>\n<\/div>\n<div class=\"v-g__c \">\n<article class=\"v-a v-a--cmp-rld v-a--cmp-rld-2 v-a--p-l\">\n<div class=\"v-a-img-c\">\n<figure class=\"v-a-fig\">\n<a href=\"https:\/\/www.mujerhoy.com\/moda\/tendencias\/vaqueros-tipazo-blancos-basicos-verano-20250604133552-nt.html#vtm_modulosEngag=mod-rel:moda:noticia:2:cmp:2-not\" class=\"v-a-link\" title=\"El pantal\u00f3n blanco es el b\u00e1sico imbatible que tienes que tener este verano\"><br \/>\n<img loading=\"lazy\" class=\"v-a-img\" src=\"http:\/\/hoycordobaweb.com\/wp-content\/uploads\/2025\/06\/las-novedades-de-zara-de-la-semana-animal-print-volantes-y-mucho-brillo-11.jpg\" alt=\"El pantal\u00f3n blanco es el b\u00e1sico imbatible que tienes que tener este verano\"><br \/>\n<\/a><br \/>\n<\/figure>\n<\/div>\n<\/article>\n<\/div>\n<\/div>\n<\/div>\n<\/div>\n<div class=\"media_block\"><\/div>\n","protected":false},"excerpt":{"rendered":"<p>No importa qu\u00e9 plan vayas a tener este verano, porque tanto si te toca ir a la oficina como si te vas de viaje a alg\u00fan destino ex\u00f3tico o acudes a las fiestas m\u00e1s sofisticadas, Zara tiene el look con que vas a querer lucir. Sus \u00faltimas novedades se llenan de todo tipo de prendas [&hellip;]<\/p>\n","protected":false},"author":1,"featured_media":107127,"comment_status":"closed","ping_status":"closed","sticky":false,"template":"","format":"standard","meta":[],"categories":[],"tags":[],"_links":{"self":[{"href":"http:\/\/hoycordobaweb.com\/index.php\/wp-json\/wp\/v2\/posts\/107126"}],"collection":[{"href":"http:\/\/hoycordobaweb.com\/index.php\/wp-json\/wp\/v2\/posts"}],"about":[{"href":"http:\/\/hoycordobaweb.com\/index.php\/wp-json\/wp\/v2\/types\/post"}],"author":[{"embeddable":true,"href":"http:\/\/hoycordobaweb.com\/index.php\/wp-json\/wp\/v2\/users\/1"}],"replies":[{"embeddable":true,"href":"http:\/\/hoycordobaweb.com\/index.php\/wp-json\/wp\/v2\/comments?post=107126"}],"version-history":[{"count":0,"href":"http:\/\/hoycordobaweb.com\/index.php\/wp-json\/wp\/v2\/posts\/107126\/revisions"}],"wp:featuredmedia":[{"embeddable":true,"href":"http:\/\/hoycordobaweb.com\/index.php\/wp-json\/wp\/v2\/media\/107127"}],"wp:attachment":[{"href":"http:\/\/hoycordobaweb.com\/index.php\/wp-json\/wp\/v2\/media?parent=107126"}],"wp:term":[{"taxonomy":"category","embeddable":true,"href":"http:\/\/hoycordobaweb.com\/index.php\/wp-json\/wp\/v2\/categories?post=107126"},{"taxonomy":"post_tag","embeddable":true,"href":"http:\/\/hoycordobaweb.com\/index.php\/wp-json\/wp\/v2\/tags?post=107126"}],"curies":[{"name":"wp","href":"https:\/\/api.w.org\/{rel}","templated":true}]}}