{"id":107124,"date":"2025-06-04T19:55:24","date_gmt":"2025-06-04T19:55:24","guid":{"rendered":"https:\/\/www.ole.com.ar\/river-plate\/river-mundial-clubes-paulo-diaz-urawa-sinovitis-gallardo_0_RuLlxSGTv4.html"},"modified":"2025-06-04T19:55:24","modified_gmt":"2025-06-04T19:55:24","slug":"el-plan-de-river-para-contar-con-paulo-diaz-en-el-debut-del-mundial-de-clubes","status":"publish","type":"post","link":"http:\/\/hoycordobaweb.com\/index.php\/2025\/06\/04\/el-plan-de-river-para-contar-con-paulo-diaz-en-el-debut-del-mundial-de-clubes\/","title":{"rendered":"El plan de River para contar con Paulo D\u00edaz en el debut del Mundial de Clubes"},"content":{"rendered":"<p><img src=\"http:\/\/hoycordobaweb.com\/wp-content\/uploads\/2025\/06\/el-plan-de-river-para-contar-con-paulo-diaz-en-el-debut-del-mundial-de-clubes.jpg\"><\/p>\n<p><time class=\"createDate\" datetime=\"2025-06-04T16:55:24-03:00\">04\/06\/2025 16:55hs.<\/time><\/p>\n<div id=\"storyBody\">\n<div class=\"custom-text \" readability=\"31.401673640167\">\n<p>Si bien acaba de tomar la decisi\u00f3n de <a href=\"https:\/\/www.ole.com.ar\/river-plate\/river-plate-lautaro-rivero-repesca-mundial-clubes-primer-refuerzo_0_wZtb5ZJO0F.html\" target=\"_self\" title=\"repescar al zaguero Lautaro Rivero\" alt=\"repescar al zaguero Lautaro Rivero\" rel=\"noopener noreferrer\">repescar al zaguero Lautaro Rivero<\/a>, juvenil de la casa que hab\u00eda sido cedido a Central C\u00f3rdoba de Santiago del Estero, el objetivo principal de <strong><a href=\"https:\/\/www.ole.com.ar\/tema\/marcelo-gallardo.html\" title=\"Marcelo Gallardo\" alt=\"Marcelo Gallardo\" class=\"slug\">Marcelo Gallardo<\/a><\/strong> para reforzar la defensa de <strong><a href=\"https:\/\/www.ole.com.ar\/tema\/river-plate.html\" title=\"River Plate\" alt=\"River Plate\" class=\"slug\">River<\/a><\/strong> para el <strong><a href=\"https:\/\/www.ole.com.ar\/tema\/mundial-de-clubes.html\" title=\"Mundial de Clubes\" alt=\"Mundial de Clubes\" class=\"slug\">Mundial de Clubes<\/a><\/strong> es que <strong><a href=\"https:\/\/www.ole.com.ar\/tema\/paulo-diaz.html\" title=\"Paulo D\u00edaz\" alt=\"Paulo D\u00edaz\" class=\"slug\">Paulo D\u00edaz<\/a><\/strong> <strong>se pueda recuperar de su lesi\u00f3n en su rodilla izquierda para ser parte del 11 q<\/strong>ue imagina el Mu\u00f1eco para el debut en Estados Unidos <strong>contra el Urawa Reds Diamonds<\/strong> de Jap\u00f3n, <strong>el martes 17 de junio<\/strong>.<\/p>\n<\/div>\n<div class=\"custom-text \" readability=\"39\">\n<p>El defensor de 30 a\u00f1os que desplaz\u00f3 al banco al campe\u00f3n del mundo Germ\u00e1n Pezzella padece una sinovitis en la rodilla con edema \u00f3seo tibial, que gener\u00f3 que el DT argentina Ricardo Gareca lo desafectara de la selecci\u00f3n de Chile para la doble fecha de Eliminatarias. As\u00ed, Paulo D\u00edaz se reitengr\u00f3 al plantel de River este lunes, en el regreso del grupo a los entrenamientos luego de unas minivacaciones post eliminaci\u00f3n en el Apertura contra Platense, y comenz\u00f3 con un plan de trabajo especial para poder llegar en plenitud f\u00edsica y varios ensayos de f\u00fatbol encima al estreno del CARP en el Mundial de Clubes.<\/p>\n<\/div>\n<div class=\"custom-text \" readability=\"37\">\n<p>El tratamiento de rehabilitaci\u00f3n dispuesto por el cuerpo t\u00e9cnico de MG y los profesionales m\u00e9dicos del plantel profesional consta de un fortalecimiento muscular diario aunque con exigencia moderada y cargas livianas de trabajo para lograr una recuperaci\u00f3n progresiva sin poner en riesgo una posible reca\u00edda de una lesi\u00f3n cr\u00f3nica tan compleja como imprevisible, porque la formaci\u00f3n de l\u00edquido sinovial en la articulaci\u00f3n se puede producir de un momento a otro de acuerdo a la exposici\u00f3n de la zona, ya sea a los roces naturales del juego o a la intensidad de movimientos de esa rodilla izquierda.<\/p>\n<\/div>\n<div class=\"sc-e7b891c4-0 ifHnQL image-embed\"><img alt=\"Paulo D\u00edaz fue desafectado de la selecci\u00f3n de Chile por la lesi\u00f3n en su rodilla izquierda. (Foto @laroja).\" loading=\"lazy\" width=\"720\" height=\"100\" decoding=\"async\" data-nimg=\"1\" src=\"http:\/\/hoycordobaweb.com\/wp-content\/uploads\/2025\/06\/el-plan-de-river-para-contar-con-paulo-diaz-en-el-debut-del-mundial-de-clubes-2.jpg\"><span class=\"epigraphe\">Paulo D\u00edaz fue desafectado de la selecci\u00f3n de Chile por la lesi\u00f3n en su rodilla izquierda. (Foto @laroja).<\/span><\/div>\n<div class=\"custom-text \" readability=\"42\">\n<p>A la vez, esta lesi\u00f3n cuenta con la eventual soluci\u00f3n de ser bloqueada (el dolor) con una infiltraci\u00f3n, aunque esta es una opci\u00f3n que tanto Gallardo como los m\u00e9dicos y el propio jugador prefieren evitar, ya que si la articulaci\u00f3n est\u00e1 inflamada puede haber una reducci\u00f3n de flexi\u00f3n y\/o limite de extensi\u00f3n. De todos modos, en el entorno del chileno y del det\u00e9 tienen la certeza de que Paulo va a estar presente en el 11 de River en el debut de esta hist\u00f3rica competencia internacional. Incluso, es posible que el trasandino reciba el alta m\u00e9dica el lunes o martes, horas antes del vuelo del plantel hacia Estados Unidos, el pr\u00f3ximo mi\u00e9rcoles a la noche.<\/p>\n<\/div>\n<div class=\"sc-e7b891c4-0 ifHnQL image-embed\"><img alt=\"Paulo D\u00edaz y Montiel en el Camp, con el objetivo en el Mundial de Clubes. (Prensa River).\" loading=\"lazy\" width=\"720\" height=\"100\" decoding=\"async\" data-nimg=\"1\" src=\"http:\/\/hoycordobaweb.com\/wp-content\/uploads\/2025\/06\/el-plan-de-river-para-contar-con-paulo-diaz-en-el-debut-del-mundial-de-clubes-3.jpg\"><span class=\"epigraphe\">Paulo D\u00edaz y Montiel en el Camp, con el objetivo en el Mundial de Clubes. (Prensa River).<\/span><\/div>\n<p><h2>C\u00f3mo est\u00e1 el resto de los lesionados<\/h2>\n<\/p>\n<div class=\"custom-text \" readability=\"37\">\n<p>Mientras Maxi Meza ya se entrena en campo desde hace d\u00edas porque est\u00e1 en el final de su rehabilitaci\u00f3n de la fractura en una costilla que sufri\u00f3 en el 6-2 ante Independiente del Valle (el 15 de mayo), Gonzalo Montiel y Mat\u00edas Rojas tienen muchas posibilidades de recibir el alta el fin de semana: Cachete se recupera del desprendimiento en la cicatriz del desgarro en el b\u00edceps femoral derecho que hab\u00eda sufrido en el supercl\u00e1sico y el volante paraguayo zurdo, del desgarro en el isquiotibial izquierdo que hab\u00eda padecido en la pr\u00e1ctica del 13 de mayo. <\/p>\n<\/div>\n<div class=\"sc-e7b891c4-0 ifHnQL image-embed\"><img alt=\"Montiel est\u00e1 a horas de recibir el alta de su lesi\u00f3n en el isquiotibial derecho (Foto Prensa River).\" loading=\"lazy\" width=\"720\" height=\"100\" decoding=\"async\" data-nimg=\"1\" src=\"http:\/\/hoycordobaweb.com\/wp-content\/uploads\/2025\/06\/el-plan-de-river-para-contar-con-paulo-diaz-en-el-debut-del-mundial-de-clubes-4.jpg\"><span class=\"epigraphe\">Montiel est\u00e1 a horas de recibir el alta de su lesi\u00f3n en el isquiotibial derecho (Foto Prensa River).<\/span><\/div>\n<div class=\"custom-text \" readability=\"36\">\n<p>El otro integrante de la enfermer\u00eda de River es Gonz\u00e1lez Pirez, quien avanza en la rehabilitaci\u00f3n de un desgarro en el b\u00edceps femoral derecho aunque es el m\u00e1s rezagado de todos: ya cumpli\u00f3 una semana y media del tiempo estimado (21 d\u00edas) y completar\u00e1 su recuperaci\u00f3n en los d\u00edas previos al partido ante el Urawa.<\/p>\n<\/div>\n<p><h2>\u00daltimo d\u00eda de descanso antes del Mundial de Clubes<\/h2>\n<\/p>\n<div class=\"custom-text \" readability=\"35\">\n<p>Aunque Gallardo reci\u00e9n lo confirmar\u00e1 en los pr\u00f3ximos entrenamientos, la idea del Mu\u00f1eco es que el domingo el plantel completo (incluidos los jugadores en recuperaci\u00f3n) tenga un \u00faltimo d\u00eda este fin de semana para luego intensificar la preparaci\u00f3n final para el MdC el lunes y martes.<\/p>\n<\/div>\n<div class=\"sc-a7166897-0 eoLsBE\" readability=\"6\">\n<section readability=\"2\"><picture><img alt=\"Batalla de gigantes: Real Madrid se volvi\u00f3 a subir al ring por Franco Mastantuono\" loading=\"lazy\" width=\"290\" height=\"290\" decoding=\"async\" data-nimg=\"1\" src=\"http:\/\/hoycordobaweb.com\/wp-content\/uploads\/2025\/06\/el-plan-de-river-para-contar-con-paulo-diaz-en-el-debut-del-mundial-de-clubes-5.jpg\"><\/picture>\n<p><span>Mir\u00e1 tambi\u00e9n<\/span><\/p>\n<hr>\n<h3>Batalla de gigantes: Real Madrid se volvi\u00f3 a subir al ring por Franco Mastantuono<\/h3>\n<\/p>\n<\/section>\n<\/div>\n<div class=\"sc-a7166897-0 eoLsBE\" readability=\"6\">\n<section readability=\"2\"><picture><img alt=\"\u00bfRiver llam\u00f3 a Salas? Dura posici\u00f3n de Racing\" loading=\"lazy\" width=\"290\" height=\"290\" decoding=\"async\" data-nimg=\"1\" src=\"http:\/\/hoycordobaweb.com\/wp-content\/uploads\/2025\/06\/el-plan-de-river-para-contar-con-paulo-diaz-en-el-debut-del-mundial-de-clubes-6.jpg\"><\/picture>\n<p><span>Mir\u00e1 tambi\u00e9n<\/span><\/p>\n<hr>\n<h3>\u00bfRiver llam\u00f3 a Salas? Dura posici\u00f3n de Racing<\/h3>\n<\/p>\n<\/section>\n<\/div>\n<div class=\"sc-a7166897-0 eoLsBE\" readability=\"6.5\">\n<section readability=\"3\"><picture><img alt=\"Mercado de pases: Di Mar\u00eda a Central, primer refuerzo de River y los que se vienen\" loading=\"lazy\" width=\"290\" height=\"290\" decoding=\"async\" data-nimg=\"1\" src=\"http:\/\/hoycordobaweb.com\/wp-content\/uploads\/2025\/06\/el-plan-de-river-para-contar-con-paulo-diaz-en-el-debut-del-mundial-de-clubes-7.jpg\"><\/picture>\n<p><span>Mir\u00e1 tambi\u00e9n<\/span><\/p>\n<hr>\n<h3>Mercado de pases: Di Mar\u00eda a Central, primer refuerzo de River y los que se vienen<\/h3>\n<\/p>\n<\/section>\n<\/div>\n<div class=\"sc-a7166897-0 eoLsBE\" readability=\"6.5\">\n<section readability=\"3\"><picture><img alt=\"Cuatro canchas y tecnolog\u00eda de punta: as\u00ed es el predio que usar\u00e1 River en el Mundial de Clubes\" loading=\"lazy\" width=\"290\" height=\"290\" decoding=\"async\" data-nimg=\"1\" src=\"http:\/\/hoycordobaweb.com\/wp-content\/uploads\/2025\/06\/el-plan-de-river-para-contar-con-paulo-diaz-en-el-debut-del-mundial-de-clubes-8.jpg\"><\/picture>\n<p><span>Mir\u00e1 tambi\u00e9n<\/span><\/p>\n<hr>\n<h3>Cuatro canchas y tecnolog\u00eda de punta: as\u00ed es el predio que usar\u00e1 River en el Mundial de Clubes<\/h3>\n<\/p>\n<\/section>\n<\/div>\n<div class=\"sc-a7166897-0 eoLsBE\" readability=\"6.5\">\n<section readability=\"3\"><picture><img alt=\"La joven promesa del f\u00fatbol argentino que rechaz\u00f3 a River: &quot;No me interes\u00f3 en ese momento...&quot;\" loading=\"lazy\" width=\"290\" height=\"290\" decoding=\"async\" data-nimg=\"1\" src=\"http:\/\/hoycordobaweb.com\/wp-content\/uploads\/2025\/06\/el-plan-de-river-para-contar-con-paulo-diaz-en-el-debut-del-mundial-de-clubes-9.jpg\"><\/picture>\n<p><span>Mir\u00e1 tambi\u00e9n<\/span><\/p>\n<hr>\n<h3>La joven promesa del f\u00fatbol argentino que rechaz\u00f3 a River: \u00abNo me interes\u00f3 en ese momento&#8230;\u00bb<\/h3>\n<\/p>\n<\/section>\n<\/div>\n<\/div>\n","protected":false},"excerpt":{"rendered":"<p>04\/06\/2025 16:55hs. Si bien acaba de tomar la decisi\u00f3n de repescar al zaguero Lautaro Rivero, juvenil de la casa que hab\u00eda sido cedido a Central C\u00f3rdoba de Santiago del Estero, el objetivo principal de Marcelo Gallardo para reforzar la defensa de River para el Mundial de Clubes es que Paulo D\u00edaz se pueda recuperar de [&hellip;]<\/p>\n","protected":false},"author":1,"featured_media":107125,"comment_status":"open","ping_status":"closed","sticky":false,"template":"","format":"standard","meta":[],"categories":[16],"tags":[],"_links":{"self":[{"href":"http:\/\/hoycordobaweb.com\/index.php\/wp-json\/wp\/v2\/posts\/107124"}],"collection":[{"href":"http:\/\/hoycordobaweb.com\/index.php\/wp-json\/wp\/v2\/posts"}],"about":[{"href":"http:\/\/hoycordobaweb.com\/index.php\/wp-json\/wp\/v2\/types\/post"}],"author":[{"embeddable":true,"href":"http:\/\/hoycordobaweb.com\/index.php\/wp-json\/wp\/v2\/users\/1"}],"replies":[{"embeddable":true,"href":"http:\/\/hoycordobaweb.com\/index.php\/wp-json\/wp\/v2\/comments?post=107124"}],"version-history":[{"count":0,"href":"http:\/\/hoycordobaweb.com\/index.php\/wp-json\/wp\/v2\/posts\/107124\/revisions"}],"wp:featuredmedia":[{"embeddable":true,"href":"http:\/\/hoycordobaweb.com\/index.php\/wp-json\/wp\/v2\/media\/107125"}],"wp:attachment":[{"href":"http:\/\/hoycordobaweb.com\/index.php\/wp-json\/wp\/v2\/media?parent=107124"}],"wp:term":[{"taxonomy":"category","embeddable":true,"href":"http:\/\/hoycordobaweb.com\/index.php\/wp-json\/wp\/v2\/categories?post=107124"},{"taxonomy":"post_tag","embeddable":true,"href":"http:\/\/hoycordobaweb.com\/index.php\/wp-json\/wp\/v2\/tags?post=107124"}],"curies":[{"name":"wp","href":"https:\/\/api.w.org\/{rel}","templated":true}]}}