{"id":107120,"date":"2025-06-04T20:21:32","date_gmt":"2025-06-04T20:21:32","guid":{"rendered":"https:\/\/www.ole.com.ar\/futbol-internacional\/libertadores\/botafogo-igor-jesus-transferencia-nottingham-forest_0_yoOumnjMsa.html"},"modified":"2025-06-04T20:21:32","modified_gmt":"2025-06-04T20:21:32","slug":"botafogo-pierde-a-una-de-sus-figuras-para-la-libertadores-se-va-a-la-premier-league","status":"publish","type":"post","link":"http:\/\/hoycordobaweb.com\/index.php\/2025\/06\/04\/botafogo-pierde-a-una-de-sus-figuras-para-la-libertadores-se-va-a-la-premier-league\/","title":{"rendered":"Botafogo pierde a una de sus figuras para la Libertadores: se va a la Premier League"},"content":{"rendered":"<p><img src=\"http:\/\/hoycordobaweb.com\/wp-content\/uploads\/2025\/06\/botafogo-pierde-a-una-de-sus-figuras-para-la-libertadores-se-va-a-la-premier-league.jpg\"><\/p>\n<p><span class=\"createDate\">04\/06\/2025 17:21hs.<\/span><time class=\"modificatedDate\" datetime=\"2025-06-04T17:22:53-03:00\"> Actualizado al 04\/06\/2025 17:22hs.<\/time><\/p>\n<div id=\"storyBody\">\n<div class=\"custom-text \" readability=\"34.453333333333\">\n<p>Una dura baja para el campe\u00f3n de am\u00e9rica pensando en revalidar el t\u00edtulo de la <a href=\"https:\/\/www.ole.com.ar\/tema\/copa-libertadores.html\" title=\"Copa Libertadores\" alt=\"Copa Libertadores\" class=\"slug\">Copa Libertadores<\/a>: <strong>Igor Jes\u00fas dejar\u00e1 el <a href=\"https:\/\/www.ole.com.ar\/tema\/botafogo.html\" title=\"botafogo\" alt=\"botafogo\" class=\"slug\">Botafogo<\/a> despu\u00e9s del <a href=\"https:\/\/www.ole.com.ar\/tema\/mundial-de-clubes.html\" title=\"Mundial de Clubes\" alt=\"Mundial de Clubes\" class=\"slug\">Mundial de Clubes<\/a><\/strong>. El delantero, que lleva siete goles en 24 partidos este a\u00f1o, jugar\u00e1 su \u00faltimo partido en tierras brasile\u00f1as este mi\u00e9rcoles ante Cear\u00e1 y se despedir\u00e1 de su hinchada. Una baja de peso justo un d\u00eda despu\u00e9s de anunciar la llegada de \u00c1lvaro Montoro, la joya de V\u00e9lez de 18 a\u00f1os.<\/p>\n<\/div>\n<div class=\"custom-text \" readability=\"34.872483221477\">\n<p>El nuevo destino del futbolista de 24 a\u00f1os est\u00e1 en la mejor liga del mundo: <strong>ser\u00e1 refuerzo del Nottingham Forest de la <a href=\"https:\/\/www.ole.com.ar\/tema\/premier-league.html\" title=\"Premier League\" alt=\"Premier League\" class=\"slug\">Premier League<\/a><\/strong>. El equipo ingl\u00e9s fue la gran revelaci\u00f3n del certamen al finalizar s\u00e9ptimo y clasificar a la Conference League, pero con chances de haberse podido meter a la Champions inclusive hasta en la \u00faltima fecha. <strong>El Forest le pagar\u00e1 al Fogao 20 millones de euros al conjunto carioca por los servicios del delantero<\/strong>.<\/p>\n<\/div>\n<div class=\"custom-text \" readability=\"40\">\n<p>Igor Jes\u00fas tendr\u00e1 en el Mundial de Clubes los \u00faltimos partidos con el club blanquinegro, que se ubica en el Grupo B. Debutar\u00e1 ante Seattle Sounders el 15 de junio y, luego, tendr\u00e1 dos grandes partidos: ante el PSG, flamante campe\u00f3n de la Champions League el 19\/6, y cerrar\u00e1 ante el Atl\u00e9tico Madrid el 23\/6.<\/p>\n<\/div>\n<div class=\"sc-e7b891c4-0 ifHnQL image-embed\"><img alt=\"Igor Jesus deja Botafogo. \" loading=\"lazy\" width=\"720\" height=\"100\" decoding=\"async\" data-nimg=\"1\" src=\"http:\/\/hoycordobaweb.com\/wp-content\/uploads\/2025\/06\/botafogo-pierde-a-una-de-sus-figuras-para-la-libertadores-se-va-a-la-premier-league-2.jpg\"><span class=\"epigraphe\">Igor Jesus deja Botafogo. <\/span><\/div>\n<p><h2><strong>El paso de Igor Jes\u00fas por el Botafogo<\/strong><\/h2>\n<\/p>\n<div class=\"custom-text \" readability=\"38\">\n<p>El atacante de 24 a\u00f1os tiene una carrera curiosa a pesar de su corta edad. Surgi\u00f3 de Curitiba y emigr\u00f3 hacia los Emiratos \u00c1rabes para jugar en el Al Shabab. Luego de cuatro temporadas en dicho club, <strong>Botafogo lo adquiri\u00f3 como agente libre. Ahora se marcha a cambio de 20 millones<\/strong>, negocio redondo para el Fogao, propiedad del empresario estadounidense John Textor.<\/p>\n<\/div>\n<div class=\"custom-text \" readability=\"38\">\n<p>Si bien cada vez que un jugador se va de Botafogo en el \u00faltimo tiempo se especula que pase a algunos de los clubes europeos propiedad de Textor, como pas\u00f3 con Thiago Almada que se fue al Olympique de Lyon, no es el caso de Jes\u00fas. Nottingham es propiedad de Evangelos Marinakis, multimillonario de origen griego. <\/p>\n<\/div>\n<div class=\"custom-text \" readability=\"42\">\n<p>As\u00ed, Igor Jes\u00fas deja Botafogo con un balance de, hasta el momento, 54 partidos, 15 goles y seis asistencias. Por supuesto que sus cifras, al menos de encuentros, cambiar\u00e1n con el partido ante Cear\u00e1 y despu\u00e9s el Mundial de Clubes. <strong>En el Fogao gan\u00f3 dos t\u00edtulos<\/strong>: el Brasileirao y la Copa Libertadores 2024, la primera en la historia del club.<\/p>\n<\/div>\n<div class=\"sc-e7b891c4-0 ifHnQL image-embed\"><img alt=\"Igor Jesus a la Premier League. \" loading=\"lazy\" width=\"720\" height=\"100\" decoding=\"async\" data-nimg=\"1\" src=\"http:\/\/hoycordobaweb.com\/wp-content\/uploads\/2025\/06\/botafogo-pierde-a-una-de-sus-figuras-para-la-libertadores-se-va-a-la-premier-league-3.jpg\"><span class=\"epigraphe\">Igor Jesus a la Premier League. <\/span><\/div>\n<p><h2><strong>Venta millonaria para el Fogao<\/strong><\/h2>\n<\/p>\n<div class=\"custom-text \" readability=\"39\">\n<p>Adem\u00e1s de llevarse a Igor Jes\u00fas, el Forest completa el combo y comprar\u00e1 a otros dos jugadores del equipo de Rio de Janeiro. Cuiabano, lateral por izquierda y Jair Cunha, defensor central. Teniendo en cuenta el precio que pagar\u00e1n por Igor Jesus, en total a las arcas de Botafogo ingresar\u00e1n casi 35 millones de euros por los tres jugadores. <\/p>\n<\/div>\n<div class=\"custom-text \" readability=\"34\">\n<p>Cuiabano integr\u00f3 el plantel campe\u00f3n de am\u00e9rica. Este a\u00f1o fue titular contra Estudiantes en el partido de la fase de grupos de la Libertadores actual. En la Copa que conquist\u00f3 el Fogao jug\u00f3 solamente en la llave de octavos de final ante Palmeiras. Fue al banco y no ingres\u00f3 en la final. <\/p>\n<\/div>\n<div class=\"custom-text \" readability=\"34\">\n<p>Por su lado, Cunha lleg\u00f3 este a\u00f1o al Botafogo desde el Santos. Menos de seis meses despu\u00e9s ya dar\u00e1 el salto hacia el f\u00fatbol del Viejo Continente.<\/p>\n<\/div>\n<div class=\"sc-e7b891c4-0 ifHnQL image-embed\"><img alt=\"Cuiabano ante Estudiantes, otro que pasa a Inglaterra. \" loading=\"lazy\" width=\"720\" height=\"100\" decoding=\"async\" data-nimg=\"1\" src=\"http:\/\/hoycordobaweb.com\/wp-content\/uploads\/2025\/06\/botafogo-pierde-a-una-de-sus-figuras-para-la-libertadores-se-va-a-la-premier-league-4.jpg\"><span class=\"epigraphe\">Cuiabano ante Estudiantes, otro que pasa a Inglaterra. <\/span><\/div>\n<div class=\"sc-a7166897-0 eoLsBE\" readability=\"6\">\n<section readability=\"2\"><picture><img alt=\"Montoro se fue de V\u00e9lez y jugar\u00e1 el Mundial de Clubes\" loading=\"lazy\" width=\"290\" height=\"290\" decoding=\"async\" data-nimg=\"1\" src=\"http:\/\/hoycordobaweb.com\/wp-content\/uploads\/2025\/06\/botafogo-pierde-a-una-de-sus-figuras-para-la-libertadores-se-va-a-la-premier-league-5.jpg\"><\/picture>\n<p><span>Mir\u00e1 tambi\u00e9n<\/span><\/p>\n<hr>\n<h3>Montoro se fue de V\u00e9lez y jugar\u00e1 el Mundial de Clubes<\/h3>\n<\/p>\n<\/section>\n<\/div>\n<div class=\"sc-a7166897-0 eoLsBE\" readability=\"7\">\n<section readability=\"4\"><picture><img alt=\"Mundial de Clubes 2025: uno por uno, as\u00ed son los estadios donde jugar\u00e1n River y Boca\" loading=\"lazy\" width=\"290\" height=\"290\" decoding=\"async\" data-nimg=\"1\" src=\"http:\/\/hoycordobaweb.com\/wp-content\/uploads\/2025\/06\/botafogo-pierde-a-una-de-sus-figuras-para-la-libertadores-se-va-a-la-premier-league-6.jpg\"><\/picture>\n<p><span>Mir\u00e1 tambi\u00e9n<\/span><\/p>\n<hr>\n<h3>Mundial de Clubes 2025: uno por uno, as\u00ed son los estadios donde jugar\u00e1n River y Boca<\/h3>\n<\/p>\n<\/section>\n<\/div>\n<div class=\"sc-a7166897-0 eoLsBE\" readability=\"6.5\">\n<section readability=\"3\"><picture><img alt=\"Con Boca incluido, los ocho equipos que cambiaron de DT antes del Mundial de Clubes\" loading=\"lazy\" width=\"290\" height=\"290\" decoding=\"async\" data-nimg=\"1\" src=\"http:\/\/hoycordobaweb.com\/wp-content\/uploads\/2025\/06\/botafogo-pierde-a-una-de-sus-figuras-para-la-libertadores-se-va-a-la-premier-league-7.jpg\"><\/picture>\n<p><span>Mir\u00e1 tambi\u00e9n<\/span><\/p>\n<hr>\n<h3>Con Boca incluido, los ocho equipos que cambiaron de DT antes del Mundial de Clubes<\/h3>\n<\/p>\n<\/section>\n<\/div>\n<\/div>\n","protected":false},"excerpt":{"rendered":"<p>04\/06\/2025 17:21hs. Actualizado al 04\/06\/2025 17:22hs. Una dura baja para el campe\u00f3n de am\u00e9rica pensando en revalidar el t\u00edtulo de la Copa Libertadores: Igor Jes\u00fas dejar\u00e1 el Botafogo despu\u00e9s del Mundial de Clubes. El delantero, que lleva siete goles en 24 partidos este a\u00f1o, jugar\u00e1 su \u00faltimo partido en tierras brasile\u00f1as este mi\u00e9rcoles ante Cear\u00e1 [&hellip;]<\/p>\n","protected":false},"author":1,"featured_media":107121,"comment_status":"open","ping_status":"closed","sticky":false,"template":"","format":"standard","meta":[],"categories":[16],"tags":[],"_links":{"self":[{"href":"http:\/\/hoycordobaweb.com\/index.php\/wp-json\/wp\/v2\/posts\/107120"}],"collection":[{"href":"http:\/\/hoycordobaweb.com\/index.php\/wp-json\/wp\/v2\/posts"}],"about":[{"href":"http:\/\/hoycordobaweb.com\/index.php\/wp-json\/wp\/v2\/types\/post"}],"author":[{"embeddable":true,"href":"http:\/\/hoycordobaweb.com\/index.php\/wp-json\/wp\/v2\/users\/1"}],"replies":[{"embeddable":true,"href":"http:\/\/hoycordobaweb.com\/index.php\/wp-json\/wp\/v2\/comments?post=107120"}],"version-history":[{"count":0,"href":"http:\/\/hoycordobaweb.com\/index.php\/wp-json\/wp\/v2\/posts\/107120\/revisions"}],"wp:featuredmedia":[{"embeddable":true,"href":"http:\/\/hoycordobaweb.com\/index.php\/wp-json\/wp\/v2\/media\/107121"}],"wp:attachment":[{"href":"http:\/\/hoycordobaweb.com\/index.php\/wp-json\/wp\/v2\/media?parent=107120"}],"wp:term":[{"taxonomy":"category","embeddable":true,"href":"http:\/\/hoycordobaweb.com\/index.php\/wp-json\/wp\/v2\/categories?post=107120"},{"taxonomy":"post_tag","embeddable":true,"href":"http:\/\/hoycordobaweb.com\/index.php\/wp-json\/wp\/v2\/tags?post=107120"}],"curies":[{"name":"wp","href":"https:\/\/api.w.org\/{rel}","templated":true}]}}