{"id":107118,"date":"2025-06-04T20:33:59","date_gmt":"2025-06-04T20:33:59","guid":{"rendered":"https:\/\/www.ole.com.ar\/futbol-primera\/velez-bosch-newells-talleres_0_lE86aXgJlG.html"},"modified":"2025-06-04T20:33:59","modified_gmt":"2025-06-04T20:33:59","slug":"el-curioso-caso-del-juvenil-de-velez-benjamin-bosch-y-sus-pases-caidos","status":"publish","type":"post","link":"http:\/\/hoycordobaweb.com\/index.php\/2025\/06\/04\/el-curioso-caso-del-juvenil-de-velez-benjamin-bosch-y-sus-pases-caidos\/","title":{"rendered":"El curioso caso del juvenil de V\u00e9lez, Benjam\u00edn Bosch, y sus pases ca\u00eddos"},"content":{"rendered":"<p><img src=\"http:\/\/hoycordobaweb.com\/wp-content\/uploads\/2025\/06\/el-curioso-caso-del-juvenil-de-velez-benjamin-bosch-y-sus-pases-caidos.jpg\"><\/p>\n<p><time class=\"createDate\" datetime=\"2025-06-04T17:33:59-03:00\">04\/06\/2025 17:33hs.<\/time><\/p>\n<div id=\"storyBody\">\n<div class=\"custom-text \" readability=\"38.987341772152\">\n<p><strong>El juvenil Benjam\u00edn Bosch es un caso particular en V\u00e9lez. El extremo<\/strong>, que es zurdo pero acostumbra a jugar por la banda derecha,<strong> estuvo a punto de cerrar su transferencia a <a href=\"https:\/\/www.ole.com.ar\/tema\/talleres-de-cordoba.html\" title=\"Talleres de C\u00f3rdoba\" alt=\"Talleres de C\u00f3rdoba\" class=\"slug\">Talleres<\/a> a principio de a\u00f1o, <\/strong>sin embargo, sobre el final de las negociaciones<strong>, V\u00e9lez se baj\u00f3 y el jugador continu\u00f3 relegado a la Reserva. <\/strong><\/p>\n<\/div>\n<div class=\"custom-text \" readability=\"35\">\n<p><strong>En el Apertura, solo entr\u00f3 en dos partidos y ya ven\u00eda sumando espor\u00e1dicos minutos desde el a\u00f1o pasado<\/strong>.El jugador fue convocado el a\u00f1o pasado para la selecci\u00f3n sub 20 en L&#8217;Alcudia y en 2023 para un amistoso ante Estados Unidos tambi\u00e9n en el combinado juvenil.<\/p>\n<\/div>\n<div class=\"custom-text \" readability=\"35.5\">\n<p><strong>Ahora, por segunda vez en un a\u00f1o, <\/strong>V\u00e9lez no logra ponerse de acuerdo con el club que pretende los servicios del juvenil y las negociaciones se caen sobre el final.<strong> En el mercado anterior fue Talleres, y se sum\u00f3 <a href=\"https:\/\/www.ole.com.ar\/tema\/newells-old-boys.html\" title=\"Newell's Old Boys\" alt=\"Newell's Old Boys\" class=\"slug\">Newell&#8217;s.<\/a><\/strong><\/p>\n<\/div>\n<p><h2>El segundo pase frustrado<\/h2>\n<\/p>\n<div class=\"custom-text \" readability=\"39.146666666667\">\n<p>Desde hace semanas, <strong>el jugador sonaba en el mundo <a href=\"https:\/\/www.ole.com.ar\/tema\/newells-old-boys.html\" title=\"Newell's Old Boys\" alt=\"Newell's Old Boys\" class=\"slug\">Newell&#8217;s <\/a>para ser incorporado al plantel del Ogro Fabbiani, pero este martes el club velezano habr\u00eda cambiado las condiciones del pr\u00e9stamo de Bosch.<\/strong> En un principio, el pr\u00e9stamo iba a ser por un a\u00f1o y medio. Sin embargo, V\u00e9lez habr\u00eda propuesto que sea s\u00f3lo por 12 meses. De esta manera, el pase se encuentra estancado.<\/p>\n<\/div>\n<p><h3>M\u00e1s bajas en el Fort\u00edn<\/h3>\n<\/p>\n<div class=\"custom-text \" readability=\"36.986666666667\">\n<p>Adem\u00e1s, en el equipo de Guillermo contin\u00faan las bajas.<strong> A la venta de \u00c1lvaro Montoro al <a href=\"https:\/\/www.ole.com.ar\/tema\/botafogo.html\" title=\"botafogo\" alt=\"botafogo\" class=\"slug\">Botafogo<\/a> se suma la salida de su hermano Francisco al Molenbeek de B\u00e9lgica,<\/strong> que pertenece al mismo grupo inversor que el club brasile\u00f1o. <strong>Adem\u00e1s, la salida de Valent\u00edn G\u00f3mez sigue siendo una chance certera.<\/strong><\/p>\n<\/div>\n<div class=\"sc-e7b891c4-0 ifHnQL image-embed\"><img alt=\"Montoro al firmar con Botafogo.\" loading=\"lazy\" width=\"720\" height=\"100\" decoding=\"async\" data-nimg=\"1\" src=\"http:\/\/hoycordobaweb.com\/wp-content\/uploads\/2025\/06\/el-curioso-caso-del-juvenil-de-velez-benjamin-bosch-y-sus-pases-caidos-2.jpg\"><span class=\"epigraphe\">Montoro al firmar con Botafogo.<\/span><\/div>\n<div class=\"sc-a7166897-0 eoLsBE\" readability=\"6\">\n<section readability=\"2\"><picture><img alt=\"Benedetto a un paso de firmar con Newell's\" loading=\"lazy\" width=\"290\" height=\"290\" decoding=\"async\" data-nimg=\"1\" src=\"http:\/\/hoycordobaweb.com\/wp-content\/uploads\/2025\/06\/el-curioso-caso-del-juvenil-de-velez-benjamin-bosch-y-sus-pases-caidos-3.jpg\"><\/picture>\n<p><span>Mir\u00e1 tambi\u00e9n<\/span><\/p>\n<hr>\n<h3>Benedetto a un paso de firmar con Newell&#8217;s<\/h3>\n<\/p>\n<\/section>\n<\/div>\n<div class=\"sc-a7166897-0 eoLsBE\" readability=\"6\">\n<section readability=\"2\"><picture><img alt=\"Es oficial: San Lorenzo confirm\u00f3 a su nuevo entrenador\" loading=\"lazy\" width=\"290\" height=\"290\" decoding=\"async\" data-nimg=\"1\" src=\"http:\/\/hoycordobaweb.com\/wp-content\/uploads\/2025\/06\/el-curioso-caso-del-juvenil-de-velez-benjamin-bosch-y-sus-pases-caidos-4.jpg\"><\/picture>\n<p><span>Mir\u00e1 tambi\u00e9n<\/span><\/p>\n<hr>\n<h3>Es oficial: San Lorenzo confirm\u00f3 a su nuevo entrenador<\/h3>\n<\/p>\n<\/section>\n<\/div>\n<\/div>\n","protected":false},"excerpt":{"rendered":"<p>04\/06\/2025 17:33hs. El juvenil Benjam\u00edn Bosch es un caso particular en V\u00e9lez. El extremo, que es zurdo pero acostumbra a jugar por la banda derecha, estuvo a punto de cerrar su transferencia a Talleres a principio de a\u00f1o, sin embargo, sobre el final de las negociaciones, V\u00e9lez se baj\u00f3 y el jugador continu\u00f3 relegado a [&hellip;]<\/p>\n","protected":false},"author":1,"featured_media":107119,"comment_status":"open","ping_status":"closed","sticky":false,"template":"","format":"standard","meta":[],"categories":[16],"tags":[],"_links":{"self":[{"href":"http:\/\/hoycordobaweb.com\/index.php\/wp-json\/wp\/v2\/posts\/107118"}],"collection":[{"href":"http:\/\/hoycordobaweb.com\/index.php\/wp-json\/wp\/v2\/posts"}],"about":[{"href":"http:\/\/hoycordobaweb.com\/index.php\/wp-json\/wp\/v2\/types\/post"}],"author":[{"embeddable":true,"href":"http:\/\/hoycordobaweb.com\/index.php\/wp-json\/wp\/v2\/users\/1"}],"replies":[{"embeddable":true,"href":"http:\/\/hoycordobaweb.com\/index.php\/wp-json\/wp\/v2\/comments?post=107118"}],"version-history":[{"count":0,"href":"http:\/\/hoycordobaweb.com\/index.php\/wp-json\/wp\/v2\/posts\/107118\/revisions"}],"wp:featuredmedia":[{"embeddable":true,"href":"http:\/\/hoycordobaweb.com\/index.php\/wp-json\/wp\/v2\/media\/107119"}],"wp:attachment":[{"href":"http:\/\/hoycordobaweb.com\/index.php\/wp-json\/wp\/v2\/media?parent=107118"}],"wp:term":[{"taxonomy":"category","embeddable":true,"href":"http:\/\/hoycordobaweb.com\/index.php\/wp-json\/wp\/v2\/categories?post=107118"},{"taxonomy":"post_tag","embeddable":true,"href":"http:\/\/hoycordobaweb.com\/index.php\/wp-json\/wp\/v2\/tags?post=107118"}],"curies":[{"name":"wp","href":"https:\/\/api.w.org\/{rel}","templated":true}]}}