{"id":107108,"date":"2025-06-04T19:34:50","date_gmt":"2025-06-04T19:34:50","guid":{"rendered":"http:\/\/hoycordobaweb.com\/index.php\/2025\/06\/04\/netflix-estrenara-revelador-documental-de-selena-y-los-dinos-primera-hora\/"},"modified":"2025-06-04T19:34:50","modified_gmt":"2025-06-04T19:34:50","slug":"netflix-estrenara-revelador-documental-de-selena-y-los-dinos-primera-hora","status":"publish","type":"post","link":"http:\/\/hoycordobaweb.com\/index.php\/2025\/06\/04\/netflix-estrenara-revelador-documental-de-selena-y-los-dinos-primera-hora\/","title":{"rendered":"<b>Netflix<\/b> estrenar\u00e1 revelador documental de \u201cSelena y Los Dinos\u201d &#8211; Primera Hora"},"content":{"rendered":"<p>Primera Hora Newsletter. Reg\u00edstrate para recibir a tu email nuestro peri\u00f3dico en su versi\u00f3n digital. Al suscribirte aceptas&nbsp;&#8230; <\/p>\n","protected":false},"excerpt":{"rendered":"<p>Primera Hora Newsletter. Reg\u00edstrate para recibir a tu email nuestro peri\u00f3dico en su versi\u00f3n digital. Al suscribirte aceptas&nbsp;&#8230;<\/p>\n","protected":false},"author":1,"featured_media":0,"comment_status":"closed","ping_status":"closed","sticky":false,"template":"","format":"standard","meta":[],"categories":[23],"tags":[],"_links":{"self":[{"href":"http:\/\/hoycordobaweb.com\/index.php\/wp-json\/wp\/v2\/posts\/107108"}],"collection":[{"href":"http:\/\/hoycordobaweb.com\/index.php\/wp-json\/wp\/v2\/posts"}],"about":[{"href":"http:\/\/hoycordobaweb.com\/index.php\/wp-json\/wp\/v2\/types\/post"}],"author":[{"embeddable":true,"href":"http:\/\/hoycordobaweb.com\/index.php\/wp-json\/wp\/v2\/users\/1"}],"replies":[{"embeddable":true,"href":"http:\/\/hoycordobaweb.com\/index.php\/wp-json\/wp\/v2\/comments?post=107108"}],"version-history":[{"count":0,"href":"http:\/\/hoycordobaweb.com\/index.php\/wp-json\/wp\/v2\/posts\/107108\/revisions"}],"wp:attachment":[{"href":"http:\/\/hoycordobaweb.com\/index.php\/wp-json\/wp\/v2\/media?parent=107108"}],"wp:term":[{"taxonomy":"category","embeddable":true,"href":"http:\/\/hoycordobaweb.com\/index.php\/wp-json\/wp\/v2\/categories?post=107108"},{"taxonomy":"post_tag","embeddable":true,"href":"http:\/\/hoycordobaweb.com\/index.php\/wp-json\/wp\/v2\/tags?post=107108"}],"curies":[{"name":"wp","href":"https:\/\/api.w.org\/{rel}","templated":true}]}}