{"id":107040,"date":"2025-06-04T11:57:52","date_gmt":"2025-06-04T11:57:52","guid":{"rendered":"http:\/\/hoycordobaweb.com\/index.php\/2025\/06\/04\/un-camion-se-prendio-fuego-en-el-centro-de-lanus-y-la-explosion-provoco-panico-entre-los-vecinos\/"},"modified":"2025-06-04T11:57:52","modified_gmt":"2025-06-04T11:57:52","slug":"un-camion-se-prendio-fuego-en-el-centro-de-lanus-y-la-explosion-provoco-panico-entre-los-vecinos","status":"publish","type":"post","link":"http:\/\/hoycordobaweb.com\/index.php\/2025\/06\/04\/un-camion-se-prendio-fuego-en-el-centro-de-lanus-y-la-explosion-provoco-panico-entre-los-vecinos\/","title":{"rendered":"Un cami\u00f3n se prendi\u00f3 fuego en el centro de Lan\u00fas y la explosi\u00f3n provoc\u00f3 p\u00e1nico entre los vecinos"},"content":{"rendered":"<div class=\"media_block\"><\/div>\n<div><img src=\"http:\/\/hoycordobaweb.com\/wp-content\/uploads\/2025\/06\/un-camion-se-prendio-fuego-en-el-centro-de-lanus-y-la-explosion-provoco-panico-entre-los-vecinos.jpg\" class=\"ff-og-image-inserted\"><\/div>\n<p>Durante la madrugada de este mi\u00e9rcoles,<strong> una potente explosi\u00f3n sacudi\u00f3 la tranquilidad de Lan\u00fas<\/strong>, en la zona de Avenida Hip\u00f3lito Yrigoyen al 4000. Con el paso de las horas, se confirm\u00f3 que el estallido f<strong>ue provocado por un cami\u00f3n estacionado frente a un supermercado<\/strong> c\u00e9ntrico del distrito bonaerense.<\/p>\n<p>El estruendo despert\u00f3 a los vecinos, que luego presenciaron un incendio frente al comercio.<strong> Las llamas fueron sofocadas gracias al r\u00e1pido accionar de los bomberos<\/strong>, que lograron contener la situaci\u00f3n.<\/p>\n<p>Este no fue el \u00fanico incidente reciente en Lan\u00fas. <strong>D\u00edas atr\u00e1s, un incendio tambi\u00e9n afect\u00f3 el techo del Jard\u00edn de Infantes N.\u00ba 909, en Valent\u00edn Alsina<\/strong>. El fuego se origin\u00f3 mientras se colocaba una membrana impermeabilizante en el techo de chapa del establecimiento. La combusti\u00f3n se propag\u00f3 con rapidez por la madera y los tirantes de la estructura.<\/p>\n<div class=\"subscription\" readability=\"6.683257918552\">\n<p> Esto no les gusta a los autoritarios <\/p>\n<div class=\"subscription__container\" readability=\"6.1467391304348\">\n<div class=\"subscription__text-wrapper\" readability=\"31.20652173913\">\n<p> El ejercicio del periodismo profesional y cr\u00edtico es un pilar fundamental de la democracia. Por eso molesta a quienes creen ser los due\u00f1os de la verdad. <\/p>\n<\/p><\/div><\/div><\/div>\n<p class=\"destacadoNota\"><a target=\"_blank\" href=\"https:\/\/www.perfil.com\/noticias\/sociedad\/panico-a-la-madrugada-un-voraz-incendio-destruyo-una-panalera.phtml\" rel=\"noopener noreferrer\"><strong>P\u00e1nico a la madrugada: un voraz incendio destruy\u00f3 una pa\u00f1alera<\/strong><\/a><\/p>\n<p>El siniestro ocurri\u00f3 durante el fin de semana, cuando <strong>no hab\u00eda ni ni\u00f1os ni personal en el edificio<\/strong>. Dos dotaciones de Bomberos de Lan\u00fas Oeste trabajaron en el lugar y lograron controlar las llamas sin que se registraran heridos.<\/p>\n<h2><strong>Un ni\u00f1o de cuatro a\u00f1os muri\u00f3 en un incendio en C\u00f3rdoba<\/strong><\/h2>\n<p>En un hecho a\u00fan m\u00e1s tr\u00e1gico, <strong>un ni\u00f1o de cuatro a\u00f1os perdi\u00f3 la vida luego de que se incendiara un auto abandonado en el que estaba jugando<\/strong>. El episodio ocurri\u00f3 el viernes 30 de mayo por la tarde en Valle Hermoso, provincia de C\u00f3rdoba.<\/p>\n<p class=\"destacadoNota\"><a target=\"_blank\" href=\"https:\/\/www.perfil.com\/noticias\/politica\/el-gobierno-nacional-sugirio-que-el-incendio-de-una-panalera-podria-estar-vinculado-a-la-nueva-licitacion-del-pami.phtml\" rel=\"noopener noreferrer\"><strong>El Gobierno nacional sugiri\u00f3 que el incendio de una pa\u00f1alera podr\u00eda estar vinculado a la nueva licitaci\u00f3n del PAMI<\/strong><\/a><\/p>\n<p>Seg\u00fan las primeras pericias, el fuego se habr\u00eda iniciado por una chispa <strong>provocada por un encendedor que el peque\u00f1o manipulaba dentro del veh\u00edculo<\/strong>, un Torino en desuso ubicado en el patio de su casa, sobre la calle Ant\u00e1rtida Argentina al 200, en el barrio San Jorge.<\/p>\n<p>La v\u00edctima viv\u00eda con su padre y sus dos hermanos, de siete a\u00f1os y un beb\u00e9. Fue alrededor de las 16 cuando los familiares alertaron al sistema de emergencias. La Polic\u00eda indic\u00f3 que<strong> el menor sufri\u00f3 heridas fatales<\/strong> como consecuencia del incendio.<\/p>\n<p><em>NG\/fl<\/em><\/p>\n","protected":false},"excerpt":{"rendered":"<p>Durante la madrugada de este mi\u00e9rcoles, una potente explosi\u00f3n sacudi\u00f3 la tranquilidad de Lan\u00fas, en la zona de Avenida Hip\u00f3lito Yrigoyen al 4000. Con el paso de las horas, se confirm\u00f3 que el estallido fue provocado por un cami\u00f3n estacionado frente a un supermercado c\u00e9ntrico del distrito bonaerense. El estruendo despert\u00f3 a los vecinos, que [&hellip;]<\/p>\n","protected":false},"author":1,"featured_media":107041,"comment_status":"closed","ping_status":"closed","sticky":false,"template":"","format":"standard","meta":[],"categories":[19],"tags":[207,1421],"_links":{"self":[{"href":"http:\/\/hoycordobaweb.com\/index.php\/wp-json\/wp\/v2\/posts\/107040"}],"collection":[{"href":"http:\/\/hoycordobaweb.com\/index.php\/wp-json\/wp\/v2\/posts"}],"about":[{"href":"http:\/\/hoycordobaweb.com\/index.php\/wp-json\/wp\/v2\/types\/post"}],"author":[{"embeddable":true,"href":"http:\/\/hoycordobaweb.com\/index.php\/wp-json\/wp\/v2\/users\/1"}],"replies":[{"embeddable":true,"href":"http:\/\/hoycordobaweb.com\/index.php\/wp-json\/wp\/v2\/comments?post=107040"}],"version-history":[{"count":0,"href":"http:\/\/hoycordobaweb.com\/index.php\/wp-json\/wp\/v2\/posts\/107040\/revisions"}],"wp:featuredmedia":[{"embeddable":true,"href":"http:\/\/hoycordobaweb.com\/index.php\/wp-json\/wp\/v2\/media\/107041"}],"wp:attachment":[{"href":"http:\/\/hoycordobaweb.com\/index.php\/wp-json\/wp\/v2\/media?parent=107040"}],"wp:term":[{"taxonomy":"category","embeddable":true,"href":"http:\/\/hoycordobaweb.com\/index.php\/wp-json\/wp\/v2\/categories?post=107040"},{"taxonomy":"post_tag","embeddable":true,"href":"http:\/\/hoycordobaweb.com\/index.php\/wp-json\/wp\/v2\/tags?post=107040"}],"curies":[{"name":"wp","href":"https:\/\/api.w.org\/{rel}","templated":true}]}}