{"id":107030,"date":"2025-06-04T05:38:19","date_gmt":"2025-06-04T05:38:19","guid":{"rendered":"https:\/\/www.mujerhoy.com\/moda\/no-te-pierdas\/conjuntos-verano-comodos-bonitos-20250604073747-nt.html"},"modified":"2025-06-04T05:38:19","modified_gmt":"2025-06-04T05:38:19","slug":"conjuntos-de-verano-frescos-y-bonitos-para-llevar-a-diario","status":"publish","type":"post","link":"http:\/\/hoycordobaweb.com\/index.php\/2025\/06\/04\/conjuntos-de-verano-frescos-y-bonitos-para-llevar-a-diario\/","title":{"rendered":"Conjuntos de verano frescos y bonitos para llevar a diario"},"content":{"rendered":"<p><!-- AUTHOR --><\/p>\n<div class=\"voc-author-timesocial \">\n<!-- AUTHOR --><\/p>\n<div class=\"voc-author-timesocial__signature \">\n<!-- IMAGE AUTHOR -->\n<picture class=\"voc-image-signature\">\n<img class=\"voc-image-signature__img\" src=\"http:\/\/hoycordobaweb.com\/wp-content\/uploads\/2025\/06\/conjuntos-de-verano-frescos-y-bonitos-para-llevar-a-diario.jpg\" alt=\"Lauren Izquierdo\">\n<\/picture>\n<!-- INFO AUTHOR --> <\/div><\/div>\n<p><!-- COMPONENTS --><\/p>\n<p class=\"voc-paragraph\">Cuando llega el verano, lo \u00fanico que no queremos es pasarnos horas pensando en qu\u00e9 nos vamos a poner. Queremos disfrutar de los d\u00edas largos y las temperaturas agradables. La ropa pasa a un segundo plano, pero no por ello renunciamos a la elegancia m\u00e1s elaborada, porque en verano lo queremos todo y conseguirlo es tan sencillo como usar <span id=\"U2301859435313NfD\">conjuntos coordinados<\/span> o <a href=\"https:\/\/www.mujerhoy.com\/moda\/no-te-pierdas\/conjuntos-lino-look-basico-primavera-verano-mango-corte-ingles-20250521133737-nt.html\" title=\"www.mujerhoy.com\" data-voc-vtm-id=\"in-text-traffic\" data-mrf-link=\"www.mujerhoy.com\">total looks<\/a>.<\/p>\n<p class=\"voc-paragraph\">Ya sea en <a href=\"https:\/\/www.mujerhoy.com\/moda\/no-te-pierdas\/conjuntos-lino-look-basico-primavera-verano-mango-corte-ingles-20250521133737-nt.html\" title=\"www.mujerhoy.com\" data-voc-vtm-id=\"in-text-traffic\" data-mrf-link=\"www.mujerhoy.com\">lino ligero<\/a>, en crochet suave o en algod\u00f3n vaporoso, estos d\u00faos estivales \u2014camisa y pantal\u00f3n, top y falda, blusa y bermudas\u2014 tienen el poder de elevar cualquier estilismo con una f\u00f3rmula cuanto m\u00e1s sencilla, mejor. Adem\u00e1s, este tipo de sets funcionan tanto juntos como por separado, lo que los convierte en una <span id=\"U2301859435313m3G\">inversi\u00f3n sensata<\/span> y muy rentable. <\/p>\n<div class=\"v-c-cmp v-c-cmp--t1 \">\n<div class=\"v-cmp-rld v-cmp-rld--2 \">\n<div class=\"v-cnt-m v-cnt-m--m\">\n<div class=\"v-cnt-m__c\">\n<div class=\"v-cnt-m__w v-cnt-m__w--1\">\n<p class=\"v-cnt-m__t\">\nTAMBI\u00c9N TE INTERESA\n<\/p>\n<\/div>\n<\/div>\n<\/div>\n<div class=\"v-g v-g--2-c v-g--bdr-min-xs\">\n<div class=\"v-g__c \">\n<article class=\"v-a v-a--cmp-rld v-a--cmp-rld-2 v-a--p-l\">\n<div class=\"v-a-img-c\">\n<figure class=\"v-a-fig\">\n<a href=\"https:\/\/www.mujerhoy.com\/moda\/tendencias\/conjutos-chaleco-mujer-verano-fresquitos-ponibles-elegantes-20250516095957-nt.html#vtm_modulosEngag=mod-rel:moda:noticia:1:cmp:2-not\" class=\"v-a-link\" title=\"Los conjuntos con chaleco que las mujeres m\u00e1s estilosas ya tienen en su armario de verano\"><br \/>\n<img loading=\"lazy\" class=\"v-a-img\" src=\"http:\/\/hoycordobaweb.com\/wp-content\/uploads\/2025\/06\/conjuntos-de-verano-frescos-y-bonitos-para-llevar-a-diario-1.jpg\" alt=\"Los conjuntos con chaleco que las mujeres m\u00e1s estilosas ya tienen en su armario de verano\"><br \/>\n<\/a><br \/>\n<\/figure>\n<\/div>\n<\/article>\n<\/div>\n<div class=\"v-g__c \">\n<article class=\"v-a v-a--cmp-rld v-a--cmp-rld-2 v-a--p-l\">\n<div class=\"v-a-img-c\">\n<figure class=\"v-a-fig\">\n<a href=\"https:\/\/www.mujerhoy.com\/moda\/no-te-pierdas\/conjuntos-de-punto-dias-de-frio-ponibles-comodos-20250125115603-nt.html#vtm_modulosEngag=mod-rel:moda:noticia:2:cmp:2-not\" class=\"v-a-link\" title=\"\u200bConjuntos de punto para los d\u00edas de fr\u00edo: c\u00f3modos, ponibles y muy pr\u00e1cticos\"><br \/>\n<img loading=\"lazy\" class=\"v-a-img\" src=\"http:\/\/hoycordobaweb.com\/wp-content\/uploads\/2025\/06\/conjuntos-de-verano-frescos-y-bonitos-para-llevar-a-diario-2.jpg\" alt=\"\u200bConjuntos de punto para los d\u00edas de fr\u00edo: c\u00f3modos, ponibles y muy pr\u00e1cticos\"><br \/>\n<\/a><br \/>\n<\/figure>\n<\/div>\n<\/article>\n<\/div>\n<\/div>\n<\/div>\n<\/div>\n<p class=\"voc-paragraph\">Puedes lucirlos como total look para verte favorecida siempre o combinarlos con otras <span id=\"U2301859435313I6F\">prendas clave de tu armario<\/span>: la blusa con unos vaqueros rectos, el pantal\u00f3n fluido con un tank top b\u00e1sico, la falda con una camiseta de rayas&#8230; Las posibilidades son infinitas, pero todas tienen algo en com\u00fan: un look de diez.<\/p>\n<p><h3 class=\"v-cmp-suh\">\nLos mejores conjuntos de verano<br \/>\n<\/h3>\n<\/p>\n<div class=\"v-c-cmp\">\n<div class=\"v-cmp-m \">\n<div class=\"v-a v-a--cmp-m v-a--cmp-m-z\">\n<div class=\"v-a-img-c\">\n<figure class=\"v-a-fig\">\n<button class=\"v-a-link\" popovertarget=\"open-c-zoom6\"><br \/>\n<img loading=\"lazy\" src=\"http:\/\/hoycordobaweb.com\/wp-content\/uploads\/2025\/06\/conjuntos-de-verano-frescos-y-bonitos-para-llevar-a-diario-3.jpg\" class=\"v-a-img\" width=\"650\" height=\"900\" alt=\"Imagen - Conjunto de rayas de Na-KD: pantal\u00f3n 13,96 euros y camisa 15,56 euros..\"> <\/button><figcaption class=\"v-fc\">\n<span class=\"v-fc__t\"><br \/>\nConjunto de rayas de Na-KD: pantal\u00f3n 13,96 euros y camisa 15,56 euros..<br \/>\n<\/span><br \/>\n<\/figcaption><\/figure>\n<\/div>\n<\/div>\n<\/div>\n<\/div>\n<div id=\"open-c-zoom6\" popover class=\"v-mdl v-mdl--fw\">\n<button class=\"v-x\" popovertarget=\"open-c-zoom6\" popovertargetaction=\"hide\"><br \/>\n<span class=\"v-i\"><br \/>\n<svg width=\"24\" height=\"23.996\" viewBox=\"0 0 24 23.996\">\n<path data-name=\"Uni\u00f3n 29\" d=\"M12,14.03,2.031,24,0,21.963,9.968,12,0,2.033,2.031,0,12,9.966,21.969,0,24,2.033,14.032,12,24,21.963,21.969,24Z\" \/>\n<\/svg><br \/>\n<\/span><br \/>\n<\/button><\/p>\n<div class=\"v-mdl__c\">\n<div class=\"v-mdl__w\">\n<img loading=\"lazy\" src=\"http:\/\/hoycordobaweb.com\/wp-content\/uploads\/2025\/06\/conjuntos-de-verano-frescos-y-bonitos-para-llevar-a-diario-3.jpg\" class=\"v-mdl__img-z\" width=\"650\" height=\"900\" alt=\"Imagen - Conjunto de rayas de Na-KD: pantal\u00f3n 13,96 euros y camisa 15,56 euros..\">\n<\/div>\n<\/div>\n<\/div>\n<p><span class=\"v-bdp\"><\/span><\/p>\n<p class=\"voc-paragraph\"><span id=\"U2301859435313RGC\">Conjunto de rayas de Na-KD: pantal\u00f3n 13,96 euros y camisa 15,56 euros.<\/span> Es uno de los que mejor sientan porque el estampado estiliza y siempre te har\u00e1 verte elegante, sobre todo si lo combinas con unas sandalias pala y un capazo. <\/p>\n<div class=\"v-c-cmp\">\n<div class=\"v-cmp-m \">\n<div class=\"v-a v-a--cmp-m v-a--cmp-m-z\">\n<div class=\"v-a-img-c\">\n<figure class=\"v-a-fig\">\n<button class=\"v-a-link\" popovertarget=\"open-c-zoom8\"><br \/>\n<img loading=\"lazy\" src=\"http:\/\/hoycordobaweb.com\/wp-content\/uploads\/2025\/06\/conjuntos-de-verano-frescos-y-bonitos-para-llevar-a-diario-4.jpg\" class=\"v-a-img\" width=\"650\" height=\"900\" alt=\"Imagen - Conjunto de falda y top rojo de Zara: falda 39,95 euros y top 25,95 euros.\"> <\/button><figcaption class=\"v-fc\">\n<span class=\"v-fc__t\"><br \/>\nConjunto de falda y top rojo de Zara: falda 39,95 euros y top 25,95 euros.<br \/>\n<\/span><br \/>\n<\/figcaption><\/figure>\n<\/div>\n<\/div>\n<\/div>\n<\/div>\n<div id=\"open-c-zoom8\" popover class=\"v-mdl v-mdl--fw\">\n<button class=\"v-x\" popovertarget=\"open-c-zoom8\" popovertargetaction=\"hide\"><br \/>\n<span class=\"v-i\"><br \/>\n<svg width=\"24\" height=\"23.996\" viewBox=\"0 0 24 23.996\">\n<path data-name=\"Uni\u00f3n 29\" d=\"M12,14.03,2.031,24,0,21.963,9.968,12,0,2.033,2.031,0,12,9.966,21.969,0,24,2.033,14.032,12,24,21.963,21.969,24Z\" \/>\n<\/svg><br \/>\n<\/span><br \/>\n<\/button><\/p>\n<div class=\"v-mdl__c\">\n<div class=\"v-mdl__w\">\n<img loading=\"lazy\" src=\"http:\/\/hoycordobaweb.com\/wp-content\/uploads\/2025\/06\/conjuntos-de-verano-frescos-y-bonitos-para-llevar-a-diario-4.jpg\" class=\"v-mdl__img-z\" width=\"650\" height=\"900\" alt=\"Imagen - Conjunto de falda y top rojo de Zara: falda 39,95 euros y top 25,95 euros.\">\n<\/div>\n<\/div>\n<\/div>\n<p><span class=\"v-bdp\"><\/span><\/p>\n<p class=\"voc-paragraph\"><span id=\"U2301859435313nEC\">Conjunto de falda y top rojo de Zara: falda 39,95 euros y top 25,95 euros<\/span>. Ha sido verlo y caer rendida de amor. Las razones son obvias: es ponible, c\u00f3modo y tan elegante, que solo necesitar\u00e1s unas sandalias marrones y unos pendientes dorados.<\/p>\n<div class=\"v-c-cmp\">\n<div class=\"v-cmp-m \">\n<div class=\"v-a v-a--cmp-m v-a--cmp-m-z\">\n<div class=\"v-a-img-c\">\n<figure class=\"v-a-fig\">\n<button class=\"v-a-link\" popovertarget=\"open-c-zoom10\"><br \/>\n<img loading=\"lazy\" src=\"http:\/\/hoycordobaweb.com\/wp-content\/uploads\/2025\/06\/conjuntos-de-verano-frescos-y-bonitos-para-llevar-a-diario-5.jpg\" class=\"v-a-img\" width=\"650\" height=\"900\" alt=\"Imagen - Conjunto de abalorios de Pull&amp;Bear: top 25,99 euros y falda 29,99 euros..\"> <\/button><figcaption class=\"v-fc\">\n<span class=\"v-fc__t\"><br \/>\nConjunto de abalorios de Pull&amp;Bear: top 25,99 euros y falda 29,99 euros..<br \/>\n<\/span><br \/>\n<\/figcaption><\/figure>\n<\/div>\n<\/div>\n<\/div>\n<\/div>\n<div id=\"open-c-zoom10\" popover class=\"v-mdl v-mdl--fw\">\n<button class=\"v-x\" popovertarget=\"open-c-zoom10\" popovertargetaction=\"hide\"><br \/>\n<span class=\"v-i\"><br \/>\n<svg width=\"24\" height=\"23.996\" viewBox=\"0 0 24 23.996\">\n<path data-name=\"Uni\u00f3n 29\" d=\"M12,14.03,2.031,24,0,21.963,9.968,12,0,2.033,2.031,0,12,9.966,21.969,0,24,2.033,14.032,12,24,21.963,21.969,24Z\" \/>\n<\/svg><br \/>\n<\/span><br \/>\n<\/button><\/p>\n<div class=\"v-mdl__c\">\n<div class=\"v-mdl__w\">\n<img loading=\"lazy\" src=\"http:\/\/hoycordobaweb.com\/wp-content\/uploads\/2025\/06\/conjuntos-de-verano-frescos-y-bonitos-para-llevar-a-diario-5.jpg\" class=\"v-mdl__img-z\" width=\"650\" height=\"900\" alt=\"Imagen - Conjunto de abalorios de Pull&amp;Bear: top 25,99 euros y falda 29,99 euros..\">\n<\/div>\n<\/div>\n<\/div>\n<p><span class=\"v-bdp\"><\/span><\/p>\n<p class=\"voc-paragraph\"><span id=\"U23018594353133g\">Conjunto de abalorios de Pull&amp;Bear: top 25,99 euros y falda 29,99 euros.<\/span> Perfecto para las m\u00e1s modernas o para las amantes del marr\u00f3n chocolate, este look de dos piezas es ideal para aquellas que no se complican en exceso y solo buscan verse favorecidas. <\/p>\n<div class=\"v-c-cmp\">\n<div class=\"v-cmp-m \">\n<div class=\"v-a v-a--cmp-m v-a--cmp-m-z\">\n<div class=\"v-a-img-c\">\n<figure class=\"v-a-fig\">\n<button class=\"v-a-link\" popovertarget=\"open-c-zoom12\"><br \/>\n<img loading=\"lazy\" src=\"http:\/\/hoycordobaweb.com\/wp-content\/uploads\/2025\/06\/conjuntos-de-verano-frescos-y-bonitos-para-llevar-a-diario-6.jpg\" class=\"v-a-img\" width=\"650\" height=\"900\" alt=\"Imagen - Conjunto de maxifalda de H&amp;M: top 24,99 euros y falda 29,99 euros.\"> <\/button><figcaption class=\"v-fc\">\n<span class=\"v-fc__t\"><br \/>\nConjunto de maxifalda de H&amp;M: top 24,99 euros y falda 29,99 euros.<br \/>\n<\/span><br \/>\n<\/figcaption><\/figure>\n<\/div>\n<\/div>\n<\/div>\n<\/div>\n<div id=\"open-c-zoom12\" popover class=\"v-mdl v-mdl--fw\">\n<button class=\"v-x\" popovertarget=\"open-c-zoom12\" popovertargetaction=\"hide\"><br \/>\n<span class=\"v-i\"><br \/>\n<svg width=\"24\" height=\"23.996\" viewBox=\"0 0 24 23.996\">\n<path data-name=\"Uni\u00f3n 29\" d=\"M12,14.03,2.031,24,0,21.963,9.968,12,0,2.033,2.031,0,12,9.966,21.969,0,24,2.033,14.032,12,24,21.963,21.969,24Z\" \/>\n<\/svg><br \/>\n<\/span><br \/>\n<\/button><\/p>\n<div class=\"v-mdl__c\">\n<div class=\"v-mdl__w\">\n<img loading=\"lazy\" src=\"http:\/\/hoycordobaweb.com\/wp-content\/uploads\/2025\/06\/conjuntos-de-verano-frescos-y-bonitos-para-llevar-a-diario-6.jpg\" class=\"v-mdl__img-z\" width=\"650\" height=\"900\" alt=\"Imagen - Conjunto de maxifalda de H&amp;M: top 24,99 euros y falda 29,99 euros.\">\n<\/div>\n<\/div>\n<\/div>\n<p><span class=\"v-bdp\"><\/span><\/p>\n<p class=\"voc-paragraph\"><span id=\"U2301859435313tzE\">Conjunto de maxifalda de H&amp;M: top 24,99 euros y falda 29,99 euros.<\/span> Este tono rojizo sienta bien a todas, tanto a las que est\u00e1n bronceadas, como a las que no. Es c\u00f3modo, bonito y con ese aire boho que no pasa desapercibido. <\/p>\n<div class=\"v-c-cmp\">\n<div class=\"v-cmp-m \">\n<div class=\"v-a v-a--cmp-m v-a--cmp-m-z\">\n<div class=\"v-a-img-c\">\n<figure class=\"v-a-fig\">\n<button class=\"v-a-link\" popovertarget=\"open-c-zoom15\"><br \/>\n<img loading=\"lazy\" src=\"http:\/\/hoycordobaweb.com\/wp-content\/uploads\/2025\/06\/conjuntos-de-verano-frescos-y-bonitos-para-llevar-a-diario-7.jpg\" class=\"v-a-img\" width=\"650\" height=\"900\" alt=\"Imagen - Conjunto de espejos de Parfois: top 35,99 euros y falda 49,99 euros.\"> <\/button><figcaption class=\"v-fc\">\n<span class=\"v-fc__t\"><br \/>\nConjunto de espejos de Parfois: top 35,99 euros y falda 49,99 euros.<br \/>\n<\/span><br \/>\n<\/figcaption><\/figure>\n<\/div>\n<\/div>\n<\/div>\n<\/div>\n<div id=\"open-c-zoom15\" popover class=\"v-mdl v-mdl--fw\">\n<button class=\"v-x\" popovertarget=\"open-c-zoom15\" popovertargetaction=\"hide\"><br \/>\n<span class=\"v-i\"><br \/>\n<svg width=\"24\" height=\"23.996\" viewBox=\"0 0 24 23.996\">\n<path data-name=\"Uni\u00f3n 29\" d=\"M12,14.03,2.031,24,0,21.963,9.968,12,0,2.033,2.031,0,12,9.966,21.969,0,24,2.033,14.032,12,24,21.963,21.969,24Z\" \/>\n<\/svg><br \/>\n<\/span><br \/>\n<\/button><\/p>\n<div class=\"v-mdl__c\">\n<div class=\"v-mdl__w\">\n<img loading=\"lazy\" src=\"http:\/\/hoycordobaweb.com\/wp-content\/uploads\/2025\/06\/conjuntos-de-verano-frescos-y-bonitos-para-llevar-a-diario-7.jpg\" class=\"v-mdl__img-z\" width=\"650\" height=\"900\" alt=\"Imagen - Conjunto de espejos de Parfois: top 35,99 euros y falda 49,99 euros.\">\n<\/div>\n<\/div>\n<\/div>\n<p><span class=\"v-bdp\"><\/span><\/p>\n<p class=\"voc-paragraph\"><span id=\"U2301859435313klE\">Conjunto de espejos de Parfois: top 35,99 euros y falda 49,99 euros.<\/span> Algo nos dice que este set ser\u00e1 uno de los coming soon m\u00e1s aclamados de la temporada, y motivos no faltan: es c\u00f3modo, pero espectacular. Lo tiene todo. <\/p>\n<div class=\"v-c-cmp\">\n<div class=\"v-cmp-m \">\n<div class=\"v-a v-a--cmp-m v-a--cmp-m-z\">\n<div class=\"v-a-img-c\">\n<figure class=\"v-a-fig\">\n<button class=\"v-a-link\" popovertarget=\"open-c-zoom17\"><br \/>\n<img loading=\"lazy\" src=\"http:\/\/hoycordobaweb.com\/wp-content\/uploads\/2025\/06\/conjuntos-de-verano-frescos-y-bonitos-para-llevar-a-diario-8.jpg\" class=\"v-a-img\" width=\"650\" height=\"900\" alt=\"Imagen - Falda y top estampado de Sandro: top 265 euros y falda 365 euros.\"> <\/button><figcaption class=\"v-fc\">\n<span class=\"v-fc__t\"><br \/>\nFalda y top estampado de Sandro: top 265 euros y falda 365 euros.<br \/>\n<\/span><br \/>\n<\/figcaption><\/figure>\n<\/div>\n<\/div>\n<\/div>\n<\/div>\n<div id=\"open-c-zoom17\" popover class=\"v-mdl v-mdl--fw\">\n<button class=\"v-x\" popovertarget=\"open-c-zoom17\" popovertargetaction=\"hide\"><br \/>\n<span class=\"v-i\"><br \/>\n<svg width=\"24\" height=\"23.996\" viewBox=\"0 0 24 23.996\">\n<path data-name=\"Uni\u00f3n 29\" d=\"M12,14.03,2.031,24,0,21.963,9.968,12,0,2.033,2.031,0,12,9.966,21.969,0,24,2.033,14.032,12,24,21.963,21.969,24Z\" \/>\n<\/svg><br \/>\n<\/span><br \/>\n<\/button><\/p>\n<div class=\"v-mdl__c\">\n<div class=\"v-mdl__w\">\n<img loading=\"lazy\" src=\"http:\/\/hoycordobaweb.com\/wp-content\/uploads\/2025\/06\/conjuntos-de-verano-frescos-y-bonitos-para-llevar-a-diario-8.jpg\" class=\"v-mdl__img-z\" width=\"650\" height=\"900\" alt=\"Imagen - Falda y top estampado de Sandro: top 265 euros y falda 365 euros.\">\n<\/div>\n<\/div>\n<\/div>\n<p><span class=\"v-bdp\"><\/span><\/p>\n<p class=\"voc-paragraph\"><span id=\"U2301859435313WmC\">Falda y top estampado de Sandro: top 265 euros y falda 365 euros.<\/span> Si buscas algo un poco m\u00e1s elegante que sea una inversi\u00f3n a largo plazo, este dos piezas de Sandro es el aliado que necesitas como fondo de armario. <\/p>\n<div class=\"v-c-cmp v-c-cmp--t1 \">\n<div class=\"v-cmp-rld v-cmp-rld--2 \">\n<div class=\"v-cnt-m v-cnt-m--m\">\n<div class=\"v-cnt-m__c\">\n<div class=\"v-cnt-m__w v-cnt-m__w--1\">\n<p class=\"v-cnt-m__t\">\nTE RECOMENDAMOS\n<\/p>\n<\/div>\n<\/div>\n<\/div>\n<div class=\"v-g v-g--2-c v-g--bdr-min-xs\">\n<div class=\"v-g__c \">\n<article class=\"v-a v-a--cmp-rld v-a--cmp-rld-2 v-a--p-l\">\n<div class=\"v-a-img-c\">\n<figure class=\"v-a-fig\">\n<a href=\"https:\/\/www.mujerhoy.com\/moda\/tendencias\/conjuntos-punto-tendencia-invierno-elegantes-comodos-favoritos-francesas-20250127175300-nt.html#vtm_modulosEngag=mod-rel:moda:noticia:1:cmp:2-not\" class=\"v-a-link\" title=\"Conjuntos de punto, el truco de las francesas para vestir bien en invierno: los modelos m\u00e1s bonitos de nueva temporada\"><br \/>\n<img loading=\"lazy\" class=\"v-a-img\" src=\"http:\/\/hoycordobaweb.com\/wp-content\/uploads\/2025\/06\/conjuntos-de-verano-frescos-y-bonitos-para-llevar-a-diario-9.jpg\" alt=\"Conjuntos de punto, el truco de las francesas para vestir bien en invierno: los modelos m\u00e1s bonitos de nueva temporada\"><br \/>\n<\/a><br \/>\n<\/figure>\n<\/div>\n<\/article>\n<\/div>\n<div class=\"v-g__c \">\n<article class=\"v-a v-a--cmp-rld v-a--cmp-rld-2 v-a--p-l\">\n<div class=\"v-a-img-c\">\n<figure class=\"v-a-fig\">\n<a href=\"https:\/\/www.mujerhoy.com\/moda\/tendencias\/conjuntos-elegantes-estampados-bonitos-para-verano-20240429165910-nt.html#vtm_modulosEngag=mod-rel:moda:noticia:2:cmp:2-not\" class=\"v-a-link\" title=\"Conjuntos elegantes y en tendencia para vestir f\u00e1cil cuando no sabes qu\u00e9 ponerte\"><br \/>\n<img loading=\"lazy\" class=\"v-a-img\" src=\"http:\/\/hoycordobaweb.com\/wp-content\/uploads\/2025\/06\/conjuntos-de-verano-frescos-y-bonitos-para-llevar-a-diario-10.jpg\" alt=\"Conjuntos elegantes y en tendencia para vestir f\u00e1cil cuando no sabes qu\u00e9 ponerte\"><br \/>\n<\/a><br \/>\n<\/figure>\n<\/div>\n<\/article>\n<\/div>\n<\/div>\n<\/div>\n<\/div>\n","protected":false},"excerpt":{"rendered":"<p>Cuando llega el verano, lo \u00fanico que no queremos es pasarnos horas pensando en qu\u00e9 nos vamos a poner. Queremos disfrutar de los d\u00edas largos y las temperaturas agradables. La ropa pasa a un segundo plano, pero no por ello renunciamos a la elegancia m\u00e1s elaborada, porque en verano lo queremos todo y conseguirlo es [&hellip;]<\/p>\n","protected":false},"author":1,"featured_media":107031,"comment_status":"closed","ping_status":"closed","sticky":false,"template":"","format":"standard","meta":[],"categories":[],"tags":[],"_links":{"self":[{"href":"http:\/\/hoycordobaweb.com\/index.php\/wp-json\/wp\/v2\/posts\/107030"}],"collection":[{"href":"http:\/\/hoycordobaweb.com\/index.php\/wp-json\/wp\/v2\/posts"}],"about":[{"href":"http:\/\/hoycordobaweb.com\/index.php\/wp-json\/wp\/v2\/types\/post"}],"author":[{"embeddable":true,"href":"http:\/\/hoycordobaweb.com\/index.php\/wp-json\/wp\/v2\/users\/1"}],"replies":[{"embeddable":true,"href":"http:\/\/hoycordobaweb.com\/index.php\/wp-json\/wp\/v2\/comments?post=107030"}],"version-history":[{"count":0,"href":"http:\/\/hoycordobaweb.com\/index.php\/wp-json\/wp\/v2\/posts\/107030\/revisions"}],"wp:featuredmedia":[{"embeddable":true,"href":"http:\/\/hoycordobaweb.com\/index.php\/wp-json\/wp\/v2\/media\/107031"}],"wp:attachment":[{"href":"http:\/\/hoycordobaweb.com\/index.php\/wp-json\/wp\/v2\/media?parent=107030"}],"wp:term":[{"taxonomy":"category","embeddable":true,"href":"http:\/\/hoycordobaweb.com\/index.php\/wp-json\/wp\/v2\/categories?post=107030"},{"taxonomy":"post_tag","embeddable":true,"href":"http:\/\/hoycordobaweb.com\/index.php\/wp-json\/wp\/v2\/tags?post=107030"}],"curies":[{"name":"wp","href":"https:\/\/api.w.org\/{rel}","templated":true}]}}