{"id":107022,"date":"2025-06-03T21:12:28","date_gmt":"2025-06-03T21:12:28","guid":{"rendered":"https:\/\/www.ole.com.ar\/futbol-internacional\/koeman-nationsleague-finlandia-inter_0_EYbtcWnZZQ.html"},"modified":"2025-06-03T21:12:28","modified_gmt":"2025-06-03T21:12:28","slug":"un-ex-dt-de-messi-es-absurdo-que-se-juegue-el-mundial-de-clubes","status":"publish","type":"post","link":"http:\/\/hoycordobaweb.com\/index.php\/2025\/06\/03\/un-ex-dt-de-messi-es-absurdo-que-se-juegue-el-mundial-de-clubes\/","title":{"rendered":"Un ex DT de Messi: \u00abEs absurdo que se juegue el Mundial de Clubes\u00bb"},"content":{"rendered":"<p><img src=\"http:\/\/hoycordobaweb.com\/wp-content\/uploads\/2025\/06\/un-ex-dt-de-messi-es-absurdo-que-se-juegue-el-mundial-de-clubes.jpg\"><\/p>\n<p><time class=\"createDate\" datetime=\"2025-06-03T18:12:28-03:00\">03\/06\/2025 18:12hs.<\/time><\/p>\n<div id=\"storyBody\">\n<div class=\"custom-text \" readability=\"36.968619246862\">\n<p><strong><a href=\"https:\/\/www.ole.com.ar\/tema\/ronald-koeman.html\" title=\"Ronald Koeman\" alt=\"Ronald Koeman\" class=\"slug\">Ronald Koeman<\/a><\/strong> es el actual entrenador de<strong><a href=\"https:\/\/www.ole.com.ar\/tema\/paises-bajos.html\" title=\"Paises Bajos\" alt=\"Paises Bajos\" class=\"slug\"> Pa\u00edses Bajos<\/a><\/strong>. Este martes pas\u00f3 por la conferencia de prensa en la previa del partido ante Finlandia, por la Nations League, del pr\u00f3ximo s\u00e1bado. Le recordaron que dos de sus jugadores, Dumfries y De Vrij, del <a href=\"https:\/\/www.ole.com.ar\/tema\/inter.html\" title=\"Inter\" alt=\"Inter\" class=\"slug\">Inter<\/a>, como todos los futbolistas que jugaron la final de la <a href=\"https:\/\/www.ole.com.ar\/tema\/champions-league.html\" title=\"Champions League\" alt=\"Champions League\" class=\"slug\">Champions League<\/a>, no tendr\u00e1n ni una semana de vacaciones porque deber\u00e1n sumarse al equipo italiano para el Mundial de Clubes. <strong>Y ah\u00ed expuso una queja contundente.<\/strong><\/p>\n<\/div>\n<div class=\"custom-text \" readability=\"39\">\n<p><strong>\u00abYa he dicho antes que la Copa Mundial de Clubes es absurda. <\/strong>Los clubes estar\u00e1n contentos con el dinero que recibir\u00e1n, pero no me imagino a ning\u00fan jugador que haya ganado muchos t\u00edtulos emocion\u00e1ndose tanto por ganar esta copa como lo har\u00eda por triunfar en su liga nacional, la Champions League, la Eurocopa o la Copa del Mundo. Esto es perjudicial para los jugadores\u00bb, declar\u00f3 Koeman en una entrevista con Sport.es.<\/p>\n<\/div>\n<div class=\"sc-e7b891c4-0 ifHnQL image-embed\"><img alt=\"Ronald Koeman, en conferencia de prensa.\" loading=\"lazy\" width=\"720\" height=\"100\" decoding=\"async\" data-nimg=\"1\" src=\"http:\/\/hoycordobaweb.com\/wp-content\/uploads\/2025\/06\/un-ex-dt-de-messi-es-absurdo-que-se-juegue-el-mundial-de-clubes-2.jpg\"><span class=\"epigraphe\">Ronald Koeman, en conferencia de prensa.<\/span><\/div>\n<div class=\"custom-text \" readability=\"36\">\n<p>Para Koeman, la carga de partidos para los jugadores es totalmente excesiva y el nuevo formato del Mundial de Clubes no ayuda a mejorar esta situaci\u00f3n. \u00abCon esto se destruye a los jugadores\u00bb, asegur\u00f3.<\/p>\n<\/div>\n<div class=\"custom-text \" readability=\"33\">\n<p>Koeman tiene antecedentes de declaraciones frontales. Fue t\u00e9cnico de Lionel Messi en el Barcelona y al arrancar sac\u00f3 al uruguayo Luis Su\u00e1rez del equipo.<\/p>\n<\/div>\n<p><h2><strong>Su trayectoria<\/strong><\/h2>\n<\/p>\n<div class=\"custom-text \" readability=\"38\">\n<p>Koeman dirigi\u00f3 al Ajax, Benfica, Valencia, Feyenoord, PSV, Southampton y Everton. En el Barsa estuvo en la temporada 20\/21. Tiene una amplia trayectoria. <\/p>\n<\/div>\n<div class=\"sc-e7b891c4-0 ifHnQL image-embed\"><img alt=\"Denzel Dumfries para el Inter en la final de la Champions. De ah\u00ed, a la selecci\u00f3n. Luego, el Mundial de Clubes.\" loading=\"lazy\" width=\"720\" height=\"100\" decoding=\"async\" data-nimg=\"1\" src=\"http:\/\/hoycordobaweb.com\/wp-content\/uploads\/2025\/06\/un-ex-dt-de-messi-es-absurdo-que-se-juegue-el-mundial-de-clubes-3.jpg\"><span class=\"epigraphe\">Denzel Dumfries para el Inter en la final de la Champions. De ah\u00ed, a la selecci\u00f3n. Luego, el Mundial de Clubes.<\/span><\/div>\n<div class=\"sc-a7166897-0 eoLsBE\" readability=\"6\">\n<section readability=\"2\"><picture><img alt=\"Javier Mascherano sobre el Mundial de Clubes: &quot;Es un nivel que nosotros no tenemos&quot;\" loading=\"lazy\" width=\"290\" height=\"290\" decoding=\"async\" data-nimg=\"1\" src=\"http:\/\/hoycordobaweb.com\/wp-content\/uploads\/2025\/06\/un-ex-dt-de-messi-es-absurdo-que-se-juegue-el-mundial-de-clubes-4.jpg\"><\/picture>\n<p><span>Mir\u00e1 tambi\u00e9n<\/span><\/p>\n<hr>\n<h3>Javier Mascherano sobre el Mundial de Clubes: \u00abEs un nivel que nosotros no tenemos\u00bb<\/h3>\n<\/p>\n<\/section>\n<\/div>\n<div class=\"sc-a7166897-0 eoLsBE\" readability=\"6.5\">\n<section readability=\"3\"><picture><img alt=\"D\u00edas y horarios confirmados para los playoffs de octavos de final de la Copa Sudamericana\" loading=\"lazy\" width=\"290\" height=\"290\" decoding=\"async\" data-nimg=\"1\" src=\"http:\/\/hoycordobaweb.com\/wp-content\/uploads\/2025\/06\/un-ex-dt-de-messi-es-absurdo-que-se-juegue-el-mundial-de-clubes-5.jpg\"><\/picture>\n<p><span>Mir\u00e1 tambi\u00e9n<\/span><\/p>\n<hr>\n<h3>D\u00edas y horarios confirmados para los playoffs de octavos de final de la Copa Sudamericana<\/h3>\n<\/p>\n<\/section>\n<\/div>\n<\/div>\n","protected":false},"excerpt":{"rendered":"<p>03\/06\/2025 18:12hs. Ronald Koeman es el actual entrenador de Pa\u00edses Bajos. Este martes pas\u00f3 por la conferencia de prensa en la previa del partido ante Finlandia, por la Nations League, del pr\u00f3ximo s\u00e1bado. Le recordaron que dos de sus jugadores, Dumfries y De Vrij, del Inter, como todos los futbolistas que jugaron la final de [&hellip;]<\/p>\n","protected":false},"author":1,"featured_media":107023,"comment_status":"open","ping_status":"closed","sticky":false,"template":"","format":"standard","meta":[],"categories":[16],"tags":[],"_links":{"self":[{"href":"http:\/\/hoycordobaweb.com\/index.php\/wp-json\/wp\/v2\/posts\/107022"}],"collection":[{"href":"http:\/\/hoycordobaweb.com\/index.php\/wp-json\/wp\/v2\/posts"}],"about":[{"href":"http:\/\/hoycordobaweb.com\/index.php\/wp-json\/wp\/v2\/types\/post"}],"author":[{"embeddable":true,"href":"http:\/\/hoycordobaweb.com\/index.php\/wp-json\/wp\/v2\/users\/1"}],"replies":[{"embeddable":true,"href":"http:\/\/hoycordobaweb.com\/index.php\/wp-json\/wp\/v2\/comments?post=107022"}],"version-history":[{"count":0,"href":"http:\/\/hoycordobaweb.com\/index.php\/wp-json\/wp\/v2\/posts\/107022\/revisions"}],"wp:featuredmedia":[{"embeddable":true,"href":"http:\/\/hoycordobaweb.com\/index.php\/wp-json\/wp\/v2\/media\/107023"}],"wp:attachment":[{"href":"http:\/\/hoycordobaweb.com\/index.php\/wp-json\/wp\/v2\/media?parent=107022"}],"wp:term":[{"taxonomy":"category","embeddable":true,"href":"http:\/\/hoycordobaweb.com\/index.php\/wp-json\/wp\/v2\/categories?post=107022"},{"taxonomy":"post_tag","embeddable":true,"href":"http:\/\/hoycordobaweb.com\/index.php\/wp-json\/wp\/v2\/tags?post=107022"}],"curies":[{"name":"wp","href":"https:\/\/api.w.org\/{rel}","templated":true}]}}