{"id":107018,"date":"2025-06-03T21:18:13","date_gmt":"2025-06-03T21:18:13","guid":{"rendered":"https:\/\/www.ole.com.ar\/independiente\/independiente_0_6FMcGKQ6lJ.html"},"modified":"2025-06-03T21:18:13","modified_gmt":"2025-06-03T21:18:13","slug":"independiente-los-puestos-a-reforzar-y-la-posible-salida-de-lomonaco-y-loyola","status":"publish","type":"post","link":"http:\/\/hoycordobaweb.com\/index.php\/2025\/06\/03\/independiente-los-puestos-a-reforzar-y-la-posible-salida-de-lomonaco-y-loyola\/","title":{"rendered":"Independiente: los puestos a reforzar y la posible salida de Lom\u00f3naco y Loyola"},"content":{"rendered":"<p><img src=\"http:\/\/hoycordobaweb.com\/wp-content\/uploads\/2025\/06\/independiente-los-puestos-a-reforzar-y-la-posible-salida-de-lomonaco-y-loyola.jpg\"><\/p>\n<p><time class=\"createDate\" datetime=\"2025-06-03T18:18:13-03:00\">03\/06\/2025 18:18hs.<\/time><\/p>\n<div id=\"storyBody\">\n<div class=\"custom-text \" readability=\"34.935622317597\">\n<p>Con el primer semestre ya en el pasado, <a href=\"https:\/\/www.ole.com.ar\/tema\/club-atletico-independiente.html\" title=\"Club Atl\u00e9tico Independiente\" alt=\"Club Atl\u00e9tico Independiente\" class=\"slug\">Independiente <\/a>comenz\u00f3 a enfocarse en el pr\u00f3ximo mercado de pases de invierno. Y lejos de descansar, <strong><a href=\"https:\/\/www.ole.com.ar\/tema\/julio-vaccari.html\" title=\"Julio Vaccari\" alt=\"Julio Vaccari\" class=\"slug\">Julio Vaccari<\/a> ya mantuvo un cara a cara con la dirigencia para dejarles en claro los puestos que quiere reforzar <\/strong>para la segunda parte de la temporada y la importancia de mantener a la mayor\u00eda de los futbolistas que llevaron al club a so\u00f1ar otra vez con la chance de ganar un t\u00edtulo local despu\u00e9s de 23 a\u00f1os de sequ\u00eda.<\/p>\n<\/div>\n<p><h2>Los puestos a reforzar<\/h2>\n<\/p>\n<div class=\"custom-text \" readability=\"37\">\n<p>Mientras los jugadores se encuentran disfrutando de sus vacaciones a la espera de la vuelta al trabajo en el predio de Villa Dom\u00ednico (ser\u00e1 el 12 de junio), el entrenador del Rojo le dio a los directivos y a la Secretar\u00eda T\u00e9cnica los sectores en los que piensa incorporar y hasta le dio un <strong>listado de posibles nombres para ir a buscar<\/strong>, con el objetivo de potenciar al plantel profesional y encontrar el plus que le falt\u00f3 para coronarse en el Torneo Apertura de la Liga Profesional.<\/p>\n<\/div>\n<div class=\"custom-text \" readability=\"41.045454545455\">\n<p>Los aciertos que tuvo <a href=\"https:\/\/www.ole.com.ar\/tema\/julio-vaccari.html\" title=\"Julio Vaccari\" alt=\"Julio Vaccari\" class=\"slug\">Vaccari <\/a>en los anteriores mercados presuponen que la CD har\u00e1 lo imposible por cumplirle los deseos. No tuvo fallas con las llegadas de <a href=\"https:\/\/www.ole.com.ar\/tema\/kevin-lomonaco.html\" title=\"Kevin Lom\u00f3naco\" alt=\"Kevin Lom\u00f3naco\" class=\"slug\">Kevin Lom\u00f3naco<\/a>, Felipe Loyola, Luciano Cabral, \u00c1lvaro Angulo y otros tantos, por lo que pretende seguir por el mismo camino. <strong>\u201cLa idea es que el equipo crezca un poco m\u00e1s, tenemos que reforzar el plantel de 14 jugadores a 16 o 17 de primer nivel\u201d<\/strong>, manifest\u00f3 Daniel Seoane, secretario general del club, en Infierno Rojo.<\/p>\n<\/div>\n<div class=\"custom-text \" readability=\"38\">\n<p><strong>El t\u00e9cnico pidi\u00f3 por el arribo de un lateral derecho, un defensor central y dos delanteros, uno por afuera y otro por adentro<\/strong>. \u00bfQu\u00e9 m\u00e1s? El resto depender\u00e1 de las bajas que tendr\u00e1 que reemplazar, aunque todos en el Rojo quieren que no las haya para evitar desarmar un equipo que logr\u00f3 consolidarse en la primera etapa de la temporada.<\/p>\n<\/div>\n<p><h2>Las posibles salidas<\/h2>\n<\/p>\n<div class=\"custom-text \" readability=\"38.403990024938\">\n<p>Algunos nombres, como el de <a href=\"https:\/\/www.ole.com.ar\/tema\/nicolas-fernandez.html\" title=\"Nicol\u00e1s Fernandez\" alt=\"Nicol\u00e1s Fernandez\" class=\"slug\">Uvita Fern\u00e1ndez<\/a> (hoy en Belgrano), ya empezaron a circular. Sin embargo, Julio y la dirigencia se encuentran herm\u00e9ticos, con la idea de que no haya filtraciones y que las negociaciones no tengan inconvenientes. \u201cEl buen clima que hay genera que los jugadores quieran venir. Es m\u00e1s f\u00e1cil traerlos. L<strong>os que pidi\u00f3 son futbolistas que son importantes<\/strong>\u201d, aclar\u00f3 Seoane.<\/p>\n<\/div>\n<div class=\"custom-text \" readability=\"36.739795918367\">\n<p>Lo hecho por <a href=\"https:\/\/www.ole.com.ar\/tema\/club-atletico-independiente.html\" title=\"Club Atl\u00e9tico Independiente\" alt=\"Club Atl\u00e9tico Independiente\" class=\"slug\">Independiente <\/a>llev\u00f3 a que varios clubes del exterior pusieran sus ojos en algunos de los puntos altos. El gran nivel de Kevin Lom\u00f3naco, Felipe Loyola y \u00c1lvaro Angulo hicieron que apareciera rumores desde diferentes sectores. Sin embargo, <strong>la CD ya avis\u00f3 que ninguno se ir\u00e1 a menos que se ejecuten las cl\u00e1usulas de salidas<\/strong>, que van desde los 15 a los 20 millones de d\u00f3lares.<\/p>\n<\/div>\n<div class=\"custom-text \" readability=\"40\">\n<p>Por el momento, <strong>el club no recibi\u00f3 una oferta formal por ninguno de los tres, aunque s\u00ed existieron llamados<\/strong> y sondeos para interiorizarse en la situaci\u00f3n contractual de cada uno de ellos. Por ese motivo, Lom\u00f3naco y Loyola firmaron hace poco tiempo una mejora de sus v\u00ednculos. \u201cHoy son jugadores de la columna vertebral y hablamos con el t\u00e9cnico de no desmantelar eso\u201d, aclar\u00f3 el secretario, al mismo tiempo que afirm\u00f3 que \u201cno los negociamos\u201d en el f\u00fatbol argentino.<\/p>\n<\/div>\n<div class=\"sc-a7166897-0 eoLsBE\" readability=\"6.5\">\n<section readability=\"3\"><picture><img alt=\"D\u00edas y horarios confirmados para los playoffs de octavos de final de la Copa Sudamericana\" loading=\"lazy\" width=\"290\" height=\"290\" decoding=\"async\" data-nimg=\"1\" src=\"http:\/\/hoycordobaweb.com\/wp-content\/uploads\/2025\/06\/independiente-los-puestos-a-reforzar-y-la-posible-salida-de-lomonaco-y-loyola-2.jpg\"><\/picture>\n<p><span>Mir\u00e1 tambi\u00e9n<\/span><\/p>\n<hr>\n<h3>D\u00edas y horarios confirmados para los playoffs de octavos de final de la Copa Sudamericana<\/h3>\n<\/p>\n<\/section>\n<\/div>\n<div class=\"sc-a7166897-0 eoLsBE\" readability=\"6.5\">\n<section readability=\"3\"><picture><img alt=\"River, con fechas y horarios confirmados de los octavos de la Copa\" loading=\"lazy\" width=\"290\" height=\"290\" decoding=\"async\" data-nimg=\"1\" src=\"http:\/\/hoycordobaweb.com\/wp-content\/uploads\/2025\/06\/independiente-los-puestos-a-reforzar-y-la-posible-salida-de-lomonaco-y-loyola-3.jpg\"><\/picture>\n<p><span>Mir\u00e1 tambi\u00e9n<\/span><\/p>\n<hr>\n<h3>River, con fechas y horarios confirmados de los octavos de la Copa<\/h3>\n<\/p>\n<\/section>\n<\/div>\n<div class=\"sc-a7166897-0 eoLsBE\" readability=\"6.5\">\n<section readability=\"3\"><picture><img alt=\"El presidente de Newell's explic\u00f3 que protegi\u00f3 a los ni\u00f1os por la foto con Malcorra\" loading=\"lazy\" width=\"290\" height=\"290\" decoding=\"async\" data-nimg=\"1\" src=\"http:\/\/hoycordobaweb.com\/wp-content\/uploads\/2025\/06\/independiente-los-puestos-a-reforzar-y-la-posible-salida-de-lomonaco-y-loyola-4.jpg\"><\/picture>\n<p><span>Mir\u00e1 tambi\u00e9n<\/span><\/p>\n<hr>\n<h3>El presidente de Newell&#8217;s explic\u00f3 que protegi\u00f3 a los ni\u00f1os por la foto con Malcorra<\/h3>\n<\/p>\n<\/section>\n<\/div>\n<\/div>\n","protected":false},"excerpt":{"rendered":"<p>03\/06\/2025 18:18hs. Con el primer semestre ya en el pasado, Independiente comenz\u00f3 a enfocarse en el pr\u00f3ximo mercado de pases de invierno. Y lejos de descansar, Julio Vaccari ya mantuvo un cara a cara con la dirigencia para dejarles en claro los puestos que quiere reforzar para la segunda parte de la temporada y la [&hellip;]<\/p>\n","protected":false},"author":1,"featured_media":107019,"comment_status":"open","ping_status":"closed","sticky":false,"template":"","format":"standard","meta":[],"categories":[16],"tags":[],"_links":{"self":[{"href":"http:\/\/hoycordobaweb.com\/index.php\/wp-json\/wp\/v2\/posts\/107018"}],"collection":[{"href":"http:\/\/hoycordobaweb.com\/index.php\/wp-json\/wp\/v2\/posts"}],"about":[{"href":"http:\/\/hoycordobaweb.com\/index.php\/wp-json\/wp\/v2\/types\/post"}],"author":[{"embeddable":true,"href":"http:\/\/hoycordobaweb.com\/index.php\/wp-json\/wp\/v2\/users\/1"}],"replies":[{"embeddable":true,"href":"http:\/\/hoycordobaweb.com\/index.php\/wp-json\/wp\/v2\/comments?post=107018"}],"version-history":[{"count":0,"href":"http:\/\/hoycordobaweb.com\/index.php\/wp-json\/wp\/v2\/posts\/107018\/revisions"}],"wp:featuredmedia":[{"embeddable":true,"href":"http:\/\/hoycordobaweb.com\/index.php\/wp-json\/wp\/v2\/media\/107019"}],"wp:attachment":[{"href":"http:\/\/hoycordobaweb.com\/index.php\/wp-json\/wp\/v2\/media?parent=107018"}],"wp:term":[{"taxonomy":"category","embeddable":true,"href":"http:\/\/hoycordobaweb.com\/index.php\/wp-json\/wp\/v2\/categories?post=107018"},{"taxonomy":"post_tag","embeddable":true,"href":"http:\/\/hoycordobaweb.com\/index.php\/wp-json\/wp\/v2\/tags?post=107018"}],"curies":[{"name":"wp","href":"https:\/\/api.w.org\/{rel}","templated":true}]}}