{"id":106848,"date":"2025-06-02T14:07:33","date_gmt":"2025-06-02T14:07:33","guid":{"rendered":"https:\/\/cordobaturismo.gov.ar\/?p=897252"},"modified":"2025-06-02T14:07:33","modified_gmt":"2025-06-02T14:07:33","slug":"turismo-carretera-ocupacion-plena-y-fuerte-impulso-economico-en-cordoba","status":"publish","type":"post","link":"http:\/\/hoycordobaweb.com\/index.php\/2025\/06\/02\/turismo-carretera-ocupacion-plena-y-fuerte-impulso-economico-en-cordoba\/","title":{"rendered":"Turismo Carretera: ocupaci\u00f3n plena y fuerte impulso econ\u00f3mico en C\u00f3rdoba"},"content":{"rendered":"<p>Este fin de semana el esperado regreso del Turismo Carretera al Aut\u00f3dromo Oscar Cabal\u00e9n, volvi\u00f3 a posicionar a C\u00f3rdoba como sede de los grandes eventos deportivos del pa\u00eds. La \u201cCarrera de los Millones\u201d, que se disput\u00f3 como parte de la sexta fecha del campeonato 2025, moviliz\u00f3 a m\u00e1s de 80.000 personas y gener\u00f3 un impacto directo en la actividad tur\u00edstica y comercial de toda la regi\u00f3n.<\/p>\n<p>La ocupaci\u00f3n hotelera alcanz\u00f3 cifras r\u00e9cord: se registr\u00f3 un 98% en Alta Gracia, el 100% en Villa Parque Santa Ana \u2014donde muchas personas se alojaron en viviendas particulares\u2014 y un promedio del 85% en C\u00f3rdoba Capital, especialmente en hoteles de categor\u00eda superior. Este movimiento super\u00f3 ampliamente el flujo habitual de un fin de semana com\u00fan y reflej\u00f3 la capacidad de C\u00f3rdoba para atraer y contener grandes vol\u00famenes de visitantes.<\/p>\n<p>El evento represent\u00f3 una inyecci\u00f3n clave para las econom\u00edas locales, beneficiando a hoteleros, gastron\u00f3micos, comerciantes y prestadores de servicios. Durante esos d\u00edas, la actividad tur\u00edstica se expandi\u00f3 m\u00e1s all\u00e1 del evento automovil\u00edstico, ya que muchos asistentes aprovecharon su estad\u00eda para recorrer otros destinos tur\u00edsticos de la provincia, amplificando as\u00ed el alcance econ\u00f3mico y cultural del acontecimiento.<\/p>\n<p><strong><em>\u201cEventos como este demuestran que el turismo es una verdadera industria generadora de empleo y desarrollo. El movimiento que se vio en hoteles, restaurantes, estaciones de servicio y comercios confirm\u00f3 que cuando se articulan esfuerzos y se apuesta por propuestas de calidad, los beneficios llegan a todos los rincones de la provincia\u201d,<\/em><\/strong> destac\u00f3 Gustavo Peralta, presidente de la C\u00e1mara de Turismo de C\u00f3rdoba.<\/p>\n<p>La competencia, que reuni\u00f3 entre 40.000 y 45.000 personas por jornada, se celebr\u00f3 por primera vez fuera de Rafaela en el marco de la \u201cCarrera de los Millones\u201d, un evento que reparti\u00f3 premios econ\u00f3micos superiores al resto del calendario y que incluy\u00f3 m\u00e1s de 50 inscriptos y 114 pilotos entre las tres categor\u00edas.<\/p>\n<p>El retorno del TC al Cabal\u00e9n fue posible gracias a una importante inversi\u00f3n realizada por el Gobierno de C\u00f3rdoba en infraestructura: se remodelaron curvas clave, se adoquinaron m\u00e1s de 23.000 m\u00b2, se asfaltaron nuevos tramos, se mejoraron boxes y medidas de seguridad, y se incorpor\u00f3 fibra \u00f3ptica, consolidando a la provincia como un polo atractivo para el deporte motor.<\/p>\n<p>Este tipo de eventos no solo posiciona a C\u00f3rdoba en la agenda nacional, sino que fortalece el entramado econ\u00f3mico de m\u00faltiples localidades, activando el consumo, generando empleo y dejando un efecto positivo que se prolonga m\u00e1s all\u00e1 del fin de semana.<\/p>\n<figure class=\"wp-block-gallery has-nested-images columns-default is-cropped wp-block-gallery-1 is-layout-flex wp-block-gallery-is-layout-flex\">\n<figure class=\"wp-block-image size-large\"><img loading=\"lazy\" fetchpriority=\"high\" decoding=\"async\" width=\"1024\" height=\"582\" data-id=\"897253\" src=\"http:\/\/hoycordobaweb.com\/wp-content\/uploads\/2025\/06\/turismo-carretera-ocupacion-plena-y-fuerte-impulso-economico-en-cordoba.jpg\" alt class=\"wp-image-897253\" srcset=\"http:\/\/hoycordobaweb.com\/wp-content\/uploads\/2025\/06\/turismo-carretera-ocupacion-plena-y-fuerte-impulso-economico-en-cordoba.jpg 1024w, http:\/\/hoycordobaweb.com\/wp-content\/uploads\/2025\/06\/turismo-carretera-ocupacion-plena-y-fuerte-impulso-economico-en-cordoba-3.jpg 300w, http:\/\/hoycordobaweb.com\/wp-content\/uploads\/2025\/06\/turismo-carretera-ocupacion-plena-y-fuerte-impulso-economico-en-cordoba-4.jpg 768w, http:\/\/hoycordobaweb.com\/wp-content\/uploads\/2025\/06\/turismo-carretera-ocupacion-plena-y-fuerte-impulso-economico-en-cordoba-5.jpg 1536w, http:\/\/hoycordobaweb.com\/wp-content\/uploads\/2025\/06\/turismo-carretera-ocupacion-plena-y-fuerte-impulso-economico-en-cordoba-6.jpg 2048w\" sizes=\"(max-width: 1024px) 100vw, 1024px\"><\/figure>\n<figure class=\"wp-block-image size-large\"><img loading=\"lazy\" decoding=\"async\" width=\"1024\" height=\"670\" data-id=\"897255\" src=\"http:\/\/hoycordobaweb.com\/wp-content\/uploads\/2025\/06\/turismo-carretera-ocupacion-plena-y-fuerte-impulso-economico-en-cordoba-1.jpg\" alt class=\"wp-image-897255\" srcset=\"http:\/\/hoycordobaweb.com\/wp-content\/uploads\/2025\/06\/turismo-carretera-ocupacion-plena-y-fuerte-impulso-economico-en-cordoba-1.jpg 1024w, http:\/\/hoycordobaweb.com\/wp-content\/uploads\/2025\/06\/turismo-carretera-ocupacion-plena-y-fuerte-impulso-economico-en-cordoba-7.jpg 300w, http:\/\/hoycordobaweb.com\/wp-content\/uploads\/2025\/06\/turismo-carretera-ocupacion-plena-y-fuerte-impulso-economico-en-cordoba-8.jpg 768w, http:\/\/hoycordobaweb.com\/wp-content\/uploads\/2025\/06\/turismo-carretera-ocupacion-plena-y-fuerte-impulso-economico-en-cordoba-9.jpg 1536w, http:\/\/hoycordobaweb.com\/wp-content\/uploads\/2025\/06\/turismo-carretera-ocupacion-plena-y-fuerte-impulso-economico-en-cordoba-10.jpg 2047w\" sizes=\"(max-width: 1024px) 100vw, 1024px\"><\/figure>\n<figure class=\"wp-block-image size-large\"><img loading=\"lazy\" decoding=\"async\" width=\"1024\" height=\"575\" data-id=\"897254\" src=\"http:\/\/hoycordobaweb.com\/wp-content\/uploads\/2025\/06\/turismo-carretera-ocupacion-plena-y-fuerte-impulso-economico-en-cordoba-2.jpg\" alt class=\"wp-image-897254\" srcset=\"http:\/\/hoycordobaweb.com\/wp-content\/uploads\/2025\/06\/turismo-carretera-ocupacion-plena-y-fuerte-impulso-economico-en-cordoba-2.jpg 1024w, http:\/\/hoycordobaweb.com\/wp-content\/uploads\/2025\/06\/turismo-carretera-ocupacion-plena-y-fuerte-impulso-economico-en-cordoba-11.jpg 300w, http:\/\/hoycordobaweb.com\/wp-content\/uploads\/2025\/06\/turismo-carretera-ocupacion-plena-y-fuerte-impulso-economico-en-cordoba-12.jpg 768w, http:\/\/hoycordobaweb.com\/wp-content\/uploads\/2025\/06\/turismo-carretera-ocupacion-plena-y-fuerte-impulso-economico-en-cordoba-13.jpg 1536w, http:\/\/hoycordobaweb.com\/wp-content\/uploads\/2025\/06\/turismo-carretera-ocupacion-plena-y-fuerte-impulso-economico-en-cordoba-14.jpg 2006w\" sizes=\"(max-width: 1024px) 100vw, 1024px\"><\/figure>\n<\/figure>\n","protected":false},"excerpt":{"rendered":"<p>Este fin de semana el esperado regreso del Turismo Carretera al Aut\u00f3dromo Oscar Cabal\u00e9n, volvi\u00f3 a posicionar a C\u00f3rdoba como sede de los grandes eventos deportivos del pa\u00eds. La \u201cCarrera de los Millones\u201d, que se disput\u00f3 como parte de la sexta fecha del campeonato 2025, moviliz\u00f3 a m\u00e1s de 80.000 personas y gener\u00f3 un impacto [&hellip;]<\/p>\n","protected":false},"author":1,"featured_media":106849,"comment_status":"closed","ping_status":"closed","sticky":false,"template":"","format":"standard","meta":[],"categories":[19],"tags":[],"_links":{"self":[{"href":"http:\/\/hoycordobaweb.com\/index.php\/wp-json\/wp\/v2\/posts\/106848"}],"collection":[{"href":"http:\/\/hoycordobaweb.com\/index.php\/wp-json\/wp\/v2\/posts"}],"about":[{"href":"http:\/\/hoycordobaweb.com\/index.php\/wp-json\/wp\/v2\/types\/post"}],"author":[{"embeddable":true,"href":"http:\/\/hoycordobaweb.com\/index.php\/wp-json\/wp\/v2\/users\/1"}],"replies":[{"embeddable":true,"href":"http:\/\/hoycordobaweb.com\/index.php\/wp-json\/wp\/v2\/comments?post=106848"}],"version-history":[{"count":0,"href":"http:\/\/hoycordobaweb.com\/index.php\/wp-json\/wp\/v2\/posts\/106848\/revisions"}],"wp:featuredmedia":[{"embeddable":true,"href":"http:\/\/hoycordobaweb.com\/index.php\/wp-json\/wp\/v2\/media\/106849"}],"wp:attachment":[{"href":"http:\/\/hoycordobaweb.com\/index.php\/wp-json\/wp\/v2\/media?parent=106848"}],"wp:term":[{"taxonomy":"category","embeddable":true,"href":"http:\/\/hoycordobaweb.com\/index.php\/wp-json\/wp\/v2\/categories?post=106848"},{"taxonomy":"post_tag","embeddable":true,"href":"http:\/\/hoycordobaweb.com\/index.php\/wp-json\/wp\/v2\/tags?post=106848"}],"curies":[{"name":"wp","href":"https:\/\/api.w.org\/{rel}","templated":true}]}}