{"id":106834,"date":"2025-06-02T05:13:32","date_gmt":"2025-06-02T05:13:32","guid":{"rendered":"https:\/\/www.mujerhoy.com\/moda\/no-te-pierdas\/vestidos-fruncidos-mejor-sientan-primavera-verano-20250602071303-nt.html"},"modified":"2025-06-02T05:13:32","modified_gmt":"2025-06-02T05:13:32","slug":"por-que-los-vestidos-fruncidos-son-los-que-mejor-sientan-a-cualquier-edad","status":"publish","type":"post","link":"http:\/\/hoycordobaweb.com\/index.php\/2025\/06\/02\/por-que-los-vestidos-fruncidos-son-los-que-mejor-sientan-a-cualquier-edad\/","title":{"rendered":"Por qu\u00e9 los vestidos fruncidos son los que mejor sientan a cualquier edad"},"content":{"rendered":"<p><!-- AUTHOR --><\/p>\n<div class=\"voc-author-timesocial \">\n<!-- AUTHOR --><\/p>\n<div class=\"voc-author-timesocial__signature \">\n<!-- IMAGE AUTHOR -->\n<picture class=\"voc-image-signature\">\n<img class=\"voc-image-signature__img\" src=\"http:\/\/hoycordobaweb.com\/wp-content\/uploads\/2025\/06\/por-que-los-vestidos-fruncidos-son-los-que-mejor-sientan-a-cualquier-edad.jpg\" alt=\"Carla Dom\u00ednguez\">\n<\/picture>\n<!-- INFO AUTHOR --> <\/div><\/div>\n<p><!-- COMPONENTS --><\/p>\n<p class=\"voc-paragraph\">Empezar a llevar <a href=\"https:\/\/www.mujerhoy.com\/moda\/no-te-pierdas\/nuevo-zara-vestidos-midi-estampados-bonitos-baratos-20250524124555-nt.html\" data-voc-vtm-id=\"in-text-traffic\" title=\"vestidos\" data-mrf-link=\"www.mujerhoy.com\">vestidos<\/a> con sandalias solo implica una cosa: la llegada del buen tiempo est\u00e1 aqu\u00ed. Es uno de los momentos m\u00e1s esperados del a\u00f1o, ya que podemos ir a cualquier plan improvisado, y vestirnos de forma r\u00e1pida gracias al poder del vestido.<\/p>\n<p class=\"voc-paragraph\">Es una de nuestras prendas favoritas por excelencia. <span id=\"U2301886365023hWF\">Los vestidos nos hacen sentir c\u00f3modas, elegantes<\/span> y se adaptan a todo tipo de ocasiones. Sin embargo, hay algunos dise\u00f1os que favorecen m\u00e1s que otros como es el caso de los que <a href=\"https:\/\/www.mujerhoy.com\/moda\/no-te-pierdas\/vestido-fruncido-parfois-nueva-coleccion-primavera-20250418162615-nt.html\" data-voc-vtm-id=\"in-text-traffic\" title=\"cuentan con acabado fruncido.\" data-mrf-link=\"www.mujerhoy.com\">cuentan con acabado fruncido.<\/a><\/p>\n<div class=\"v-c-cmp v-c-cmp--t1 \">\n<div class=\"v-cmp-rld v-cmp-rld--2 \">\n<div class=\"v-cnt-m v-cnt-m--m\">\n<div class=\"v-cnt-m__c\">\n<div class=\"v-cnt-m__w v-cnt-m__w--1\">\n<p class=\"v-cnt-m__t\">\nTAMBI\u00c9N TE INTERESA\n<\/p>\n<\/div>\n<\/div>\n<\/div>\n<div class=\"v-g v-g--2-c v-g--bdr-min-xs\">\n<div class=\"v-g__c \">\n<article class=\"v-a v-a--cmp-rld v-a--cmp-rld-2 v-a--p-l\">\n<div class=\"v-a-img-c\">\n<figure class=\"v-a-fig\">\n<a href=\"https:\/\/www.mujerhoy.com\/moda\/no-te-pierdas\/vestidos-de-saten-sientan-bien-cualquier-edad-20250523132117-nt.html#vtm_modulosEngag=mod-rel:moda:noticia:1:cmp:2-not\" class=\"v-a-link\" title=\"Vestidos de sat\u00e9n que sientan como un guante a cualquier edad: c\u00f3mo combinarlos y los m\u00e1s bonitos\"><br \/>\n<img loading=\"lazy\" class=\"v-a-img\" src=\"http:\/\/hoycordobaweb.com\/wp-content\/uploads\/2025\/06\/por-que-los-vestidos-fruncidos-son-los-que-mejor-sientan-a-cualquier-edad-1.jpg\" alt=\"Vestidos de sat\u00e9n que sientan como un guante a cualquier edad: c\u00f3mo combinarlos y los m\u00e1s bonitos\"><br \/>\n<\/a><br \/>\n<\/figure>\n<\/div>\n<\/article>\n<\/div>\n<div class=\"v-g__c \">\n<article class=\"v-a v-a--cmp-rld v-a--cmp-rld-2 v-a--p-l\">\n<div class=\"v-a-img-c\">\n<figure class=\"v-a-fig\">\n<a href=\"https:\/\/www.mujerhoy.com\/moda\/no-te-pierdas\/vestidos-bonitos-ponibles-favorecedores-20250512064637-nt.html#vtm_modulosEngag=mod-rel:moda:noticia:2:cmp:2-not\" class=\"v-a-link\" title=\"Seis vestidos que siempre sientan bien para cuando no sabes qu\u00e9 ponerte: favorecedores a cualquier edad\"><br \/>\n<img loading=\"lazy\" class=\"v-a-img\" src=\"http:\/\/hoycordobaweb.com\/wp-content\/uploads\/2025\/06\/por-que-los-vestidos-fruncidos-son-los-que-mejor-sientan-a-cualquier-edad-2.jpg\" alt=\"Seis vestidos que siempre sientan bien para cuando no sabes qu\u00e9 ponerte: favorecedores a cualquier edad\"><br \/>\n<\/a><br \/>\n<\/figure>\n<\/div>\n<\/article>\n<\/div>\n<\/div>\n<\/div>\n<\/div>\n<p class=\"voc-paragraph\">Ya te lo contamos el a\u00f1o pasado, pero <a href=\"https:\/\/www.mujerhoy.com\/moda\/tendencias\/mejores-vestidos-nido-abeja-temporada-verano-favoritos-20240615133903-nt.html\" data-voc-vtm-id=\"in-text-traffic\" title=\"el fruncido de nido de abeja\" data-mrf-link=\"www.mujerhoy.com\">el fruncido de nido de abeja<\/a> es uno de los m\u00e1s favorecedores en vestidos. Siempre que llega la \u00e9poca de buen tiempo solemos recurrir a este acabado. Adem\u00e1s, favorece a todo el mundo y eso es lo que m\u00e1s nos gusta.<\/p>\n<p class=\"voc-paragraph\">Si este a\u00f1o quieres volver a llevar este tipo de dise\u00f1o, sabemos d\u00f3nde puedes conseguirlo. Hemos reunido algunos de <span id=\"U2301886365023LSD\">los mejores vestidos del momento<\/span> que puedes comprar ya y lucir durante toda la temporada de buen tiempo. \u00bfCon cu\u00e1l te quedas?<\/p>\n<p><h3 class=\"v-cmp-suh\">\nVestidos con dise\u00f1o fruncido para lucir esta temporada<br \/>\n<\/h3>\n<\/p>\n<div class=\"v-c-cmp\">\n<div class=\"v-cmp-m \">\n<div class=\"v-a v-a--cmp-m v-a--cmp-m-z\">\n<div class=\"v-a-img-c\">\n<figure class=\"v-a-fig\">\n<button class=\"v-a-link\" popovertarget=\"open-c-zoom7\"><br \/>\n<img loading=\"lazy\" src=\"http:\/\/hoycordobaweb.com\/wp-content\/uploads\/2025\/06\/por-que-los-vestidos-fruncidos-son-los-que-mejor-sientan-a-cualquier-edad-3.jpg\" class=\"v-a-img\" width=\"650\" height=\"900\" alt=\"Imagen - Vestido fruncido de Massimo Dutti.\"> <\/button><figcaption class=\"v-fc\">\n<span class=\"v-fc__t\"><br \/>\nVestido fruncido de Massimo Dutti.<br \/>\n<\/span><br \/>\n<\/figcaption><\/figure>\n<\/div>\n<\/div>\n<\/div>\n<\/div>\n<div id=\"open-c-zoom7\" popover class=\"v-mdl v-mdl--fw\">\n<button class=\"v-x\" popovertarget=\"open-c-zoom7\" popovertargetaction=\"hide\"><br \/>\n<span class=\"v-i\"><br \/>\n<svg width=\"24\" height=\"23.996\" viewBox=\"0 0 24 23.996\">\n<path data-name=\"Uni\u00f3n 29\" d=\"M12,14.03,2.031,24,0,21.963,9.968,12,0,2.033,2.031,0,12,9.966,21.969,0,24,2.033,14.032,12,24,21.963,21.969,24Z\" \/>\n<\/svg><br \/>\n<\/span><br \/>\n<\/button><\/p>\n<div class=\"v-mdl__c\">\n<div class=\"v-mdl__w\">\n<img loading=\"lazy\" src=\"http:\/\/hoycordobaweb.com\/wp-content\/uploads\/2025\/06\/por-que-los-vestidos-fruncidos-son-los-que-mejor-sientan-a-cualquier-edad-3.jpg\" class=\"v-mdl__img-z\" width=\"650\" height=\"900\" alt=\"Imagen - Vestido fruncido de Massimo Dutti.\">\n<\/div>\n<\/div>\n<\/div>\n<p><span class=\"v-bdp\"><\/span><\/p>\n<p class=\"voc-paragraph\"><span id=\"U2301886365023cNH\">Vestido fruncido de Massimo Dutti.<\/span> Se trata de un dise\u00f1o que podr\u00e1s conseguir en la secci\u00f3n de precios especiales. Es un dise\u00f1o muy favorecedor con fruncido desde el pecho hasta la cintura. Es fluido, con tirantes finitos y en un tono verde azulado. Precio: 89,95 euros.<\/p>\n<div class=\"v-c-cmp\">\n<div class=\"v-cmp-m \">\n<div class=\"v-a v-a--cmp-m v-a--cmp-m-z\">\n<div class=\"v-a-img-c\">\n<figure class=\"v-a-fig\">\n<button class=\"v-a-link\" popovertarget=\"open-c-zoom9\"><br \/>\n<img loading=\"lazy\" src=\"http:\/\/hoycordobaweb.com\/wp-content\/uploads\/2025\/06\/por-que-los-vestidos-fruncidos-son-los-que-mejor-sientan-a-cualquier-edad-4.jpg\" class=\"v-a-img\" width=\"650\" height=\"900\" alt=\"Imagen - Vestido fruncido en azul de Simorra.\"> <\/button><figcaption class=\"v-fc\">\n<span class=\"v-fc__t\"><br \/>\nVestido fruncido en azul de Simorra.<br \/>\n<\/span><br \/>\n<\/figcaption><\/figure>\n<\/div>\n<\/div>\n<\/div>\n<\/div>\n<div id=\"open-c-zoom9\" popover class=\"v-mdl v-mdl--fw\">\n<button class=\"v-x\" popovertarget=\"open-c-zoom9\" popovertargetaction=\"hide\"><br \/>\n<span class=\"v-i\"><br \/>\n<svg width=\"24\" height=\"23.996\" viewBox=\"0 0 24 23.996\">\n<path data-name=\"Uni\u00f3n 29\" d=\"M12,14.03,2.031,24,0,21.963,9.968,12,0,2.033,2.031,0,12,9.966,21.969,0,24,2.033,14.032,12,24,21.963,21.969,24Z\" \/>\n<\/svg><br \/>\n<\/span><br \/>\n<\/button><\/p>\n<div class=\"v-mdl__c\">\n<div class=\"v-mdl__w\">\n<img loading=\"lazy\" src=\"http:\/\/hoycordobaweb.com\/wp-content\/uploads\/2025\/06\/por-que-los-vestidos-fruncidos-son-los-que-mejor-sientan-a-cualquier-edad-4.jpg\" class=\"v-mdl__img-z\" width=\"650\" height=\"900\" alt=\"Imagen - Vestido fruncido en azul de Simorra.\">\n<\/div>\n<\/div>\n<\/div>\n<p><span class=\"v-bdp\"><\/span><\/p>\n<p class=\"voc-paragraph\"><span id=\"U230188636502357G\">Vestido fruncido en azul de Simorra.<\/span> Para ocasiones m\u00e1s especiales, tambi\u00e9n puedes acudir a dise\u00f1os fruncidos. Uno de esos modelos lo firma Simorra en su nueva colecci\u00f3n. Se trata de un vestido largo con tirantes y escote cuadrado. Precio: 350 euros.<\/p>\n<div class=\"v-c-cmp\">\n<div class=\"v-cmp-m \">\n<div class=\"v-a v-a--cmp-m v-a--cmp-m-z\">\n<div class=\"v-a-img-c\">\n<figure class=\"v-a-fig\">\n<button class=\"v-a-link\" popovertarget=\"open-c-zoom11\"><br \/>\n<img loading=\"lazy\" src=\"http:\/\/hoycordobaweb.com\/wp-content\/uploads\/2025\/06\/por-que-los-vestidos-fruncidos-son-los-que-mejor-sientan-a-cualquier-edad-5.jpg\" class=\"v-a-img\" width=\"650\" height=\"900\" alt=\"Imagen - Vestido fruncido en color blanco de Mar\u00eda de la Orden.\"> <\/button><figcaption class=\"v-fc\">\n<span class=\"v-fc__t\"><br \/>\nVestido fruncido en color blanco de Mar\u00eda de la Orden.<br \/>\n<\/span><br \/>\n<\/figcaption><\/figure>\n<\/div>\n<\/div>\n<\/div>\n<\/div>\n<div id=\"open-c-zoom11\" popover class=\"v-mdl v-mdl--fw\">\n<button class=\"v-x\" popovertarget=\"open-c-zoom11\" popovertargetaction=\"hide\"><br \/>\n<span class=\"v-i\"><br \/>\n<svg width=\"24\" height=\"23.996\" viewBox=\"0 0 24 23.996\">\n<path data-name=\"Uni\u00f3n 29\" d=\"M12,14.03,2.031,24,0,21.963,9.968,12,0,2.033,2.031,0,12,9.966,21.969,0,24,2.033,14.032,12,24,21.963,21.969,24Z\" \/>\n<\/svg><br \/>\n<\/span><br \/>\n<\/button><\/p>\n<div class=\"v-mdl__c\">\n<div class=\"v-mdl__w\">\n<img loading=\"lazy\" src=\"http:\/\/hoycordobaweb.com\/wp-content\/uploads\/2025\/06\/por-que-los-vestidos-fruncidos-son-los-que-mejor-sientan-a-cualquier-edad-5.jpg\" class=\"v-mdl__img-z\" width=\"650\" height=\"900\" alt=\"Imagen - Vestido fruncido en color blanco de Mar\u00eda de la Orden.\">\n<\/div>\n<\/div>\n<\/div>\n<p><span class=\"v-bdp\"><\/span><\/p>\n<p class=\"voc-paragraph\"><span id=\"U230188636502301\">Vestido fruncido en color blanco de Mar\u00eda de la Orden.<\/span> Los vestidos en color blanco son un cl\u00e1sico que siempre funcionan. Un dise\u00f1o s\u00faper favorecedor es este modelo de la firma espa\u00f1ola. Es un vestido sin mangas con fruncido y corte fluido. Precio: 190 euros.<\/p>\n<div class=\"v-c-cmp\">\n<div class=\"v-cmp-m \">\n<div class=\"v-a v-a--cmp-m v-a--cmp-m-z\">\n<div class=\"v-a-img-c\">\n<figure class=\"v-a-fig\">\n<button class=\"v-a-link\" popovertarget=\"open-c-zoom14\"><br \/>\n<img loading=\"lazy\" src=\"http:\/\/hoycordobaweb.com\/wp-content\/uploads\/2025\/06\/por-que-los-vestidos-fruncidos-son-los-que-mejor-sientan-a-cualquier-edad-6.jpg\" class=\"v-a-img\" width=\"650\" height=\"900\" alt=\"Imagen - Vestido estampado con fruncido de Par &amp; Escala.\"> <\/button><figcaption class=\"v-fc\">\n<span class=\"v-fc__t\"><br \/>\nVestido estampado con fruncido de Par &amp; Escala.<br \/>\n<\/span><br \/>\n<\/figcaption><\/figure>\n<\/div>\n<\/div>\n<\/div>\n<\/div>\n<div id=\"open-c-zoom14\" popover class=\"v-mdl v-mdl--fw\">\n<button class=\"v-x\" popovertarget=\"open-c-zoom14\" popovertargetaction=\"hide\"><br \/>\n<span class=\"v-i\"><br \/>\n<svg width=\"24\" height=\"23.996\" viewBox=\"0 0 24 23.996\">\n<path data-name=\"Uni\u00f3n 29\" d=\"M12,14.03,2.031,24,0,21.963,9.968,12,0,2.033,2.031,0,12,9.966,21.969,0,24,2.033,14.032,12,24,21.963,21.969,24Z\" \/>\n<\/svg><br \/>\n<\/span><br \/>\n<\/button><\/p>\n<div class=\"v-mdl__c\">\n<div class=\"v-mdl__w\">\n<img loading=\"lazy\" src=\"http:\/\/hoycordobaweb.com\/wp-content\/uploads\/2025\/06\/por-que-los-vestidos-fruncidos-son-los-que-mejor-sientan-a-cualquier-edad-6.jpg\" class=\"v-mdl__img-z\" width=\"650\" height=\"900\" alt=\"Imagen - Vestido estampado con fruncido de Par &amp; Escala.\">\n<\/div>\n<\/div>\n<\/div>\n<p><span class=\"v-bdp\"><\/span><\/p>\n<p class=\"voc-paragraph\"><span id=\"U2301886365023Or\">Vestido estampado con fruncido de Par &amp; Escala.<\/span> Si prefieres algo m\u00e1s de color, siempre puedes recurrir a los dise\u00f1os de esta firma. Son uno de nuestros favoritos cuando llega el buen tiempo y se adaptan muy bien a la silueta. Este dise\u00f1o cuenta con un estampado damero en rosa claro y fucsia. Precio: 145 euros.<\/p>\n<div class=\"v-c-cmp\">\n<div class=\"v-cmp-m \">\n<div class=\"v-a v-a--cmp-m v-a--cmp-m-z\">\n<div class=\"v-a-img-c\">\n<figure class=\"v-a-fig\">\n<button class=\"v-a-link\" popovertarget=\"open-c-zoom16\"><br \/>\n<img loading=\"lazy\" src=\"http:\/\/hoycordobaweb.com\/wp-content\/uploads\/2025\/06\/por-que-los-vestidos-fruncidos-son-los-que-mejor-sientan-a-cualquier-edad-7.jpg\" class=\"v-a-img\" width=\"650\" height=\"900\" alt=\"Imagen - Vestido con fruncido en el pecho de Ganni.\"> <\/button><figcaption class=\"v-fc\">\n<span class=\"v-fc__t\"><br \/>\nVestido con fruncido en el pecho de Ganni.<br \/>\n<\/span><br \/>\n<\/figcaption><\/figure>\n<\/div>\n<\/div>\n<\/div>\n<\/div>\n<div id=\"open-c-zoom16\" popover class=\"v-mdl v-mdl--fw\">\n<button class=\"v-x\" popovertarget=\"open-c-zoom16\" popovertargetaction=\"hide\"><br \/>\n<span class=\"v-i\"><br \/>\n<svg width=\"24\" height=\"23.996\" viewBox=\"0 0 24 23.996\">\n<path data-name=\"Uni\u00f3n 29\" d=\"M12,14.03,2.031,24,0,21.963,9.968,12,0,2.033,2.031,0,12,9.966,21.969,0,24,2.033,14.032,12,24,21.963,21.969,24Z\" \/>\n<\/svg><br \/>\n<\/span><br \/>\n<\/button><\/p>\n<div class=\"v-mdl__c\">\n<div class=\"v-mdl__w\">\n<img loading=\"lazy\" src=\"http:\/\/hoycordobaweb.com\/wp-content\/uploads\/2025\/06\/por-que-los-vestidos-fruncidos-son-los-que-mejor-sientan-a-cualquier-edad-7.jpg\" class=\"v-mdl__img-z\" width=\"650\" height=\"900\" alt=\"Imagen - Vestido con fruncido en el pecho de Ganni.\">\n<\/div>\n<\/div>\n<\/div>\n<p><span class=\"v-bdp\"><\/span><\/p>\n<p class=\"voc-paragraph\"><span id=\"U2301886365023GSH\">Vestido con fruncido en el pecho de Ganni.<\/span> La firma danesa es una de las m\u00e1s populares. Cuenta con dise\u00f1os llenos de personalidad como este modelo. Es un vestido con fruncido en la zona del pecho y estampado de flores en verde, amarillo y negro. Precio: 325 euros.<\/p>\n<div class=\"v-c-cmp v-c-cmp--t1 \">\n<div class=\"v-cmp-rld v-cmp-rld--2 \">\n<div class=\"v-cnt-m v-cnt-m--m\">\n<div class=\"v-cnt-m__c\">\n<div class=\"v-cnt-m__w v-cnt-m__w--1\">\n<p class=\"v-cnt-m__t\">\nTE RECOMENDAMOS\n<\/p>\n<\/div>\n<\/div>\n<\/div>\n<div class=\"v-g v-g--2-c v-g--bdr-min-xs\">\n<div class=\"v-g__c \">\n<article class=\"v-a v-a--cmp-rld v-a--cmp-rld-2 v-a--p-l\">\n<div class=\"v-a-img-c\">\n<figure class=\"v-a-fig\">\n<a href=\"https:\/\/www.mujerhoy.com\/moda\/no-te-pierdas\/vestido-estampado-flores-originales-basico-primavera-20250517164315-nt.html#vtm_modulosEngag=mod-rel:moda:noticia:1:cmp:2-not\" class=\"v-a-link\" title=\"Los mejores vestidos con estampado de flores que redefinir\u00e1n tu armario de primavera\"><br \/>\n<img loading=\"lazy\" class=\"v-a-img\" src=\"http:\/\/hoycordobaweb.com\/wp-content\/uploads\/2025\/06\/por-que-los-vestidos-fruncidos-son-los-que-mejor-sientan-a-cualquier-edad-8.jpg\" alt=\"Los mejores vestidos con estampado de flores que redefinir\u00e1n tu armario de primavera\"><br \/>\n<\/a><br \/>\n<\/figure>\n<\/div>\n<\/article>\n<\/div>\n<div class=\"v-g__c \">\n<article class=\"v-a v-a--cmp-rld v-a--cmp-rld-2 v-a--p-l\">\n<div class=\"v-a-img-c\">\n<figure class=\"v-a-fig\">\n<a href=\"https:\/\/www.mujerhoy.com\/moda\/tendencias\/vestidos-de-cintura-vasca-invitadas-20250505134152-nt.html#vtm_modulosEngag=mod-rel:moda:noticia:2:cmp:2-not\" class=\"v-a-link\" title=\"Vestido de cintura de vasca: la tendencia de entretiempo favorita de las invitadas m\u00e1s elegantes\"><br \/>\n<img loading=\"lazy\" class=\"v-a-img\" src=\"http:\/\/hoycordobaweb.com\/wp-content\/uploads\/2025\/06\/por-que-los-vestidos-fruncidos-son-los-que-mejor-sientan-a-cualquier-edad-9.jpg\" alt=\"Vestido de cintura de vasca: la tendencia de entretiempo favorita de las invitadas m\u00e1s elegantes\"><br \/>\n<\/a><br \/>\n<\/figure>\n<\/div>\n<\/article>\n<\/div>\n<\/div>\n<\/div>\n<\/div>\n","protected":false},"excerpt":{"rendered":"<p>Empezar a llevar vestidos con sandalias solo implica una cosa: la llegada del buen tiempo est\u00e1 aqu\u00ed. Es uno de los momentos m\u00e1s esperados del a\u00f1o, ya que podemos ir a cualquier plan improvisado, y vestirnos de forma r\u00e1pida gracias al poder del vestido. Es una de nuestras prendas favoritas por excelencia. Los vestidos nos [&hellip;]<\/p>\n","protected":false},"author":1,"featured_media":106835,"comment_status":"closed","ping_status":"closed","sticky":false,"template":"","format":"standard","meta":[],"categories":[],"tags":[],"_links":{"self":[{"href":"http:\/\/hoycordobaweb.com\/index.php\/wp-json\/wp\/v2\/posts\/106834"}],"collection":[{"href":"http:\/\/hoycordobaweb.com\/index.php\/wp-json\/wp\/v2\/posts"}],"about":[{"href":"http:\/\/hoycordobaweb.com\/index.php\/wp-json\/wp\/v2\/types\/post"}],"author":[{"embeddable":true,"href":"http:\/\/hoycordobaweb.com\/index.php\/wp-json\/wp\/v2\/users\/1"}],"replies":[{"embeddable":true,"href":"http:\/\/hoycordobaweb.com\/index.php\/wp-json\/wp\/v2\/comments?post=106834"}],"version-history":[{"count":0,"href":"http:\/\/hoycordobaweb.com\/index.php\/wp-json\/wp\/v2\/posts\/106834\/revisions"}],"wp:featuredmedia":[{"embeddable":true,"href":"http:\/\/hoycordobaweb.com\/index.php\/wp-json\/wp\/v2\/media\/106835"}],"wp:attachment":[{"href":"http:\/\/hoycordobaweb.com\/index.php\/wp-json\/wp\/v2\/media?parent=106834"}],"wp:term":[{"taxonomy":"category","embeddable":true,"href":"http:\/\/hoycordobaweb.com\/index.php\/wp-json\/wp\/v2\/categories?post=106834"},{"taxonomy":"post_tag","embeddable":true,"href":"http:\/\/hoycordobaweb.com\/index.php\/wp-json\/wp\/v2\/tags?post=106834"}],"curies":[{"name":"wp","href":"https:\/\/api.w.org\/{rel}","templated":true}]}}