{"id":106812,"date":"2025-06-01T19:51:09","date_gmt":"2025-06-01T19:51:09","guid":{"rendered":"http:\/\/hoycordobaweb.com\/index.php\/2025\/06\/01\/jorge-carranza-se-convirtio-en-el-arquero-mas-longevo-del-futbol-argentino-junio-2025\/"},"modified":"2025-06-01T19:51:09","modified_gmt":"2025-06-01T19:51:09","slug":"jorge-carranza-se-convirtio-en-el-arquero-mas-longevo-del-futbol-argentino-junio-2025","status":"publish","type":"post","link":"http:\/\/hoycordobaweb.com\/index.php\/2025\/06\/01\/jorge-carranza-se-convirtio-en-el-arquero-mas-longevo-del-futbol-argentino-junio-2025\/","title":{"rendered":"Jorge Carranza se convirti\u00f3 en el arquero m\u00e1s longevo del <b>f\u00fatbol argentino<\/b> junio 2025"},"content":{"rendered":"<p>El ex arquero albirrojo se convirti\u00f3 en el jugador m\u00e1s viejo (44 a\u00f1os y 25 d\u00edas) en disputar un partido oficial con un equipo de Primera Divisi\u00f3n en&nbsp;&#8230; <\/p>\n","protected":false},"excerpt":{"rendered":"<p>El ex arquero albirrojo se convirti\u00f3 en el jugador m\u00e1s viejo (44 a\u00f1os y 25 d\u00edas) en disputar un partido oficial con un equipo de Primera Divisi\u00f3n en&nbsp;&#8230;<\/p>\n","protected":false},"author":1,"featured_media":0,"comment_status":"closed","ping_status":"closed","sticky":false,"template":"","format":"standard","meta":[],"categories":[22],"tags":[],"_links":{"self":[{"href":"http:\/\/hoycordobaweb.com\/index.php\/wp-json\/wp\/v2\/posts\/106812"}],"collection":[{"href":"http:\/\/hoycordobaweb.com\/index.php\/wp-json\/wp\/v2\/posts"}],"about":[{"href":"http:\/\/hoycordobaweb.com\/index.php\/wp-json\/wp\/v2\/types\/post"}],"author":[{"embeddable":true,"href":"http:\/\/hoycordobaweb.com\/index.php\/wp-json\/wp\/v2\/users\/1"}],"replies":[{"embeddable":true,"href":"http:\/\/hoycordobaweb.com\/index.php\/wp-json\/wp\/v2\/comments?post=106812"}],"version-history":[{"count":0,"href":"http:\/\/hoycordobaweb.com\/index.php\/wp-json\/wp\/v2\/posts\/106812\/revisions"}],"wp:attachment":[{"href":"http:\/\/hoycordobaweb.com\/index.php\/wp-json\/wp\/v2\/media?parent=106812"}],"wp:term":[{"taxonomy":"category","embeddable":true,"href":"http:\/\/hoycordobaweb.com\/index.php\/wp-json\/wp\/v2\/categories?post=106812"},{"taxonomy":"post_tag","embeddable":true,"href":"http:\/\/hoycordobaweb.com\/index.php\/wp-json\/wp\/v2\/tags?post=106812"}],"curies":[{"name":"wp","href":"https:\/\/api.w.org\/{rel}","templated":true}]}}