{"id":106714,"date":"2025-05-31T20:43:07","date_gmt":"2025-05-31T20:43:07","guid":{"rendered":"http:\/\/hoycordobaweb.com\/index.php\/2025\/05\/31\/amigos-mascherano-celebro-el-regreso-de-di-maria-al-futbol-argentino-queria-volver-a-su-casa\/"},"modified":"2025-05-31T20:43:07","modified_gmt":"2025-05-31T20:43:07","slug":"amigos-mascherano-celebro-el-regreso-de-di-maria-al-futbol-argentino-queria-volver-a-su-casa","status":"publish","type":"post","link":"http:\/\/hoycordobaweb.com\/index.php\/2025\/05\/31\/amigos-mascherano-celebro-el-regreso-de-di-maria-al-futbol-argentino-queria-volver-a-su-casa\/","title":{"rendered":"Amigos. Mascherano celebr\u00f3 el regreso de Di Mar\u00eda al <b>f\u00fatbol argentino<\/b>: \u201cQuer\u00eda volver a su casa\u201d"},"content":{"rendered":"<p>F\u00fatbol. Amigos. Mascherano celebr\u00f3 el regreso de Di Mar\u00eda al <b>f\u00fatbol argentino<\/b>: \u201cQuer\u00eda volver a su casa\u201d. Fueron compa\u00f1eros de la selecci\u00f3n argentina. <\/p>\n","protected":false},"excerpt":{"rendered":"<p>F\u00fatbol. Amigos. Mascherano celebr\u00f3 el regreso de Di Mar\u00eda al f\u00fatbol argentino: \u201cQuer\u00eda volver a su casa\u201d. Fueron compa\u00f1eros de la selecci\u00f3n argentina.<\/p>\n","protected":false},"author":1,"featured_media":0,"comment_status":"closed","ping_status":"closed","sticky":false,"template":"","format":"standard","meta":[],"categories":[22],"tags":[],"_links":{"self":[{"href":"http:\/\/hoycordobaweb.com\/index.php\/wp-json\/wp\/v2\/posts\/106714"}],"collection":[{"href":"http:\/\/hoycordobaweb.com\/index.php\/wp-json\/wp\/v2\/posts"}],"about":[{"href":"http:\/\/hoycordobaweb.com\/index.php\/wp-json\/wp\/v2\/types\/post"}],"author":[{"embeddable":true,"href":"http:\/\/hoycordobaweb.com\/index.php\/wp-json\/wp\/v2\/users\/1"}],"replies":[{"embeddable":true,"href":"http:\/\/hoycordobaweb.com\/index.php\/wp-json\/wp\/v2\/comments?post=106714"}],"version-history":[{"count":0,"href":"http:\/\/hoycordobaweb.com\/index.php\/wp-json\/wp\/v2\/posts\/106714\/revisions"}],"wp:attachment":[{"href":"http:\/\/hoycordobaweb.com\/index.php\/wp-json\/wp\/v2\/media?parent=106714"}],"wp:term":[{"taxonomy":"category","embeddable":true,"href":"http:\/\/hoycordobaweb.com\/index.php\/wp-json\/wp\/v2\/categories?post=106714"},{"taxonomy":"post_tag","embeddable":true,"href":"http:\/\/hoycordobaweb.com\/index.php\/wp-json\/wp\/v2\/tags?post=106714"}],"curies":[{"name":"wp","href":"https:\/\/api.w.org\/{rel}","templated":true}]}}