{"id":106632,"date":"2025-05-30T20:34:33","date_gmt":"2025-05-30T20:34:33","guid":{"rendered":"https:\/\/www.ole.com.ar\/futbol-internacional\/champions\/champions-league-argentinos-campeones-inter-lautaro-martinez_0_JJdL5yyqYd.html"},"modified":"2025-05-30T20:34:33","modified_gmt":"2025-05-30T20:34:33","slug":"lautaro-va-por-su-champions-quienes-son-los-23-argentinos-que-ya-la-conquistaron","status":"publish","type":"post","link":"http:\/\/hoycordobaweb.com\/index.php\/2025\/05\/30\/lautaro-va-por-su-champions-quienes-son-los-23-argentinos-que-ya-la-conquistaron\/","title":{"rendered":"Lautaro va por su Champions: qui\u00e9nes son los 23 argentinos que ya la conquistaron"},"content":{"rendered":"<p><img src=\"http:\/\/hoycordobaweb.com\/wp-content\/uploads\/2025\/05\/lautaro-va-por-su-champions-quienes-son-los-23-argentinos-que-ya-la-conquistaron.jpg\"><\/p>\n<p><time class=\"createDate\" datetime=\"2025-05-30T17:34:33-03:00\">30\/05\/2025 17:34hs.<\/time><\/p>\n<div id=\"storyBody\">\n<div class=\"custom-text \" readability=\"31.608040201005\">\n<p>Cuti Romero ya levant\u00f3 la Europa League. Luego, Enzo Fern\u00e1ndez hizo lo propio con la Conference League. Ahora le toca a <strong><a href=\"https:\/\/www.ole.com.ar\/tema\/lautaro-martinez.html\" title=\"Lautaro Mart\u00ednez\" alt=\"Lautaro Mart\u00ednez\" class=\"slug\">Lautaro Mart\u00ednez.<\/a><\/strong> Este s\u00e1bado, el campe\u00f3n del mundo enfrentar\u00e1 al <strong><a href=\"https:\/\/www.ole.com.ar\/tema\/paris-saint-germain.html\" title=\"Paris Saint Germain\" alt=\"Paris Saint Germain\" class=\"slug\">Paris Saint-Germain<\/a><\/strong> en busca de conquistar su primera <strong><a href=\"https:\/\/www.ole.com.ar\/tema\/champions-league.html\" title=\"Champions League\" alt=\"Champions League\" class=\"slug\">Champions League<\/a> <\/strong>con el <strong><a href=\"https:\/\/www.ole.com.ar\/tema\/internazionale.html\" title=\"Internazionale\" alt=\"Internazionale\" class=\"slug\">Inter<\/a><\/strong> y <strong>sumarse al extenso listado de argentinos que dejaron su huella en las p\u00e1ginas m\u00e1s gloriosas de la historia del torneo. <\/strong><\/p>\n<\/div>\n<p><h2><strong>El uno por uno de los campeones argentinos<\/strong><\/h2>\n<\/p>\n<div class=\"custom-text \" readability=\"41\">\n<p><strong>1 &#8211; Alfredo Di St\u00e9fano:<\/strong> m\u00edster Copa de Europa, <strong>Don Alfredo fue la primera leyenda de un Real Madrid que consigui\u00f3 los primeros cinco t\u00edtulos continentales:<\/strong> venci\u00f3 a Reims en 1956 (4-3), a Fiorentina en 1957 (2-0), al Milan en 1958 (3-2), nuevamente Reims en 1959 (2-0) y al Frankfurt en 1960 (7-3). Adem\u00e1s, <strong>el argentino ostenta el r\u00e9cord de marcar goles en las cinco, incluyendo un hat-trick menos ante Eintracht. Bestial.<\/strong><\/p>\n<\/div>\n<div class=\"custom-text \" readability=\"40\">\n<p><strong>2 &#8211; H\u00e9ctor Rial:<\/strong> no se habr\u00e1 llevado todas las luces como Di St\u00e9fano, pero este delantero surgido de San Lorenzo tambi\u00e9n form\u00f3 parte de ese m\u00edtico equipo del Real Madrid. <strong>Jug\u00f3 las primeras cuatro finales, marc\u00e1ndole dos goles a Reims en 1956 y uno al Milan en 1958.<\/strong> Y en la \u00faltima, en 1960, formaba parte del equipo, pero no ingres\u00f3. Una leyenda.<\/p>\n<\/div>\n<div class=\"custom-text \" readability=\"36\">\n<p><strong>3 &#8211; Roque Olsen:<\/strong> entrerriano que jug\u00f3 en Patronato, Tigre y Racing en nuestro pa\u00eds, <strong>lleg\u00f3 al Real Madrid de los 50 y gan\u00f3 dos Champions (la del 56 y la del 57).<\/strong> En el Merengue se destac\u00f3 en el ataque con Di St\u00e9fano y Rial.<\/p>\n<\/div>\n<div class=\"custom-text \" readability=\"38\">\n<p><strong>4 -Rogelio Dom\u00ednguez:<\/strong> luego de la partida del m\u00edtico Juan Alonso del arco de la Casa Blanca, su suplente tom\u00f3 el lugar. Es as\u00ed como <strong>El Magn\u00edfico Dom\u00ednguez, otro futbolista surgido en Racing, tom\u00f3 protagonismo en Europa.<\/strong> En 1958 estuvo en el banco de suplentes. Y jug\u00f3 las \u00faltimas dos finales de esa primera racha de cinco: vs. Reims (2-0) y vs. Frankfurt (7-3).<\/p>\n<\/div>\n<div class=\"custom-text \" readability=\"40\">\n<p><strong>5 &#8211; Juan Pablo Sor\u00edn:<\/strong> el lateral izquierdo capt\u00f3 la atenci\u00f3n de la Juventus desde su debut en Argentinos Juniors. Su paso por la Vecchia Signora dur\u00f3 muy poco, aunque le alcanz\u00f3 para disputar dos partidos en la temporada 1995\/96 (uno, vs. Borussia Dortmund, por la fase de grupos). En el verano Sudamericano, recal\u00f3 en River, por lo que <strong>no pudo estar presente en la consagraci\u00f3n ante el Ajax. Pero el t\u00edtulo vale igual.<\/strong><\/p>\n<\/div>\n<div class=\"custom-text \" readability=\"38\">\n<p><strong>6 &#8211; Fernando Redondo:<\/strong> <strong>el Pr\u00edncipe es tricampe\u00f3n de Champions&#8230;<\/strong> Fue titular en el 1-0 del Real sobre la Juventus en la definici\u00f3n de 1998 en Pa\u00edses Bajos y repiti\u00f3 en el 3-0 al Valencia en el 2000. No tuvo minutos, en cambio, en la consagraci\u00f3n del Milan en la 2002\/2003, cuando el equipo que dirig\u00eda Ancelotti le gan\u00f3 por penales a la Juventus.<\/p>\n<\/div>\n<div class=\"sc-e7b891c4-0 ifHnQL image-embed\"><img alt=\"Fernando Redondo, dos veces campe\u00f3n de la Champions con el Merengue y tres en su carrera.\" loading=\"lazy\" width=\"720\" height=\"100\" decoding=\"async\" data-nimg=\"1\" src=\"http:\/\/hoycordobaweb.com\/wp-content\/uploads\/2025\/05\/lautaro-va-por-su-champions-quienes-son-los-23-argentinos-que-ya-la-conquistaron-2.jpg\"><span class=\"epigraphe\">Fernando Redondo, dos veces campe\u00f3n de la Champions con el Merengue y tres en su carrera.<\/span><\/div>\n<div class=\"custom-text \" readability=\"34\">\n<p><strong>7 &#8211; Albano Bizzarri:<\/strong> el arquero disput\u00f3 con el Real Madrid<strong> la edici\u00f3n de la Champions 1999\/2000, pero no fue ni al banco en la final ante el Valencia.<\/strong> Por su puesto que el festejo le cabe.<\/p>\n<\/div>\n<div class=\"custom-text \" readability=\"35\">\n<p><strong>8 &#8211; Jos\u00e9 Chamot:<\/strong> el Flaco tuvo un paso por el Milan desde 1999 hasta el 2003. All\u00ed disput\u00f3 75 partidos, pero <strong>no tuvo minutos en la Champions en la que el Rossonero se consagr\u00f3 en Old Trafford.<\/strong> Form\u00f3 parte del plantel.<\/p>\n<\/div>\n<div class=\"custom-text \" readability=\"40\">\n<p><strong>9 &#8211; Santiago Solari:<\/strong> a pesar de llegar desde el Atl\u00e9tico de Madrid, el Indiecito logr\u00f3 ganarse el cari\u00f1o de los hinchas del Real Madrid. Jug\u00f3 208 partidos en la Casa Blanca, a lo largo de cinco temporadas. <strong>Y en ese lapso supo ser campe\u00f3n de la Champions 2001\/02, <\/strong>siendo uno de los art\u00edfices de aquella famosa jugada que defini\u00f3 Zinedine Zidane, en Glasgow, contra el Bayer Leverkusen.<\/p>\n<\/div>\n<div class=\"custom-text \" readability=\"45\">\n<p><strong>10 &#8211; Lionel Messi: <\/strong>qu\u00e9 decir de Leo. <strong>Campe\u00f3n de la Orejona en 2006, 2009, 2011 y 2015. <\/strong>La primera, muy joven, junto a Frank Rijkaard y bajo el ala de Ronaldinho. <strong>En las siguientes dos, se llev\u00f3 los elogios del planeta al coronar ambas finales.<\/strong> En Roma, de cabeza. En Wembley, con una gran definici\u00f3n. La de Berl\u00edn, ya con Luis Enrique, ser\u00eda la \u00faltima, acompa\u00f1ado de Neymar y Luis Su\u00e1rez.<\/p>\n<\/div>\n<div class=\"sc-e7b891c4-0 ifHnQL image-embed\"><img alt=\"Messi, campe\u00f3n en cuatro oportunidades de la Champions. (AP Photo\/Luca Bruno, File)\" loading=\"lazy\" width=\"720\" height=\"100\" decoding=\"async\" data-nimg=\"1\" src=\"http:\/\/hoycordobaweb.com\/wp-content\/uploads\/2025\/05\/lautaro-va-por-su-champions-quienes-son-los-23-argentinos-que-ya-la-conquistaron-3.jpg\"><span class=\"epigraphe\">Messi, campe\u00f3n en cuatro oportunidades de la Champions. (AP Photo\/Luca Bruno, File)<\/span><\/div>\n<div class=\"custom-text \" readability=\"36\">\n<p><strong>11 &#8211; Maxi L\u00f3pez: <\/strong>el delantero s\u00f3lo estuvo presente durante cuatro minutos, en una edici\u00f3n 2005\/06 que tuvo al Barcelona como campe\u00f3n ante el Arsenal. Ingres\u00f3 por Ronaldinho, a los 89&#8242; del partido de ida de las semifinales.<\/p>\n<\/div>\n<div class=\"custom-text \" readability=\"41\">\n<p><strong>12 &#8211; Carlos T\u00e9vez:<\/strong> luego de su triunfal paso por el West Ham, <strong>Carlitos tom\u00f3 r\u00e1pido el ritmo del Manchester United y se afirm\u00f3 en el 11 de Sir Alex Ferguson,<\/strong> con compa\u00f1eros de la talla de Cristiano Ronaldo y Wayne Rooney. Con ellos, <strong>gan\u00f3 la Champions 2007\/08<\/strong>, superando por penales al Chelsea. Despu\u00e9s, se quedar\u00eda en las puertas en dos oportunidades: 2009 y 2015, ambas contra el Barsa.<\/p>\n<\/div>\n<div class=\"sc-e7b891c4-0 ifHnQL image-embed\"><img alt=\"T\u00e9vez, clave en la consagraci\u00f3n del Manchester United en 2008.(EFE)\" loading=\"lazy\" width=\"720\" height=\"100\" decoding=\"async\" data-nimg=\"1\" src=\"http:\/\/hoycordobaweb.com\/wp-content\/uploads\/2025\/05\/lautaro-va-por-su-champions-quienes-son-los-23-argentinos-que-ya-la-conquistaron-4.jpg\"><span class=\"epigraphe\">T\u00e9vez, clave en la consagraci\u00f3n del Manchester United en 2008.(EFE)<\/span><\/div>\n<div class=\"custom-text \" readability=\"37\">\n<p><strong>13 &#8211; Gabriel Milito:<\/strong> la gan\u00f3 dos veces. Por una importante lesi\u00f3n no logr\u00f3 estar dentro de la n\u00f3mina que levant\u00f3 la Orejona en Roma, en 2009. <strong>Pero la competencia le dar\u00eda revancha y pudo sumar minutos en la edici\u00f3n 2010\/11, que consagr\u00f3 al Barcelona en Wembley:<\/strong> jug\u00f3 vs. Panathinaikos y Shaktar.<\/p>\n<\/div>\n<div class=\"custom-text \" readability=\"36\">\n<p><strong>14 &#8211; Javier Zanetti: <\/strong>a pesar de estar en el Inter desde 1995, reci\u00e9n en el 2010 pudo jugar su primera final de Champions. Y la gan\u00f3. El Pupi fue capit\u00e1n del m\u00edtico Nerazzurro que sac\u00f3 al Barsa de Pep en semis y <strong>super\u00f3 2-0 al Bayern Munich, en la final del Santiago Bernab\u00e9u.<\/strong><\/p>\n<\/div>\n<div class=\"custom-text \" readability=\"36\">\n<p><strong>15 &#8211; Walter Samuel: al igual que Zanetti, el zaguero central estuvo en el Inter campe\u00f3n del 2010.<\/strong> Junto al brasile\u00f1o Lucio, conform\u00f3 la zaga central que sostuvo la valla del Nerazzurro durante seis partidos de aquella edici\u00f3n. Ser\u00eda su \u00fanica Orejona.<\/p>\n<\/div>\n<div class=\"custom-text \" readability=\"39\">\n<p><strong>16 &#8211; Esteban Cambiasso: otra pieza clave del equipo de Mou, en el 2010. En esa edici\u00f3n de la Champions, jug\u00f3 12 partidos de 13,<\/strong> habi\u00e9ndole marcado un tanto al Chelsea, en los octavos de final. S\u00f3lo se perdi\u00f3 el debut en el Grupo F, justamente frente al Barcelona.<\/p>\n<\/div>\n<div class=\"custom-text \" readability=\"40\">\n<p><strong>17 &#8211; Diego Milito:<\/strong> la gran figura de aquel Inter plagado de argentinos. Conform\u00f3 una dupla letal con Samuel Eto&#8217;o, que llev\u00f3 al Nerazzurro a la tercera Orejona de su historia. <strong>En 11 partidos, festej\u00f3 en cinco oportunidades: vs. Dinamo Kiev, Chelsea, CSKA Mosc\u00fa y Barcelona, antes de convertir un doblete en la final ante el Bayern Munich.<\/strong><\/p>\n<\/div>\n<div class=\"sc-e7b891c4-0 ifHnQL image-embed\"><img alt=\"Milito, campe\u00f3n en un Inter plagado de argentinos. (AFP)\" loading=\"lazy\" width=\"720\" height=\"100\" decoding=\"async\" data-nimg=\"1\" src=\"http:\/\/hoycordobaweb.com\/wp-content\/uploads\/2025\/05\/lautaro-va-por-su-champions-quienes-son-los-23-argentinos-que-ya-la-conquistaron-5.jpg\"><span class=\"epigraphe\">Milito, campe\u00f3n en un Inter plagado de argentinos. (AFP)<\/span><\/div>\n<div class=\"custom-text \" readability=\"42\">\n<p><strong>18 &#8211; Javier Mascherano:<\/strong> el Jefecito hab\u00eda ca\u00eddo duramente en la final del 2007, en la que el Liverpool le iba ganando 3-0 al Milan, pero se lo dieron vuelta. Despu\u00e9s, en el Barcelona y con la conducci\u00f3n de Pep, sald\u00f3 su deuda: gan\u00f3 la Champions en el 2011, ante el Manchester United. <strong>Y en el 2015 ganar\u00eda la segunda, ya como titular indiscutido, 3-1 ante la Juventus.<\/strong><\/p>\n<\/div>\n<div class=\"custom-text \" readability=\"39\">\n<p><strong>19 &#8211; \u00c1ngel Di Mar\u00eda: su paso por el Real Madrid no fue tan festivo como el del Paris Saint Germain. No obstante, supo consolidarse como titular,<\/strong> tanto con Mourinho como con Ancelotti. En la 2013\/14, conform\u00f3 el ataque del Merengue junto a Cristiano Ronaldo y Karim Benzema. Y <strong>fue nada menos que la figura de la final de Lisboa, ante el Aleti (4-1).<\/strong><\/p>\n<\/div>\n<div class=\"custom-text \" readability=\"35\">\n<p><strong>20 &#8211; Wilfredo Caballero:<\/strong> si bien el arquero argentino no disput\u00f3 ning\u00fan minuto en la Champions 2020\/21, fue suplente de \u00c9douard Mendy en un Chelsea que supo vencer 1-0 al Manchester City de Guardiola.<\/p>\n<\/div>\n<div class=\"custom-text \" readability=\"35\">\n<p><strong>21 &#8211; Juli\u00e1n \u00c1lvarez: <\/strong>a pesar de la l\u00f3gica centralidad de Erling Haaland, l<strong>a Ara\u00f1a demostr\u00f3 ser una pieza de cambio valiosa para Guardiola en un Manchester City que se qued\u00f3 con el triplete en la 2022\/23.<\/strong><\/p>\n<\/div>\n<div class=\"sc-e7b891c4-0 ifHnQL image-embed\"><img alt=\"Juli\u00e1n con la Champions 2023 (AFP).\" loading=\"lazy\" width=\"720\" height=\"100\" decoding=\"async\" data-nimg=\"1\" src=\"http:\/\/hoycordobaweb.com\/wp-content\/uploads\/2025\/05\/lautaro-va-por-su-champions-quienes-son-los-23-argentinos-que-ya-la-conquistaron-6.jpg\"><span class=\"epigraphe\">Juli\u00e1n con la Champions 2023 (AFP).<\/span><\/div>\n<div class=\"custom-text \" readability=\"34\">\n<p><strong>22 &#8211; M\u00e1ximo Perrone: <\/strong>aunque no disput\u00f3 minutos, el ex hombre de V\u00e9lez form\u00f3 parte del plantel de los Ciudadanos campeones en la edici\u00f3n de 2023.<\/p>\n<\/div>\n<div class=\"custom-text \" readability=\"36\">\n<p><strong>23 &#8211; Nico Paz:<\/strong> el joven que eligi\u00f3 representar a la Selecci\u00f3n Argentina <strong>fue el \u00fanico argentino presente en la final de Wembley entre el Real Madrid y el Borussia Dortmund,<\/strong> en la \u00faltima edici\u00f3n de la Champions League que termin\u00f3 con un 2-0 a favor de los Merengues.<strong> Hasta ahora, el \u00faltimo.<\/strong><\/p>\n<\/div>\n<div class=\"sc-a7166897-0 eoLsBE\" readability=\"7.5\">\n<section readability=\"5\"><picture><img alt=\"\u00bfC\u00f3mo ver PSG vs. Inter, por la final de la Champions League, en Estados Unidos y M\u00e9xico?\" loading=\"lazy\" width=\"290\" height=\"290\" decoding=\"async\" data-nimg=\"1\" src=\"http:\/\/hoycordobaweb.com\/wp-content\/uploads\/2025\/05\/lautaro-va-por-su-champions-quienes-son-los-23-argentinos-que-ya-la-conquistaron-7.jpg\"><\/picture>\n<p><span>Mir\u00e1 tambi\u00e9n<\/span><\/p>\n<hr>\n<h3>\u00bfC\u00f3mo ver PSG vs. Inter, por la final de la Champions League, en Estados Unidos y M\u00e9xico?<\/h3>\n<\/p>\n<\/section>\n<\/div>\n<div class=\"sc-a7166897-0 eoLsBE\" readability=\"6.5\">\n<section readability=\"3\"><picture><img alt=\"El hermoso mensaje de De Paul a Maravilla Mart\u00ednez, figura de Racing\" loading=\"lazy\" width=\"290\" height=\"290\" decoding=\"async\" data-nimg=\"1\" src=\"http:\/\/hoycordobaweb.com\/wp-content\/uploads\/2025\/05\/lautaro-va-por-su-champions-quienes-son-los-23-argentinos-que-ya-la-conquistaron-8.jpg\"><\/picture>\n<p><span>Mir\u00e1 tambi\u00e9n<\/span><\/p>\n<hr>\n<h3>El hermoso mensaje de De Paul a Maravilla Mart\u00ednez, figura de Racing<\/h3>\n<\/p>\n<\/section>\n<\/div>\n<div class=\"sc-a7166897-0 eoLsBE\" readability=\"6\">\n<section readability=\"2\"><picture><img alt=\"Oficial: los precios de las entradas para Argentina - Colombia\" loading=\"lazy\" width=\"290\" height=\"290\" decoding=\"async\" data-nimg=\"1\" src=\"http:\/\/hoycordobaweb.com\/wp-content\/uploads\/2025\/05\/lautaro-va-por-su-champions-quienes-son-los-23-argentinos-que-ya-la-conquistaron-9.jpg\"><\/picture>\n<p><span>Mir\u00e1 tambi\u00e9n<\/span><\/p>\n<hr>\n<h3>Oficial: los precios de las entradas para Argentina &#8211; Colombia<\/h3>\n<\/p>\n<\/section>\n<\/div>\n<\/div>\n","protected":false},"excerpt":{"rendered":"<p>30\/05\/2025 17:34hs. Cuti Romero ya levant\u00f3 la Europa League. Luego, Enzo Fern\u00e1ndez hizo lo propio con la Conference League. Ahora le toca a Lautaro Mart\u00ednez. Este s\u00e1bado, el campe\u00f3n del mundo enfrentar\u00e1 al Paris Saint-Germain en busca de conquistar su primera Champions League con el Inter y sumarse al extenso listado de argentinos que dejaron [&hellip;]<\/p>\n","protected":false},"author":1,"featured_media":106633,"comment_status":"open","ping_status":"closed","sticky":false,"template":"","format":"standard","meta":[],"categories":[16],"tags":[],"_links":{"self":[{"href":"http:\/\/hoycordobaweb.com\/index.php\/wp-json\/wp\/v2\/posts\/106632"}],"collection":[{"href":"http:\/\/hoycordobaweb.com\/index.php\/wp-json\/wp\/v2\/posts"}],"about":[{"href":"http:\/\/hoycordobaweb.com\/index.php\/wp-json\/wp\/v2\/types\/post"}],"author":[{"embeddable":true,"href":"http:\/\/hoycordobaweb.com\/index.php\/wp-json\/wp\/v2\/users\/1"}],"replies":[{"embeddable":true,"href":"http:\/\/hoycordobaweb.com\/index.php\/wp-json\/wp\/v2\/comments?post=106632"}],"version-history":[{"count":0,"href":"http:\/\/hoycordobaweb.com\/index.php\/wp-json\/wp\/v2\/posts\/106632\/revisions"}],"wp:featuredmedia":[{"embeddable":true,"href":"http:\/\/hoycordobaweb.com\/index.php\/wp-json\/wp\/v2\/media\/106633"}],"wp:attachment":[{"href":"http:\/\/hoycordobaweb.com\/index.php\/wp-json\/wp\/v2\/media?parent=106632"}],"wp:term":[{"taxonomy":"category","embeddable":true,"href":"http:\/\/hoycordobaweb.com\/index.php\/wp-json\/wp\/v2\/categories?post=106632"},{"taxonomy":"post_tag","embeddable":true,"href":"http:\/\/hoycordobaweb.com\/index.php\/wp-json\/wp\/v2\/tags?post=106632"}],"curies":[{"name":"wp","href":"https:\/\/api.w.org\/{rel}","templated":true}]}}