{"id":106552,"date":"2025-05-30T11:00:01","date_gmt":"2025-05-30T11:00:01","guid":{"rendered":"http:\/\/hoycordobaweb.com\/index.php\/2025\/05\/30\/monoxido-de-carbono-presentaron-un-proyecto-para-instalar-sensores-en-los-edificios-de-cordoba\/"},"modified":"2025-05-30T11:00:01","modified_gmt":"2025-05-30T11:00:01","slug":"monoxido-de-carbono-presentaron-un-proyecto-para-instalar-sensores-en-los-edificios-de-cordoba","status":"publish","type":"post","link":"http:\/\/hoycordobaweb.com\/index.php\/2025\/05\/30\/monoxido-de-carbono-presentaron-un-proyecto-para-instalar-sensores-en-los-edificios-de-cordoba\/","title":{"rendered":"Mon\u00f3xido de carbono: presentaron un proyecto para instalar sensores en los edificios de C\u00f3rdoba"},"content":{"rendered":"<div class=\"media_block\"><\/div>\n<div><img src=\"http:\/\/hoycordobaweb.com\/wp-content\/uploads\/2025\/05\/monoxido-de-carbono-presentaron-un-proyecto-para-instalar-sensores-en-los-edificios-de-cordoba.jpg\" class=\"ff-og-image-inserted\"><\/div>\n<p>El concejal <strong>Juan Balastegui<\/strong> (UCR) volvi\u00f3 a impulsar un proyecto para instalar<strong> sensores de humo, gas y mon\u00f3xido de carbono<\/strong> en los edificios de la ciudad de C\u00f3rdoba.<\/p>\n<p class=\"destacadoNota\"><a target=\"_blank\" href=\"https:\/\/www.perfil.com\/noticias\/cordoba\/emergencia-en-discapacidad-que-piden-los-prestadores-y-familias-que-marcharon-en-cordoba.phtml\" rel=\"noopener noreferrer\">Emergencia en discapacidad: qu\u00e9 piden los prestadores y familias que marcharon en C\u00f3rdoba<\/a><\/p>\n<h2>Mon\u00f3xido de carbono<\/h2>\n<p>\u00abB\u00e1sicamente consiste en <strong>la incorporaci\u00f3n de un art\u00edculo en el C\u00f3digo de Edificaci\u00f3n por el cual se exige la instalaci\u00f3n en las nuevas construcciones y en construcciones ya existentes<\/strong>, pero con un per\u00edodo de adaptaci\u00f3n, en los edificios, departamentos y locales comerciales de sensores de mon\u00f3xido de carbono, gas y humo\u00bb, explic\u00f3 el edil.<\/p>\n<p>\u00abSon aparatos que se instalan sin ning\u00fan tipo de instalaci\u00f3n especial, ni el\u00e9ctrica. <strong>Son de muy bajo costo<\/strong>. Y evitan las llamadas \u00b4muertes silenciosas\u00b4\u00bb, agreg\u00f3 en declaraciones a <em>Mitre C\u00f3rdoba<\/em>.<\/p>\n<p>Adem\u00e1s se\u00f1al\u00f3 que \u00abse acerca la temporada de fr\u00edo y se incrementan las posibilidades dado a que la gente empieza a usar calefactores, con m\u00e1s frecuencia los calefones que cuando no est\u00e1n en buenas condiciones empiezan a emitir estos gases\u00bb.<\/p>\n<p class=\"destacadoNota\"><a target=\"_blank\" href=\"https:\/\/www.perfil.com\/noticias\/cordoba\/el-cardenal-rossi-en-el-abrazo-a-los-hospitales-del-polo-sanitario-la-iglesia-tiene-la-obligacion-de-acompanar-a-todos.phtml\" rel=\"noopener noreferrer\">El cardenal Rossi en el abrazo a los hospitales del Polo Sanitario: \u00abLa Iglesia tiene la obligaci\u00f3n de acompa\u00f1ar a todos\u00bb<\/a><\/p>\n<h2>\u00abMuerte silenciosa\u00bb<\/h2>\n<p>\u00abHemos perdido muchas vidas desde que lo presentamos. <strong>Lo presentamos en abril del a\u00f1o pasado y hasta el d\u00eda de hoy hay un sinn\u00famero de vidas que ya hemos perdido por esta causa<\/strong>\u00ab, record\u00f3 Balastegui.<\/p>\n<h2>Costos<\/h2>\n<p>\u00abEn el d\u00eda de ayer estuvimos viendo en las aplicaciones de compras que est\u00e1n disponibles y <strong>parten desde los 9 mil pesos y a pagar en cuotas<\/strong>. Ante una nueva edificaci\u00f3n es insignificante teniendo el costo de la construcci\u00f3n. Si vas a comprar un departamento no var\u00eda en el precio final una instalaci\u00f3n de dos o tres sensores\u00bb, ejemplific\u00f3.<\/p>\n<p>En el caso de las viviendas particulares \u00abse est\u00e1n planteando en las nuevas construcciones\u00bb. \u00abDe todos modos <strong>es un llamado a la concientizaci\u00f3n de la gente<\/strong>. Por el costo vale la pena tenerlo. Esto surgi\u00f3 por un<a target=\"_blank\" href=\"https:\/\/www.perfil.com\/noticias\/cordoba\/incendio-fatal-en-nueva-cordoba-una-bateria-de-litio-de-una-notebook-habria-originado-el-fuego.phtml\" rel=\"noopener noreferrer\"> accidente en avenida Hip\u00f3lito Yrigoyen en el que fallecieron dos chicos<\/a>\u00ab, rememor\u00f3 el concejal.<\/p>\n<p>La iniciativa que est\u00e1 en la comisi\u00f3n de Desarrollo Urbano del Concejo Deliberante de la ciudad de C\u00f3rdoba \u00abse ha compatibilizado con oros proyectos\u00bb, concluy\u00f3 Balastegui.<\/p>\n","protected":false},"excerpt":{"rendered":"<p>El concejal Juan Balastegui (UCR) volvi\u00f3 a impulsar un proyecto para instalar sensores de humo, gas y mon\u00f3xido de carbono en los edificios de la ciudad de C\u00f3rdoba. Emergencia en discapacidad: qu\u00e9 piden los prestadores y familias que marcharon en C\u00f3rdoba Mon\u00f3xido de carbono \u00abB\u00e1sicamente consiste en la incorporaci\u00f3n de un art\u00edculo en el C\u00f3digo [&hellip;]<\/p>\n","protected":false},"author":1,"featured_media":106553,"comment_status":"closed","ping_status":"closed","sticky":false,"template":"","format":"standard","meta":[],"categories":[19],"tags":[41,1405,1232,1404,1403,1401,1402],"_links":{"self":[{"href":"http:\/\/hoycordobaweb.com\/index.php\/wp-json\/wp\/v2\/posts\/106552"}],"collection":[{"href":"http:\/\/hoycordobaweb.com\/index.php\/wp-json\/wp\/v2\/posts"}],"about":[{"href":"http:\/\/hoycordobaweb.com\/index.php\/wp-json\/wp\/v2\/types\/post"}],"author":[{"embeddable":true,"href":"http:\/\/hoycordobaweb.com\/index.php\/wp-json\/wp\/v2\/users\/1"}],"replies":[{"embeddable":true,"href":"http:\/\/hoycordobaweb.com\/index.php\/wp-json\/wp\/v2\/comments?post=106552"}],"version-history":[{"count":0,"href":"http:\/\/hoycordobaweb.com\/index.php\/wp-json\/wp\/v2\/posts\/106552\/revisions"}],"wp:featuredmedia":[{"embeddable":true,"href":"http:\/\/hoycordobaweb.com\/index.php\/wp-json\/wp\/v2\/media\/106553"}],"wp:attachment":[{"href":"http:\/\/hoycordobaweb.com\/index.php\/wp-json\/wp\/v2\/media?parent=106552"}],"wp:term":[{"taxonomy":"category","embeddable":true,"href":"http:\/\/hoycordobaweb.com\/index.php\/wp-json\/wp\/v2\/categories?post=106552"},{"taxonomy":"post_tag","embeddable":true,"href":"http:\/\/hoycordobaweb.com\/index.php\/wp-json\/wp\/v2\/tags?post=106552"}],"curies":[{"name":"wp","href":"https:\/\/api.w.org\/{rel}","templated":true}]}}