{"id":106542,"date":"2025-05-30T09:29:27","date_gmt":"2025-05-30T09:29:27","guid":{"rendered":"https:\/\/www.mujerhoy.com\/moda\/no-te-pierdas\/reina-letizia-look-feria-libro-sandalias-vestido-repetido-hugo-boss-20250530112547-nt.html"},"modified":"2025-05-30T09:29:27","modified_gmt":"2025-05-30T09:29:27","slug":"la-reina-letizia-inaugura-la-temporada-de-sandalias-en-la-feria-del-libro-de-tacon-comodo-y-con-un-vestido-de-hugo-boss","status":"publish","type":"post","link":"http:\/\/hoycordobaweb.com\/index.php\/2025\/05\/30\/la-reina-letizia-inaugura-la-temporada-de-sandalias-en-la-feria-del-libro-de-tacon-comodo-y-con-un-vestido-de-hugo-boss\/","title":{"rendered":"La reina Letizia inaugura la temporada de sandalias en la Feria del Libro: de tac\u00f3n c\u00f3modo y con un vestido de Hugo Boss"},"content":{"rendered":"<p><!-- AUTHOR --><\/p>\n<div class=\"voc-author-timesocial \">\n<!-- AUTHOR --><\/p>\n<div class=\"voc-author-timesocial__signature \">\n<!-- IMAGE AUTHOR -->\n<picture class=\"voc-image-signature\">\n<img class=\"voc-image-signature__img\" src=\"http:\/\/hoycordobaweb.com\/wp-content\/uploads\/2025\/05\/la-reina-letizia-inaugura-la-temporada-de-sandalias-en-la-feria-del-libro-de-tacon-comodo-y-con-un-vestido-de-hugo-boss.jpg\" alt=\"Raquel Rodr\u00edguez\">\n<\/picture>\n<!-- INFO AUTHOR --> <\/div><\/div>\n<p><!-- COMPONENTS --><\/p>\n<p class=\"voc-paragraph\"><a href=\"https:\/\/www.mujerhoy.com\/temas\/personajes\/reina-dona-letizia.html\" title=\"www.mujerhoy.com\" data-voc-vtm-id=\"in-text-traffic\" data-mrf-link=\"www.mujerhoy.com\">Do\u00f1a Letizia<\/a> ha vuelto a la que es una de sus citas favoritas del a\u00f1o. Teniendo en cuenta su amor por la lectura -es, sin lugar a dudas, uno de sus hobbies favoritos-, la reina consorte no se pierde nunca la<strong> inauguraci\u00f3n de la Feria del Libro<\/strong>. Cada a\u00f1o, acude a la primera jornada de este evento cultural que disfruta al m\u00e1ximo, donde aprovecha para comprar alg\u00fan libro y donde siempre luce un look especial.<\/p>\n<p class=\"voc-paragraph\">Al coincidir con el fin de la primavera y casi el inicio del verano, la reina Letizia tambi\u00e9n aprovecha esta aparici\u00f3n p\u00fablica para deleitarnos con un estilismo que es perfecto para la \u00e9poca estival. <strong>Vestidos fresquitos y alpargatas <\/strong>suelen ser su elecci\u00f3n m\u00e1s com\u00fan para ir tambi\u00e9n c\u00f3moda. Y esta 84\u00aa edici\u00f3n no pod\u00eda ser menos.<\/p>\n<div class=\"v-c-cmp v-c-cmp--t1 \">\n<div class=\"v-cmp-rld v-cmp-rld--2 \">\n<div class=\"v-cnt-m v-cnt-m--m\">\n<div class=\"v-cnt-m__c\">\n<div class=\"v-cnt-m__w v-cnt-m__w--1\">\n<p class=\"v-cnt-m__t\">\nTAMBI\u00c9N TE INTERESA\n<\/p>\n<\/div>\n<\/div>\n<\/div>\n<div class=\"v-g v-g--2-c v-g--bdr-min-xs\">\n<div class=\"v-g__c \">\n<article class=\"v-a v-a--cmp-rld v-a--cmp-rld-2 v-a--p-l\">\n<div class=\"v-a-img-c\">\n<figure class=\"v-a-fig\">\n<a href=\"https:\/\/www.mujerhoy.com\/moda\/no-te-pierdas\/reina-letizia-look-primavera-estrena-vestido-estampado-alpargatas-comodas-20250528115203-nt.html#vtm_modulosEngag=mod-rel:moda:noticia:1:cmp:2-not\" class=\"v-a-link\" title=\"La reina Letizia estrena el look perfecto de primavera: vestido estampado y las alpargatas m\u00e1s c\u00f3modas\"><br \/>\n<img loading=\"lazy\" class=\"v-a-img\" src=\"http:\/\/hoycordobaweb.com\/wp-content\/uploads\/2025\/05\/la-reina-letizia-inaugura-la-temporada-de-sandalias-en-la-feria-del-libro-de-tacon-comodo-y-con-un-vestido-de-hugo-boss-1.jpg\" alt=\"La reina Letizia estrena el look perfecto de primavera: vestido estampado y las alpargatas m\u00e1s c\u00f3modas\"><br \/>\n<\/a><br \/>\n<\/figure>\n<\/div>\n<\/article>\n<\/div>\n<div class=\"v-g__c \">\n<article class=\"v-a v-a--cmp-rld v-a--cmp-rld-2 v-a--p-l\">\n<div class=\"v-a-img-c\">\n<figure class=\"v-a-fig\">\n<a href=\"https:\/\/www.mujerhoy.com\/moda\/no-te-pierdas\/reina-letizia-marcas-francesas-favoritas-mejores-vestidos-looks-20250526074734-nt.html#vtm_modulosEngag=mod-rel:moda:noticia:2:cmp:2-not\" class=\"v-a-link\" title=\"Estas son las firmas francesas favoritas de la reina Letizia: las prendas m\u00e1s bonitas que ha llevado\"><br \/>\n<img loading=\"lazy\" class=\"v-a-img\" src=\"http:\/\/hoycordobaweb.com\/wp-content\/uploads\/2025\/05\/la-reina-letizia-inaugura-la-temporada-de-sandalias-en-la-feria-del-libro-de-tacon-comodo-y-con-un-vestido-de-hugo-boss-2.jpg\" alt=\"Estas son las firmas francesas favoritas de la reina Letizia: las prendas m\u00e1s bonitas que ha llevado\"><br \/>\n<\/a><br \/>\n<\/figure>\n<\/div>\n<\/article>\n<\/div>\n<\/div>\n<\/div>\n<\/div>\n<p class=\"voc-paragraph\">Despu\u00e9s de sorprendernos much\u00edsimo con el look elegido para asistir a una gala de premios ayer por la noche -no esper\u00e1bamos <a href=\"https:\/\/www.mujerhoy.com\/moda\/no-te-pierdas\/reina-letizia-estrena-look-inesperado-top-crop-negro-piel-20250529191153-nt.html\" title=\"www.mujerhoy.com\" data-voc-vtm-id=\"in-text-traffic\" data-mrf-link=\"www.mujerhoy.com\">este top crop de piel <\/a>sabiendo el calor que hay ya en Madrid-, la reina, esta vez, ha reaparecido en el Parque de El Retiro con el <strong>outfit perfecto <\/strong>para hacer frente a las altas temperaturas.<\/p>\n<p><h3 class=\"v-cmp-suh\">\nLa reina Letizia repite un vestido de flores<br \/>\n<\/h3>\n<\/p>\n<p class=\"voc-paragraph\">El look estaba protagonizado por un<strong> vestido repetido <\/strong>que ha rescatado de su armario para esta ocasi\u00f3n y que tiene todo lo que est\u00e1 bien: un estampado favorecedor, un corte que sienta bien y una silueta c\u00f3moda y fresquita que no complica a nadie en verano.<\/p>\n<div class=\"v-c-cmp \">\n<div class=\"v-cmp-m v-cmp-m--t1\">\n<article class=\"v-a v-a--cmp-m v-c-cmp--m-p\">\n<div class=\"v-a-img-c v-a-img-c--fw-xs\">\n<div class=\"v-a-fig\">\n<div class=\"v-a-link\">\n<img loading=\"lazy\" src=\"http:\/\/hoycordobaweb.com\/wp-content\/uploads\/2025\/05\/la-reina-letizia-inaugura-la-temporada-de-sandalias-en-la-feria-del-libro-de-tacon-comodo-y-con-un-vestido-de-hugo-boss-3.jpg\" class=\"v-a-img\" width=\"650\" height=\"975\" alt=\"la reina Letizia con un vestido de flores de color blanco.\" data-voc-vtm-id=\"in-text-traffic\">\n<\/div><figcaption class=\"v-fc\">\n<span class=\"v-fc__t\"><br \/>\nla reina Letizia con un vestido de flores de color blanco.<br \/>\n<\/span><br \/>\n<span class=\"v-fc__p\"><br \/>\nlimited pictures<br \/>\n<\/span><br \/>\n<\/figcaption><\/div>\n<\/div>\n<\/article>\n<\/div>\n<\/div>\n<p class=\"voc-paragraph\">Se trata de un <strong>vestido de Hugo Boss <\/strong>que estren\u00f3 en julio de 2022 y que est\u00e1 protagonizado por un print floral de color negro y en clave minimalista que va sobre un fondo blanco. Un modelo sencillo, de largo midi, con falda de vuelo, manga corta y escote en pico que la reina Letizia ha defendido de maravilla.<\/p>\n<p class=\"voc-paragraph\">Si en su momento lo combin\u00f3 con unas alpargatas de cu\u00f1a de color blanco, esta vez ha preferido ir un paso m\u00e1s all\u00e1 para competir con el calor y ha a\u00f1adido unas <strong>sandalias<\/strong>. S\u00ed, la reina consorte ha inaugurado la \u00e9poca de este calzado veraniego luci\u00e9ndolas por primera vez este 2025 y lo ha hecho con una opci\u00f3n tambi\u00e9n repetida.<\/p>\n<div class=\"v-c-cmp \">\n<div class=\"v-cmp-m v-cmp-m--t1\">\n<article class=\"v-a v-a--cmp-m v-c-cmp--m-p\">\n<div class=\"v-a-img-c v-a-img-c--fw-xs\">\n<div class=\"v-a-fig\">\n<div class=\"v-a-link\">\n<img loading=\"lazy\" src=\"http:\/\/hoycordobaweb.com\/wp-content\/uploads\/2025\/05\/la-reina-letizia-inaugura-la-temporada-de-sandalias-en-la-feria-del-libro-de-tacon-comodo-y-con-un-vestido-de-hugo-boss-4.jpg\" class=\"v-a-img\" width=\"650\" height=\"975\" alt=\"Las sandalias de la reina Letizia son de Hugo Boss.\" data-voc-vtm-id=\"in-text-traffic\">\n<\/div><figcaption class=\"v-fc\">\n<span class=\"v-fc__t\"><br \/>\nLas sandalias de la reina Letizia son de Hugo Boss.<br \/>\n<\/span><br \/>\n<span class=\"v-fc__p\"><br \/>\nlimited pictures<br \/>\n<\/span><br \/>\n<\/figcaption><\/div>\n<\/div>\n<\/article>\n<\/div>\n<\/div>\n<p class=\"voc-paragraph\">Es el <strong>modelo Melanie 50 de BOSS Hugo Boss<\/strong>, unas sandalias que us\u00f3 much\u00edsimo el verano pasado y que tambi\u00e9n tiene de color negro. Al parecer, es un zapato muy c\u00f3modo perfecto para su dolencia en los pies que ha pasado a ser un buen aliado para estar c\u00f3modas y elegante. Y parece que este 2025 lo va a seguir siendo. <\/p>\n<p class=\"voc-paragraph\">Una <strong>didadema fina <\/strong>en el pelo y unos <strong>pendientes de perla nuevos <\/strong>completaban este look que ha lucido para inaugurar la nueva edici\u00f3n de la Feria del Libro de Madrid, que se celebra de nuevo un a\u00f1o m\u00e1s en primavera en el Parque de El Retiro, del 30 de mayo al 15 de junio de 2025, y que tendr\u00e1 a la ciudad de Nueva York como eje tem\u00e1tico.<\/p>\n<p class=\"voc-paragraph\">La organizaci\u00f3n ha establecido alianza con diversas universidades neoyorkinas y acuerdos con los Departamentos de Estudios Latinoamericanos de las Universidades de Brown, Columbia, Fordham, New York University, Cornell y Yale, para traer una delegaci\u00f3n de investigadores y profesores de estas universidades. De esta manera se busca fomentar<strong> intercambios culturales y literarios <\/strong>entre ambas ciudades en los que, por supuesto, ha querido participar la mujer de Felipe VI.<\/p>\n<div class=\"v-c-cmp v-c-cmp--t1 \">\n<div class=\"v-cmp-rld v-cmp-rld--2 \">\n<div class=\"v-cnt-m v-cnt-m--m\">\n<div class=\"v-cnt-m__c\">\n<div class=\"v-cnt-m__w v-cnt-m__w--1\">\n<p class=\"v-cnt-m__t\">\nTAMBI\u00c9N TE INTERESA\n<\/p>\n<\/div>\n<\/div>\n<\/div>\n<div class=\"v-g v-g--2-c v-g--bdr-min-xs\">\n<div class=\"v-g__c \">\n<article class=\"v-a v-a--cmp-rld v-a--cmp-rld-2 v-a--p-l\">\n<div class=\"v-a-img-c\">\n<figure class=\"v-a-fig\">\n<a href=\"https:\/\/www.mujerhoy.com\/moda\/no-te-pierdas\/reina-letizia-traje-rojo-hugo-boss-graduacion-infanta-sofia-20250524160856-nt.html#vtm_modulosEngag=mod-rel:moda:noticia:1:cmp:2-not\" class=\"v-a-link\" title=\"La reina Letizia y su look de invitada a la graduaci\u00f3n de la infanta Sof\u00eda: traje rojo y cara de madre orgullosa\"><br \/>\n<img loading=\"lazy\" class=\"v-a-img\" src=\"http:\/\/hoycordobaweb.com\/wp-content\/uploads\/2025\/05\/la-reina-letizia-inaugura-la-temporada-de-sandalias-en-la-feria-del-libro-de-tacon-comodo-y-con-un-vestido-de-hugo-boss-5.jpg\" alt=\"La reina Letizia y su look de invitada a la graduaci\u00f3n de la infanta Sof\u00eda: traje rojo y cara de madre orgullosa\"><br \/>\n<\/a><br \/>\n<\/figure>\n<\/div>\n<\/article>\n<\/div>\n<div class=\"v-g__c \">\n<article class=\"v-a v-a--cmp-rld v-a--cmp-rld-2 v-a--p-l\">\n<div class=\"v-a-img-c\">\n<figure class=\"v-a-fig\">\n<a href=\"https:\/\/www.mujerhoy.com\/moda\/no-te-pierdas\/letizia-look-primavera-vestido-bottega-veneta-premios-asociacion-prensa-mjadrid-20250520175141-nt.html#vtm_modulosEngag=mod-rel:moda:noticia:2:cmp:2-not\" class=\"v-a-link\" title=\"La reina Letizia rescata su vestido de Bottega Veneta favorito para la primavera: en un color azul que le favorece a los ojos\"><br \/>\n<img loading=\"lazy\" class=\"v-a-img\" src=\"http:\/\/hoycordobaweb.com\/wp-content\/uploads\/2025\/05\/la-reina-letizia-inaugura-la-temporada-de-sandalias-en-la-feria-del-libro-de-tacon-comodo-y-con-un-vestido-de-hugo-boss-6.jpg\" alt=\"La reina Letizia rescata su vestido de Bottega Veneta favorito para la primavera: en un color azul que le favorece a los ojos\"><br \/>\n<\/a><br \/>\n<\/figure>\n<\/div>\n<\/article>\n<\/div>\n<\/div>\n<\/div>\n<\/div>\n<div class=\"media_block\"><\/div>\n","protected":false},"excerpt":{"rendered":"<p>Do\u00f1a Letizia ha vuelto a la que es una de sus citas favoritas del a\u00f1o. Teniendo en cuenta su amor por la lectura -es, sin lugar a dudas, uno de sus hobbies favoritos-, la reina consorte no se pierde nunca la inauguraci\u00f3n de la Feria del Libro. Cada a\u00f1o, acude a la primera jornada de [&hellip;]<\/p>\n","protected":false},"author":1,"featured_media":106543,"comment_status":"closed","ping_status":"closed","sticky":false,"template":"","format":"standard","meta":[],"categories":[],"tags":[],"_links":{"self":[{"href":"http:\/\/hoycordobaweb.com\/index.php\/wp-json\/wp\/v2\/posts\/106542"}],"collection":[{"href":"http:\/\/hoycordobaweb.com\/index.php\/wp-json\/wp\/v2\/posts"}],"about":[{"href":"http:\/\/hoycordobaweb.com\/index.php\/wp-json\/wp\/v2\/types\/post"}],"author":[{"embeddable":true,"href":"http:\/\/hoycordobaweb.com\/index.php\/wp-json\/wp\/v2\/users\/1"}],"replies":[{"embeddable":true,"href":"http:\/\/hoycordobaweb.com\/index.php\/wp-json\/wp\/v2\/comments?post=106542"}],"version-history":[{"count":0,"href":"http:\/\/hoycordobaweb.com\/index.php\/wp-json\/wp\/v2\/posts\/106542\/revisions"}],"wp:featuredmedia":[{"embeddable":true,"href":"http:\/\/hoycordobaweb.com\/index.php\/wp-json\/wp\/v2\/media\/106543"}],"wp:attachment":[{"href":"http:\/\/hoycordobaweb.com\/index.php\/wp-json\/wp\/v2\/media?parent=106542"}],"wp:term":[{"taxonomy":"category","embeddable":true,"href":"http:\/\/hoycordobaweb.com\/index.php\/wp-json\/wp\/v2\/categories?post=106542"},{"taxonomy":"post_tag","embeddable":true,"href":"http:\/\/hoycordobaweb.com\/index.php\/wp-json\/wp\/v2\/tags?post=106542"}],"curies":[{"name":"wp","href":"https:\/\/api.w.org\/{rel}","templated":true}]}}