{"id":106357,"date":"2025-05-28T11:00:21","date_gmt":"2025-05-28T11:00:21","guid":{"rendered":"https:\/\/www.trendencias.com\/viajes\/director-espanol-que-siempre-arrasa-cannes-vive-pueblo-olvidado-lugo-mil-habitantes"},"modified":"2025-05-28T11:00:21","modified_gmt":"2025-05-28T11:00:21","slug":"el-director-espanol-que-siempre-arrasa-en-cannes-vive-en-un-pueblo-olvidado-de-lugo-de-menos-de-mil-habitantes","status":"publish","type":"post","link":"http:\/\/hoycordobaweb.com\/index.php\/2025\/05\/28\/el-director-espanol-que-siempre-arrasa-en-cannes-vive-en-un-pueblo-olvidado-de-lugo-de-menos-de-mil-habitantes\/","title":{"rendered":"El director espa\u00f1ol que siempre arrasa en Cannes vive en un pueblo olvidado de Lugo de menos de mil habitantes"},"content":{"rendered":"<p>Hasta la fecha, todas las pel\u00edculas que ha realizado \u00d3liver Laxe han sido premiadas en el Festival de Cannes. La \u00faltima es <a class=\"text-outboundlink\" href=\"https:\/\/www.espinof.com\/criticas\/sirat-brutal-oliver-laxe-nos-lleva-a-viaje-imposible-desierto-werner-herzog-mad-max\" data-vars-post-title=\"'Sirat' es brutal. \u00d3liver Laxe sobrecoge con una expedici\u00f3n imposible entre Werner Herzog y Mad Max | Cannes 2025\" data-vars-post-url=\"https:\/\/www.espinof.com\/criticas\/sirat-brutal-oliver-laxe-nos-lleva-a-viaje-imposible-desierto-werner-herzog-mad-max\">&#8216;Sirat&#8217;<\/a>, que se acaba de llevar el premio del Jurado en la secci\u00f3n oficial. Todo un orgullo porque, aunque el cineasta naci\u00f3 en Par\u00eds, es hijo de padres gallegos. De hecho, con ellos se mud\u00f3 a Galicia cuando ten\u00eda seis a\u00f1os y vive en <strong>un pueblo de Lugo de menos de mil habitantes<\/strong> desde hace cuatro.<\/p>\n<p><!-- BREAK 1 --> <\/p>\n<p>Se trata de Vilela, una parroquia ubicada en el municipio de Taboada. Un enclave paradisiaco de monta\u00f1a que se abre paso en pleno coraz\u00f3n de Os Ancares, una de las regiones gallegas de <strong>mayor belleza salvaje<\/strong>. Habitado desde tiempos prehist\u00f3ricos pero aislado e inaccesible hasta no hace tanto, es una zona formada por peque\u00f1os valles y donde los pueblos y aldeas se encuentran encajados entre picos de 2000 metros de altura.<\/p>\n<p><!-- BREAK 2 --><\/p>\n<div class=\"article-asset-image article-asset-normal article-asset-center\">\n<div class=\"asset-content\">\n<div class=\"caption-img \"> <img class=\"centro_sinmarco\" height=\"801\" width=\"1200\" loading=\"lazy\" decoding=\"async\" sizes=\"100vw\" fetchpriority=\"high\" srcset=\"http:\/\/hoycordobaweb.com\/wp-content\/uploads\/2025\/05\/el-director-espanol-que-siempre-arrasa-en-cannes-vive-en-un-pueblo-olvidado-de-lugo-de-menos-de-mil-habitantes.jpg 450w, http:\/\/hoycordobaweb.com\/wp-content\/uploads\/2025\/05\/el-director-espanol-que-siempre-arrasa-en-cannes-vive-en-un-pueblo-olvidado-de-lugo-de-menos-de-mil-habitantes-2.jpg 681w, http:\/\/hoycordobaweb.com\/wp-content\/uploads\/2025\/05\/el-director-espanol-que-siempre-arrasa-en-cannes-vive-en-un-pueblo-olvidado-de-lugo-de-menos-de-mil-habitantes-3.jpg 1024w, http:\/\/hoycordobaweb.com\/wp-content\/uploads\/2025\/05\/el-director-espanol-que-siempre-arrasa-en-cannes-vive-en-un-pueblo-olvidado-de-lugo-de-menos-de-mil-habitantes-4.jpg 1366w\" src=\"http:\/\/hoycordobaweb.com\/wp-content\/uploads\/2025\/05\/el-director-espanol-que-siempre-arrasa-en-cannes-vive-en-un-pueblo-olvidado-de-lugo-de-menos-de-mil-habitantes.jpg\" alt=\"Ancares2 2 0\"> <noscript><img alt=\"Ancares2 2 0\" class=\"centro_sinmarco\" src=\"http:\/\/hoycordobaweb.com\/wp-content\/uploads\/2025\/05\/el-director-espanol-que-siempre-arrasa-en-cannes-vive-en-un-pueblo-olvidado-de-lugo-de-menos-de-mil-habitantes.jpg\"><\/noscript> <span>Xunta de Galicia<\/span> <\/div><\/div>\n<\/div>\n<p>La presencia de Laxe en este lugar tan especial ha hecho, adem\u00e1s, que este rinc\u00f3n casi olvidado de Galicia se transforme tambi\u00e9n en un refugio cultural. Sobre todo, gracias a su propia vivienda, la <strong>Casa Quind\u00f3s<\/strong>. Se trata de la antigua residencia de los abuelos del director, que ha sido rehabilitada por el cineasta para convertirse tambi\u00e9n en la sede de la<strong> <\/strong>Asociaci\u00f3n Ser, un centro cultural que cuenta con el apoyo de la Diputaci\u00f3n de Lugo para promover actividades socioculturales y acciones que impulsen el desarrollo sostenible de la comarca.<\/p>\n<p><!-- BREAK 3 --> <\/p>\n<p>Explicado de una forma m\u00e1s po\u00e9tica, estamos hablando de un centro de creaci\u00f3n y pensamiento que tiene l objetivo de conectar el arte con la naturaleza. Adem\u00e1s de ser un buen ejemplo de c\u00f3mo las aldeas pueden revitalizarse con proyectos culturales y ofrecer una alternativa al ritmo acelerado de la vida urbana. Laxe es el vivo ejemplo de que <strong>la vida rural no est\u00e1 re\u00f1ido con el glamour de Cannes<\/strong>.<\/p>\n<p><!-- BREAK 4 --><\/p>\n<p>Vivir en este rinc\u00f3n entre monta\u00f1as lucenses es hacerlo rodeado de <strong>bosques de cuento de hadas<\/strong>. O lo que es lo mimo de robles, casta\u00f1os, hayas, acebo, avellanos, abedules, prados de brezo y genista. Adem\u00e1s de jabal\u00edes, ciervos, rebecos, zorros, corzos&#8230; Y lobos. No obstante, la cultura aqu\u00ed tampoco empieza y acaba con \u00d3liver Laxe&#8230;<\/p>\n<p><!-- BREAK 5 --><\/p>\n<div class=\"article-asset-image article-asset-normal article-asset-center\">\n<div class=\"asset-content\">\n<div class=\"caption-img \"> <a rel=\"noopener, noreferrer\" href=\"https:\/\/www.flickr.com\/photos\/druidabruxux\/\"> <img class=\"centro_sinmarco\" height=\"921\" width=\"1566\" loading=\"lazy\" decoding=\"async\" sizes=\"100vw\" fetchpriority=\"high\" srcset=\"http:\/\/hoycordobaweb.com\/wp-content\/uploads\/2025\/05\/el-director-espanol-que-siempre-arrasa-en-cannes-vive-en-un-pueblo-olvidado-de-lugo-de-menos-de-mil-habitantes-1.jpg 450w, http:\/\/hoycordobaweb.com\/wp-content\/uploads\/2025\/05\/el-director-espanol-que-siempre-arrasa-en-cannes-vive-en-un-pueblo-olvidado-de-lugo-de-menos-de-mil-habitantes-5.jpg 681w, http:\/\/hoycordobaweb.com\/wp-content\/uploads\/2025\/05\/el-director-espanol-que-siempre-arrasa-en-cannes-vive-en-un-pueblo-olvidado-de-lugo-de-menos-de-mil-habitantes-6.jpg 1024w, http:\/\/hoycordobaweb.com\/wp-content\/uploads\/2025\/05\/el-director-espanol-que-siempre-arrasa-en-cannes-vive-en-un-pueblo-olvidado-de-lugo-de-menos-de-mil-habitantes-7.jpg 1366w\" src=\"http:\/\/hoycordobaweb.com\/wp-content\/uploads\/2025\/05\/el-director-espanol-que-siempre-arrasa-en-cannes-vive-en-un-pueblo-olvidado-de-lugo-de-menos-de-mil-habitantes-1.jpg\" alt=\"ancares\"> <noscript><img alt=\"ancares\" class=\"centro_sinmarco\" src=\"http:\/\/hoycordobaweb.com\/wp-content\/uploads\/2025\/05\/el-director-espanol-que-siempre-arrasa-en-cannes-vive-en-un-pueblo-olvidado-de-lugo-de-menos-de-mil-habitantes-1.jpg\"><\/noscript> <\/a> <span>Javier Martin Espartosa<\/span> <\/div><\/div>\n<\/div>\n<p>Sobre todo, teniendo en cuenta que se trata de Galicia, <strong>no podemos olvidarnos de la gastronom\u00eda<\/strong>. Por la orograf\u00eda de la zona, esta est\u00e1 fuertemente influenciada por la cocina de conservaci\u00f3n, destinada a someter a los alimentos a m\u00e9todos que los mantengan en buen estado durante m\u00e1s tiempo. Siendo lo embutidos y las casta\u00f1as secas bocados muy representativos de los pueblos de Os Ancares.<\/p>\n<p><!-- BREAK 6 --> <\/p>\n<p>Completan la lista los guisos de caza, el caldo gallego, el pan de centeno y las empanadas. Sobre todo, la de liscos (de tocino y embutidos). Aunque en el plano dulce no se puede dejar de nombrar tampoco <strong>la premiada miel de Os Ancares<\/strong>, que destaca por su pureza y sabor silvestre. Podemos declararlo todo, oficialmente, men\u00fa de genio de Cannes.<\/p>\n<p><!-- BREAK 7 --><\/p>\n<p>Foto de portada | <a rel=\"noopener, noreferrer\" href=\"https:\/\/patrimonionatural.xunta.gal\/es\/ancares-lucenses\">Xunta de Galicia<\/a> y <a rel=\"noopener, noreferrer\" href=\"https:\/\/photo.martinkraft.com\/\">Martin Kraft<\/a><\/p>\n","protected":false},"excerpt":{"rendered":"<p>Hasta la fecha, todas las pel\u00edculas que ha realizado \u00d3liver Laxe han sido premiadas en el Festival de Cannes. La \u00faltima es &#8216;Sirat&#8217;, que se acaba de llevar el premio del Jurado en la secci\u00f3n oficial. Todo un orgullo porque, aunque el cineasta naci\u00f3 en Par\u00eds, es hijo de padres gallegos. De hecho, con ellos [&hellip;]<\/p>\n","protected":false},"author":1,"featured_media":106358,"comment_status":"closed","ping_status":"closed","sticky":false,"template":"","format":"standard","meta":[],"categories":[],"tags":[],"_links":{"self":[{"href":"http:\/\/hoycordobaweb.com\/index.php\/wp-json\/wp\/v2\/posts\/106357"}],"collection":[{"href":"http:\/\/hoycordobaweb.com\/index.php\/wp-json\/wp\/v2\/posts"}],"about":[{"href":"http:\/\/hoycordobaweb.com\/index.php\/wp-json\/wp\/v2\/types\/post"}],"author":[{"embeddable":true,"href":"http:\/\/hoycordobaweb.com\/index.php\/wp-json\/wp\/v2\/users\/1"}],"replies":[{"embeddable":true,"href":"http:\/\/hoycordobaweb.com\/index.php\/wp-json\/wp\/v2\/comments?post=106357"}],"version-history":[{"count":0,"href":"http:\/\/hoycordobaweb.com\/index.php\/wp-json\/wp\/v2\/posts\/106357\/revisions"}],"wp:featuredmedia":[{"embeddable":true,"href":"http:\/\/hoycordobaweb.com\/index.php\/wp-json\/wp\/v2\/media\/106358"}],"wp:attachment":[{"href":"http:\/\/hoycordobaweb.com\/index.php\/wp-json\/wp\/v2\/media?parent=106357"}],"wp:term":[{"taxonomy":"category","embeddable":true,"href":"http:\/\/hoycordobaweb.com\/index.php\/wp-json\/wp\/v2\/categories?post=106357"},{"taxonomy":"post_tag","embeddable":true,"href":"http:\/\/hoycordobaweb.com\/index.php\/wp-json\/wp\/v2\/tags?post=106357"}],"curies":[{"name":"wp","href":"https:\/\/api.w.org\/{rel}","templated":true}]}}