{"id":106347,"date":"2025-05-27T19:11:20","date_gmt":"2025-05-27T19:11:20","guid":{"rendered":"https:\/\/www.ole.com.ar\/futbol-internacional\/champions\/dijoousmane-dembele-dias-final-champions-league-psg-inter_0_u4qmDP1SqX.html"},"modified":"2025-05-27T19:11:20","modified_gmt":"2025-05-27T19:11:20","slug":"que-dijo-dembele-a-dias-de-la-final-de-la-champions","status":"publish","type":"post","link":"http:\/\/hoycordobaweb.com\/index.php\/2025\/05\/27\/que-dijo-dembele-a-dias-de-la-final-de-la-champions\/","title":{"rendered":"Qu\u00e9 dijo Dembel\u00e9 a d\u00edas de la final de la Champions"},"content":{"rendered":"<p><img src=\"http:\/\/hoycordobaweb.com\/wp-content\/uploads\/2025\/05\/que-dijo-dembele-a-dias-de-la-final-de-la-champions.jpg\"><\/p>\n<p><time class=\"createDate\" datetime=\"2025-05-27T16:11:20-03:00\">27\/05\/2025 16:11hs.<\/time><\/p>\n<div id=\"storyBody\">\n<div class=\"custom-text \" readability=\"35.313868613139\">\n<p>Falta cada vez menos para conocer al nuevo campe\u00f3n de la <strong><a href=\"https:\/\/www.ole.com.ar\/tema\/champions-league.html\" title=\"Champions League\" alt=\"Champions League\" class=\"slug\">Champions League<\/a><\/strong>. Este s\u00e1bado 31 de mayo, a las 16.00,<strong> <a href=\"https:\/\/www.ole.com.ar\/tema\/paris-saint-germain.html\" title=\"Paris Saint Germain\" alt=\"Paris Saint Germain\" class=\"slug\">Par\u00eds Saint Germain<\/a> e <a href=\"https:\/\/www.ole.com.ar\/tema\/inter.html\" title=\"Inter\" alt=\"Inter\" class=\"slug\">Inter<\/a> se enfrentar\u00e1n en el partido decisivo del torneo continental. <\/strong>El equipo italaino ir\u00e1 por su cuarta Orejona, mientras que el PSG buscar\u00e1 la primera. En la previa, <strong><a href=\"https:\/\/www.ole.com.ar\/tema\/ousmane-dembele.html\" title=\"Ousmane Dembel\u00e9\" alt=\"Ousmane Dembel\u00e9\" class=\"slug\">Ousmane Dembel\u00e9<\/a><\/strong>, estrella del equipo franc\u00e9s, expres\u00f3 lo que significa el duelo y destac\u00f3 al rival.<\/p>\n<\/div>\n<div class=\"custom-text \" readability=\"39\">\n<p><strong>\u00abNo va a ser f\u00e1cil el partido contra el Inter<\/strong>, es un equipo muy dif\u00edcil para jugarle. Los estuve viendo toda la temporada porque mi amigo Marcus Thuram juega ah\u00ed. <strong>Es un equipo muy complicado, pero todo puede pasar en una final.<\/strong> \u00bfSi vamos a ser amigos con Thuram en el partido? No, en la cancha no. No en la final\u00bb, confes\u00f3 el ex Barcelona sobre su rival el pr\u00f3ximo s\u00e1bado.<\/p>\n<\/div>\n<div class=\"sc-e7b891c4-0 ifHnQL image-embed\"><img alt=\"Dembel\u00e9 quiere la Champions. (Foto: EFE)\" loading=\"lazy\" width=\"720\" height=\"100\" decoding=\"async\" data-nimg=\"1\" src=\"http:\/\/hoycordobaweb.com\/wp-content\/uploads\/2025\/05\/que-dijo-dembele-a-dias-de-la-final-de-la-champions-2.jpg\"><span class=\"epigraphe\">Dembel\u00e9 quiere la Champions. (Foto: EFE)<\/span><\/div>\n<p><h2><strong>El significado de jugar una final de la Champions League<\/strong><\/h2>\n<\/p>\n<div class=\"custom-text \" readability=\"38\">\n<p>Adem\u00e1s, revel\u00f3 lo que significar\u00e1 estar presente en una final de Champions League: \u00abEn el t\u00fanel antes de entrar a la cancha habr\u00e1 mucha concentraci\u00f3n, pero tambi\u00e9n sonrisas. <strong>Estos son partidos que uno siempre quiere jugar, partidos con los que so\u00f1amos desde ni\u00f1os.<\/strong> Jugar una final de Champions es incre\u00edble. Iremos concentrados pero orgullosos a la vez. Ojal\u00e1 ganemos el partido\u00bb.<\/p>\n<\/div>\n<div class=\"custom-text \" readability=\"39\">\n<p>\u00abJugu\u00e9 nueve a\u00f1os la Champions por ahora, y espero seguir as\u00ed hasta retirarme. <strong>Al ser la mejor competici\u00f3n, uno siempre quiere jugarla.<\/strong> Nunca te acostumbr\u00e1s, especialmente hasta ganarla. Despu\u00e9s, quer\u00e9s ganarla otra vez al a\u00f1o siguiente\u00bb, agreg\u00f3.<\/p>\n<\/div>\n<div class=\"sc-e7b891c4-0 ifHnQL image-embed\"><img alt=\"Luis Enrique cambi\u00f3 al PSG. (Foto EFE)\" loading=\"lazy\" width=\"720\" height=\"100\" decoding=\"async\" data-nimg=\"1\" src=\"http:\/\/hoycordobaweb.com\/wp-content\/uploads\/2025\/05\/que-dijo-dembele-a-dias-de-la-final-de-la-champions-3.jpg\"><span class=\"epigraphe\">Luis Enrique cambi\u00f3 al PSG. (Foto EFE)<\/span><\/div>\n<p><h2><strong>Dembel\u00e9 sobre sus compa\u00f1eros y DT<\/strong><\/h2>\n<\/p>\n<div class=\"custom-text \" readability=\"37\">\n<p>\u00abKvaratskhelia y Dou\u00e9 llegaron y se adaptaron a la manera de jugar muy r\u00e1pido. Realmente disfrutamos jugar juntos. Defender y atacar juntos. <strong>Tenemos hambre de trofeos.<\/strong> Tenemos esa mentalidad ganadora, as\u00ed que nos empujamos el uno al otro.<strong> La competencia entre nosotros es clave para que cada uno de lo mejor de s\u00ed\u00bb<\/strong>, dijo sobre sus compa\u00f1eros de equipo.<\/p>\n<\/div>\n<div class=\"custom-text \" readability=\"33.581081081081\">\n<p>Sobre el cambio que gener\u00f3 la llegada de <a href=\"https:\/\/www.ole.com.ar\/tema\/luis-enrique.html\" title=\"Luis Enrique\" alt=\"Luis Enrique\" class=\"slug\">Luis Enrique<\/a> destac\u00f3: <strong>\u00abLleg\u00f3 con una idea muy clara. Cambi\u00f3 muchas cosas en el equipo y jugadores.<\/strong> La mentalidad tambi\u00e9n cambi\u00f3. Siempre tratamos de dar lo mejor, especialmente con esa ambici\u00f3n de ganar este trofeo por la primera vez para el club\u00bb.<\/p>\n<\/div>\n<div class=\"custom-text \" readability=\"40\">\n<p>\u00abYo tambi\u00e9n cambi\u00e9 mucho, sobre todo en cuanto a mi posici\u00f3n, mi estilo de juego, etc.<strong> Luis Enrique me dio muchos consejos que cambiaron mucho en mi juego.<\/strong> El t\u00e9cnico me da la libertad de moverme por donde quiera en la cancha. No estoy forzado a quedarme de nueve, trato de crear espacios y causar m\u00e1s peligro en el medio\u00bb, a\u00f1adi\u00f3 sobre el progreso en su rendimiento.<\/p>\n<\/div>\n<div class=\"sc-a7166897-0 eoLsBE\" readability=\"6\">\n<section readability=\"2\"><picture><img alt=\"Qu\u00e9 dijo Lautaro Mart\u00ednez a pocos d\u00edas de la final de la Champions\" loading=\"lazy\" width=\"290\" height=\"290\" decoding=\"async\" data-nimg=\"1\" src=\"http:\/\/hoycordobaweb.com\/wp-content\/uploads\/2025\/05\/que-dijo-dembele-a-dias-de-la-final-de-la-champions-4.jpg\"><\/picture>\n<p><span>Mir\u00e1 tambi\u00e9n<\/span><\/p>\n<hr>\n<h3>Qu\u00e9 dijo Lautaro Mart\u00ednez a pocos d\u00edas de la final de la Champions<\/h3>\n<\/p>\n<\/section>\n<\/div>\n<div class=\"sc-a7166897-0 eoLsBE\" readability=\"6\">\n<section readability=\"2\"><picture><img alt=\"\u00bfQu\u00e9 otros argentinos ya han ganado la Conference League?\" loading=\"lazy\" width=\"290\" height=\"290\" decoding=\"async\" data-nimg=\"1\" src=\"http:\/\/hoycordobaweb.com\/wp-content\/uploads\/2025\/05\/que-dijo-dembele-a-dias-de-la-final-de-la-champions-5.jpg\"><\/picture>\n<p><span>Mir\u00e1 tambi\u00e9n<\/span><\/p>\n<hr>\n<h3>\u00bfQu\u00e9 otros argentinos ya han ganado la Conference League?<\/h3>\n<\/p>\n<\/section>\n<\/div>\n<div class=\"sc-a7166897-0 eoLsBE\" readability=\"6\">\n<section readability=\"2\"><picture><img alt=\"La foto de Dibu Mart\u00ednez en Barcelona que encendi\u00f3 los rumores sobre su futuro\" loading=\"lazy\" width=\"290\" height=\"290\" decoding=\"async\" data-nimg=\"1\" src=\"http:\/\/hoycordobaweb.com\/wp-content\/uploads\/2025\/05\/que-dijo-dembele-a-dias-de-la-final-de-la-champions-6.jpg\"><\/picture>\n<p><span>Mir\u00e1 tambi\u00e9n<\/span><\/p>\n<hr>\n<h3>La foto de Dibu Mart\u00ednez en Barcelona que encendi\u00f3 los rumores sobre su futuro<\/h3>\n<\/p>\n<\/section>\n<\/div>\n<\/div>\n","protected":false},"excerpt":{"rendered":"<p>27\/05\/2025 16:11hs. Falta cada vez menos para conocer al nuevo campe\u00f3n de la Champions League. Este s\u00e1bado 31 de mayo, a las 16.00, Par\u00eds Saint Germain e Inter se enfrentar\u00e1n en el partido decisivo del torneo continental. El equipo italaino ir\u00e1 por su cuarta Orejona, mientras que el PSG buscar\u00e1 la primera. En la previa, [&hellip;]<\/p>\n","protected":false},"author":1,"featured_media":106348,"comment_status":"open","ping_status":"closed","sticky":false,"template":"","format":"standard","meta":[],"categories":[16],"tags":[],"_links":{"self":[{"href":"http:\/\/hoycordobaweb.com\/index.php\/wp-json\/wp\/v2\/posts\/106347"}],"collection":[{"href":"http:\/\/hoycordobaweb.com\/index.php\/wp-json\/wp\/v2\/posts"}],"about":[{"href":"http:\/\/hoycordobaweb.com\/index.php\/wp-json\/wp\/v2\/types\/post"}],"author":[{"embeddable":true,"href":"http:\/\/hoycordobaweb.com\/index.php\/wp-json\/wp\/v2\/users\/1"}],"replies":[{"embeddable":true,"href":"http:\/\/hoycordobaweb.com\/index.php\/wp-json\/wp\/v2\/comments?post=106347"}],"version-history":[{"count":0,"href":"http:\/\/hoycordobaweb.com\/index.php\/wp-json\/wp\/v2\/posts\/106347\/revisions"}],"wp:featuredmedia":[{"embeddable":true,"href":"http:\/\/hoycordobaweb.com\/index.php\/wp-json\/wp\/v2\/media\/106348"}],"wp:attachment":[{"href":"http:\/\/hoycordobaweb.com\/index.php\/wp-json\/wp\/v2\/media?parent=106347"}],"wp:term":[{"taxonomy":"category","embeddable":true,"href":"http:\/\/hoycordobaweb.com\/index.php\/wp-json\/wp\/v2\/categories?post=106347"},{"taxonomy":"post_tag","embeddable":true,"href":"http:\/\/hoycordobaweb.com\/index.php\/wp-json\/wp\/v2\/tags?post=106347"}],"curies":[{"name":"wp","href":"https:\/\/api.w.org\/{rel}","templated":true}]}}