{"id":106345,"date":"2025-05-27T20:01:08","date_gmt":"2025-05-27T20:01:08","guid":{"rendered":"https:\/\/www.ole.com.ar\/futbol-internacional\/champions\/champions-league-inter-milan-psg-paris-saint-germain-final_0_pCOGLRFJte.html"},"modified":"2025-05-27T20:01:08","modified_gmt":"2025-05-27T20:01:08","slug":"en-la-previa-de-la-final-entre-inter-y-psg-asi-esta-el-ranking-historico-de-campeones-de-la-champions-league","status":"publish","type":"post","link":"http:\/\/hoycordobaweb.com\/index.php\/2025\/05\/27\/en-la-previa-de-la-final-entre-inter-y-psg-asi-esta-el-ranking-historico-de-campeones-de-la-champions-league\/","title":{"rendered":"En la previa de la final entre Inter y PSG: as\u00ed est\u00e1 el ranking hist\u00f3rico de campeones de la Champions League"},"content":{"rendered":"<p><img src=\"http:\/\/hoycordobaweb.com\/wp-content\/uploads\/2025\/05\/en-la-previa-de-la-final-entre-inter-y-psg-asi-esta-el-ranking-historico-de-campeones-de-la-champions-league.jpg\"><\/p>\n<p><time class=\"createDate\" datetime=\"2025-05-27T17:01:08-03:00\">27\/05\/2025 17:01hs.<\/time><\/p>\n<div id=\"storyBody\">\n<div class=\"custom-text \" readability=\"34.354285714286\">\n<p>La cuenta regresiva para la gran final de la <strong><a href=\"https:\/\/www.ole.com.ar\/tema\/champions-league.html\" title=\"Champions League\" alt=\"Champions League\" class=\"slug\">Champions League <\/a><\/strong>entre Inter y PSG ya est\u00e1 en marcha. Mientras <strong>Par\u00eds busca conquistar por primera vez el t\u00edtulo y el conjunto italiano sue\u00f1a con volver a reinar tras m\u00e1s de una d\u00e9cada,<\/strong> el foco tambi\u00e9n se posa sobre el ranking hist\u00f3rico de campeones del torneo m\u00e1s prestigioso del f\u00fatbol europeo.<\/p>\n<\/div>\n<div class=\"custom-text \" readability=\"36.009523809524\">\n<p><strong><a href=\"https:\/\/www.ole.com.ar\/tema\/real-madrid.html\" title=\"Real Madrid\" alt=\"Real Madrid\" class=\"slug\">Real Madrid <\/a>lidera con amplia ventaja<\/strong> como el club m\u00e1s ganador al haber levantado 17 Orejonas. Por debajo, el Milan (7), Bayern M\u00fanich (6), Liverpool (6), Barcelona (5) y Ajax (4) como los m\u00e1ximos ganadores.<\/p>\n<\/div>\n<div class=\"sc-e7b891c4-0 ifHnQL image-embed\"><img alt=\"Real Madrid levant\u00f3 la Orejona 17 veces. Reuter \" loading=\"lazy\" width=\"720\" height=\"100\" decoding=\"async\" data-nimg=\"1\" src=\"http:\/\/hoycordobaweb.com\/wp-content\/uploads\/2025\/05\/en-la-previa-de-la-final-entre-inter-y-psg-asi-esta-el-ranking-historico-de-campeones-de-la-champions-league-2.jpg\"><span class=\"epigraphe\">Real Madrid levant\u00f3 la Orejona 17 veces. Reuter<br \/>\n<\/span><\/div>\n<div class=\"custom-text \" readability=\"44\">\n<p>Si bien los gigantes hist\u00f3ricos se llevan el ranking, la historia de la Champions tambi\u00e9n est\u00e1 marcada por equipos que, lograron ser parte de la lista. Desde la primera edici\u00f3n en 1955, <strong>un total de 23 clubes de distintas partes de Europa fueron campeones<\/strong>. Entre ellos, el <strong>Inter de Mil\u00e1n (3)<\/strong>, Manchester United (3), Juventus (2), Benfica (2), Nottingham Forest (2), Porto (2) y Chelsea (2).<\/p>\n<\/div>\n<div class=\"custom-text \" readability=\"43\">\n<p>Finalmente, a lo \u00faltimo figuran quienes han tenido la oportunidad de levantar la orejona en una sola ocasi\u00f3n: Celtic, Hamburgo, Steaua Bucarest, Olympique de Marsella, Borussia Dortmund, Feyenoord, Aston Villa, PSV, Estrella Roja y Manchester City.<\/p>\n<\/div>\n<div class=\"sc-e7b891c4-0 ifHnQL image-embed\"><img alt=\"El Inter de Lautaro sue\u00f1a con la cuarta Champions. AP\" loading=\"lazy\" width=\"720\" height=\"100\" decoding=\"async\" data-nimg=\"1\" src=\"http:\/\/hoycordobaweb.com\/wp-content\/uploads\/2025\/05\/en-la-previa-de-la-final-entre-inter-y-psg-asi-esta-el-ranking-historico-de-campeones-de-la-champions-league-3.jpg\"><span class=\"epigraphe\">El Inter de Lautaro sue\u00f1a con la cuarta Champions. AP<\/span><\/div>\n<div class=\"custom-text \" readability=\"35\">\n<p>La final de este a\u00f1o no solo definir\u00e1 al nuevo campe\u00f3n, sino que tambi\u00e9n podr\u00eda alterar la historia grande de la Copa de Europa. <strong>\u00bfSe sumar\u00e1 el PSG por primera vez? \u00bfO el Inter alcanzar\u00e1 su cuarta conquista continental?<\/strong><\/p>\n<\/div>\n<div class=\"sc-e7b891c4-0 ifHnQL image-embed\"><img alt=\"Luis Enrique quiere dar el batacazo. EFE\" loading=\"lazy\" width=\"720\" height=\"100\" decoding=\"async\" data-nimg=\"1\" src=\"http:\/\/hoycordobaweb.com\/wp-content\/uploads\/2025\/05\/en-la-previa-de-la-final-entre-inter-y-psg-asi-esta-el-ranking-historico-de-campeones-de-la-champions-league-4.jpg\"><span class=\"epigraphe\">Luis Enrique quiere dar el batacazo. EFE<\/span><\/div>\n<p><h2>La previa llena de curiosidades&#8230;<\/h2>\n<\/p>\n<div class=\"custom-text \" readability=\"31.339285714286\">\n<p>Mientras <strong><a href=\"https:\/\/www.ole.com.ar\/tema\/luis-enrique.html\" title=\"Luis Enrique\" alt=\"Luis Enrique\" class=\"slug\">Luis Enrique<\/a><\/strong> sue\u00f1a con que el PSG conquiste su primera Champions, el equipo de <strong><a href=\"https:\/\/www.ole.com.ar\/tema\/lautaro-martinez.html\" title=\"Lautaro Mart\u00ednez\" alt=\"Lautaro Mart\u00ednez\" class=\"slug\">Lautaro Mart\u00ednez<\/a><\/strong> se prepara para ir en busca de la cuarta. A continuaci\u00f3n, te dejamos algunos datos para vivir la previa de la final.<\/p>\n<\/div>\n<div class=\"custom-text \" readability=\"37\">\n<p>La misma se jugar\u00e1 en el Allianz Arena de M\u00fanich, la casa del Bayern, y, entre dos curiosidades, se puede advertir primero que <strong>la ciudad trae un dato que ilusiona al equipo parisino.<\/strong><\/p>\n<\/div>\n<div class=\"custom-text \" readability=\"35\">\n<p><strong>\u00bfQu\u00e9 detalle particular tiene M\u00fanich? <\/strong>En las cuatro finales previas disputadas all\u00ed siempre gan\u00f3 un club que se consagraba por primera vez. En este caso, es <strong>el PSG el que se ilusiona con poder obtener su primera Champions.<\/strong><\/p>\n<\/div>\n<div class=\"custom-text \" readability=\"36\">\n<p>Otra particularidad de esta final es que tanto el <strong>PSG y el Inter se cruzaron en amistosos pero nunca en un partido oficial. Su primer encuentro oficial<\/strong> ser\u00e1, entonces, en la final programada para el 31 de mayo en Alemania.<\/p>\n<\/div>\n<div class=\"sc-e7b891c4-0 ifHnQL image-embed\"><img alt=\"El Allianz Arena de M\u00fanich ser\u00e1 el escenario de la final. EFE\" loading=\"lazy\" width=\"720\" height=\"100\" decoding=\"async\" data-nimg=\"1\" src=\"http:\/\/hoycordobaweb.com\/wp-content\/uploads\/2025\/05\/en-la-previa-de-la-final-entre-inter-y-psg-asi-esta-el-ranking-historico-de-campeones-de-la-champions-league-5.jpg\"><span class=\"epigraphe\">El Allianz Arena de M\u00fanich ser\u00e1 el escenario de la final. EFE<\/span><\/div>\n<div class=\"custom-text \" readability=\"34\">\n<p>Lo \u00fanico que queda es<strong> esperar al 31 de mayo. <\/strong>En busca de la gran conquista y de levantar la Champions, Inter y PSG se ver\u00e1n las caras para definir qui\u00e9n es el nuevo campe\u00f3n a final de mes.<\/p>\n<\/div>\n<div class=\"sc-a7166897-0 eoLsBE\" readability=\"6\">\n<section readability=\"2\"><picture><img alt=\"Qu\u00e9 dijo Lautaro Mart\u00ednez a pocos d\u00edas de la final de la Champions\" loading=\"lazy\" width=\"290\" height=\"290\" decoding=\"async\" data-nimg=\"1\" src=\"http:\/\/hoycordobaweb.com\/wp-content\/uploads\/2025\/05\/en-la-previa-de-la-final-entre-inter-y-psg-asi-esta-el-ranking-historico-de-campeones-de-la-champions-league-6.jpg\"><\/picture>\n<p><span>Mir\u00e1 tambi\u00e9n<\/span><\/p>\n<hr>\n<h3>Qu\u00e9 dijo Lautaro Mart\u00ednez a pocos d\u00edas de la final de la Champions<\/h3>\n<\/p>\n<\/section>\n<\/div>\n<div class=\"sc-a7166897-0 eoLsBE\" readability=\"6\">\n<section readability=\"2\"><picture><img alt=\"Qui\u00e9nes son los argentinos que entrar\u00e1n con la Orejona a la final de la Champions \" loading=\"lazy\" width=\"290\" height=\"290\" decoding=\"async\" data-nimg=\"1\" src=\"http:\/\/hoycordobaweb.com\/wp-content\/uploads\/2025\/05\/en-la-previa-de-la-final-entre-inter-y-psg-asi-esta-el-ranking-historico-de-campeones-de-la-champions-league-7.jpg\"><\/picture>\n<p><span>Mir\u00e1 tambi\u00e9n<\/span><\/p>\n<hr>\n<h3>Qui\u00e9nes son los argentinos que entrar\u00e1n con la Orejona a la final de la Champions<br \/>\n<\/h3>\n<\/p>\n<\/section>\n<\/div>\n<div class=\"sc-a7166897-0 eoLsBE\" readability=\"6\">\n<section readability=\"2\"><picture><img alt=\"La buena noticia que recibi\u00f3 el PSG en la previa de la final de la Champions\" loading=\"lazy\" width=\"290\" height=\"290\" decoding=\"async\" data-nimg=\"1\" src=\"http:\/\/hoycordobaweb.com\/wp-content\/uploads\/2025\/05\/en-la-previa-de-la-final-entre-inter-y-psg-asi-esta-el-ranking-historico-de-campeones-de-la-champions-league-8.jpg\"><\/picture>\n<p><span>Mir\u00e1 tambi\u00e9n<\/span><\/p>\n<hr>\n<h3>La buena noticia que recibi\u00f3 el PSG en la previa de la final de la Champions<\/h3>\n<\/p>\n<\/section>\n<\/div>\n<\/div>\n","protected":false},"excerpt":{"rendered":"<p>27\/05\/2025 17:01hs. La cuenta regresiva para la gran final de la Champions League entre Inter y PSG ya est\u00e1 en marcha. Mientras Par\u00eds busca conquistar por primera vez el t\u00edtulo y el conjunto italiano sue\u00f1a con volver a reinar tras m\u00e1s de una d\u00e9cada, el foco tambi\u00e9n se posa sobre el ranking hist\u00f3rico de campeones [&hellip;]<\/p>\n","protected":false},"author":1,"featured_media":106346,"comment_status":"open","ping_status":"closed","sticky":false,"template":"","format":"standard","meta":[],"categories":[16],"tags":[],"_links":{"self":[{"href":"http:\/\/hoycordobaweb.com\/index.php\/wp-json\/wp\/v2\/posts\/106345"}],"collection":[{"href":"http:\/\/hoycordobaweb.com\/index.php\/wp-json\/wp\/v2\/posts"}],"about":[{"href":"http:\/\/hoycordobaweb.com\/index.php\/wp-json\/wp\/v2\/types\/post"}],"author":[{"embeddable":true,"href":"http:\/\/hoycordobaweb.com\/index.php\/wp-json\/wp\/v2\/users\/1"}],"replies":[{"embeddable":true,"href":"http:\/\/hoycordobaweb.com\/index.php\/wp-json\/wp\/v2\/comments?post=106345"}],"version-history":[{"count":0,"href":"http:\/\/hoycordobaweb.com\/index.php\/wp-json\/wp\/v2\/posts\/106345\/revisions"}],"wp:featuredmedia":[{"embeddable":true,"href":"http:\/\/hoycordobaweb.com\/index.php\/wp-json\/wp\/v2\/media\/106346"}],"wp:attachment":[{"href":"http:\/\/hoycordobaweb.com\/index.php\/wp-json\/wp\/v2\/media?parent=106345"}],"wp:term":[{"taxonomy":"category","embeddable":true,"href":"http:\/\/hoycordobaweb.com\/index.php\/wp-json\/wp\/v2\/categories?post=106345"},{"taxonomy":"post_tag","embeddable":true,"href":"http:\/\/hoycordobaweb.com\/index.php\/wp-json\/wp\/v2\/tags?post=106345"}],"curies":[{"name":"wp","href":"https:\/\/api.w.org\/{rel}","templated":true}]}}