{"id":106331,"date":"2025-05-27T19:47:46","date_gmt":"2025-05-27T19:47:46","guid":{"rendered":"http:\/\/hoycordobaweb.com\/index.php\/2025\/05\/27\/fallecio-juan-ramon-la-bruja-veron-leyenda-del-futbol-argentino-y-campeon-con-el-junior\/"},"modified":"2025-05-27T19:47:46","modified_gmt":"2025-05-27T19:47:46","slug":"fallecio-juan-ramon-la-bruja-veron-leyenda-del-futbol-argentino-y-campeon-con-el-junior","status":"publish","type":"post","link":"http:\/\/hoycordobaweb.com\/index.php\/2025\/05\/27\/fallecio-juan-ramon-la-bruja-veron-leyenda-del-futbol-argentino-y-campeon-con-el-junior\/","title":{"rendered":"Falleci\u00f3 Juan Ram\u00f3n &#039;La Bruja&#039; Ver\u00f3n, leyenda del <b>f\u00fatbol argentino<\/b> y campe\u00f3n con el Junior"},"content":{"rendered":"<p>Triste noticia que enluta al <b>f\u00fatbol argentino<\/b> por el fallecimiento de Juan Ram\u00f3n &#39;La Bruja&#39; Ver\u00f3n, quien adem\u00e1s dej\u00f3 un legado en el f\u00fatbol&nbsp;&#8230; <\/p>\n","protected":false},"excerpt":{"rendered":"<p>Triste noticia que enluta al f\u00fatbol argentino por el fallecimiento de Juan Ram\u00f3n &#39;La Bruja&#39; Ver\u00f3n, quien adem\u00e1s dej\u00f3 un legado en el f\u00fatbol&nbsp;&#8230;<\/p>\n","protected":false},"author":1,"featured_media":0,"comment_status":"closed","ping_status":"closed","sticky":false,"template":"","format":"standard","meta":[],"categories":[22],"tags":[],"_links":{"self":[{"href":"http:\/\/hoycordobaweb.com\/index.php\/wp-json\/wp\/v2\/posts\/106331"}],"collection":[{"href":"http:\/\/hoycordobaweb.com\/index.php\/wp-json\/wp\/v2\/posts"}],"about":[{"href":"http:\/\/hoycordobaweb.com\/index.php\/wp-json\/wp\/v2\/types\/post"}],"author":[{"embeddable":true,"href":"http:\/\/hoycordobaweb.com\/index.php\/wp-json\/wp\/v2\/users\/1"}],"replies":[{"embeddable":true,"href":"http:\/\/hoycordobaweb.com\/index.php\/wp-json\/wp\/v2\/comments?post=106331"}],"version-history":[{"count":0,"href":"http:\/\/hoycordobaweb.com\/index.php\/wp-json\/wp\/v2\/posts\/106331\/revisions"}],"wp:attachment":[{"href":"http:\/\/hoycordobaweb.com\/index.php\/wp-json\/wp\/v2\/media?parent=106331"}],"wp:term":[{"taxonomy":"category","embeddable":true,"href":"http:\/\/hoycordobaweb.com\/index.php\/wp-json\/wp\/v2\/categories?post=106331"},{"taxonomy":"post_tag","embeddable":true,"href":"http:\/\/hoycordobaweb.com\/index.php\/wp-json\/wp\/v2\/tags?post=106331"}],"curies":[{"name":"wp","href":"https:\/\/api.w.org\/{rel}","templated":true}]}}