{"id":106330,"date":"2025-05-27T20:10:32","date_gmt":"2025-05-27T20:10:32","guid":{"rendered":"http:\/\/hoycordobaweb.com\/index.php\/2025\/05\/27\/luto-en-el-futbol-argentino-murio-la-bruja-veron-leyenda-de-estudiantes-de-la-plata\/"},"modified":"2025-05-27T20:10:32","modified_gmt":"2025-05-27T20:10:32","slug":"luto-en-el-futbol-argentino-murio-la-bruja-veron-leyenda-de-estudiantes-de-la-plata","status":"publish","type":"post","link":"http:\/\/hoycordobaweb.com\/index.php\/2025\/05\/27\/luto-en-el-futbol-argentino-murio-la-bruja-veron-leyenda-de-estudiantes-de-la-plata\/","title":{"rendered":"Luto en el <b>f\u00fatbol argentino<\/b>: muri\u00f3 &#039;La Bruja&#039; Ver\u00f3n, leyenda de Estudiantes de La Plata"},"content":{"rendered":"<p>El padre de &#39;La Brujita&#39; Ver\u00f3n fue &quot;protagonista central de la \u00e9poca m\u00e1s gloriosa de Estudiantes&quot;, resalt\u00f3 el club platense en un comunicado. <\/p>\n","protected":false},"excerpt":{"rendered":"<p>El padre de &#39;La Brujita&#39; Ver\u00f3n fue &quot;protagonista central de la \u00e9poca m\u00e1s gloriosa de Estudiantes&quot;, resalt\u00f3 el club platense en un comunicado.<\/p>\n","protected":false},"author":1,"featured_media":0,"comment_status":"closed","ping_status":"closed","sticky":false,"template":"","format":"standard","meta":[],"categories":[22],"tags":[],"_links":{"self":[{"href":"http:\/\/hoycordobaweb.com\/index.php\/wp-json\/wp\/v2\/posts\/106330"}],"collection":[{"href":"http:\/\/hoycordobaweb.com\/index.php\/wp-json\/wp\/v2\/posts"}],"about":[{"href":"http:\/\/hoycordobaweb.com\/index.php\/wp-json\/wp\/v2\/types\/post"}],"author":[{"embeddable":true,"href":"http:\/\/hoycordobaweb.com\/index.php\/wp-json\/wp\/v2\/users\/1"}],"replies":[{"embeddable":true,"href":"http:\/\/hoycordobaweb.com\/index.php\/wp-json\/wp\/v2\/comments?post=106330"}],"version-history":[{"count":0,"href":"http:\/\/hoycordobaweb.com\/index.php\/wp-json\/wp\/v2\/posts\/106330\/revisions"}],"wp:attachment":[{"href":"http:\/\/hoycordobaweb.com\/index.php\/wp-json\/wp\/v2\/media?parent=106330"}],"wp:term":[{"taxonomy":"category","embeddable":true,"href":"http:\/\/hoycordobaweb.com\/index.php\/wp-json\/wp\/v2\/categories?post=106330"},{"taxonomy":"post_tag","embeddable":true,"href":"http:\/\/hoycordobaweb.com\/index.php\/wp-json\/wp\/v2\/tags?post=106330"}],"curies":[{"name":"wp","href":"https:\/\/api.w.org\/{rel}","templated":true}]}}