{"id":106241,"date":"2025-05-26T20:42:43","date_gmt":"2025-05-26T20:42:43","guid":{"rendered":"https:\/\/www.ole.com.ar\/independiente\/independiente-copa-argentina_0_Aa7wruXzYn.html"},"modified":"2025-05-26T20:42:43","modified_gmt":"2025-05-26T20:42:43","slug":"el-cambio-en-el-calendario-de-independiente","status":"publish","type":"post","link":"http:\/\/hoycordobaweb.com\/index.php\/2025\/05\/26\/el-cambio-en-el-calendario-de-independiente\/","title":{"rendered":"El cambio en el calendario de Independiente"},"content":{"rendered":"<p><img src=\"http:\/\/hoycordobaweb.com\/wp-content\/uploads\/2025\/05\/el-cambio-en-el-calendario-de-independiente.jpg\"><\/p>\n<p><time class=\"createDate\" datetime=\"2025-05-26T17:42:43-03:00\">26\/05\/2025 17:42hs.<\/time><\/p>\n<div id=\"storyBody\">\n<div class=\"custom-text \" readability=\"34.106261859583\">\n<p>Los planes que ten\u00eda <a href=\"https:\/\/www.ole.com.ar\/tema\/club-atletico-independiente.html\" title=\"Club Atl\u00e9tico Independiente\" alt=\"Club Atl\u00e9tico Independiente\" class=\"slug\">Independiente <\/a>para la recta final del semestre de competencia se modificaron en las \u00faltimas horas. Luego de la dur\u00edsima derrota por penales contra <a href=\"https:\/\/www.ole.com.ar\/tema\/huracan.html\" title=\"Hurac\u00e1n\" alt=\"Hurac\u00e1n\" class=\"slug\">Hurac\u00e1n <\/a>por la semifinal del Torneo Apertura, el equipo deb\u00eda afrontar dos encuentros antes de iniciar un breve per\u00edodo de vacaciones. Sin embargo, la situaci\u00f3n se modific\u00f3 ya que <strong>el cruce frente a <a href=\"https:\/\/www.ole.com.ar\/tema\/gimnasia-de-mendoza.html\" title=\"Gimnasia de Mendoza\" alt=\"Gimnasia de Mendoza\" class=\"slug\">Gimnasia de Mendoza<\/a><\/strong>, por los 16avos de final de la <a href=\"https:\/\/www.ole.com.ar\/tema\/copa-argentina.html\" title=\"Copa Argentina\" alt=\"Copa Argentina\" class=\"slug\">Copa Argentina<\/a> <strong>no se disputar\u00e1 en la fecha que estaba prevista <\/strong>y se pasar\u00e1 para el segundo semestre.<\/p>\n<\/div>\n<p><h2>A dar vuelta la pagina<\/h2>\n<\/p>\n<div class=\"custom-text \" readability=\"33.453038674033\">\n<p>El Rojo estuvo a un paso de alcanzar la final del campeonato de la <a href=\"https:\/\/www.ole.com.ar\/tema\/liga-profesional.html\" title=\"Liga Profesional\" alt=\"Liga Profesional\" class=\"slug\">Liga Profesional<\/a> y de cortar una larga sequ\u00eda de casi 23 a\u00f1os sin t\u00edtulos locales. Esa cercan\u00eda con la gloria intensific\u00f3 la frustraci\u00f3n y el dolor por haber quedado en la puerta de un logro tan esperado por su gente y por un plantel que ten\u00eda una enorme ilusi\u00f3n de consagrarse campe\u00f3n.<\/p>\n<\/div>\n<div class=\"custom-text \" readability=\"34.837587006961\">\n<p>A pesar del golpazo, <a href=\"https:\/\/www.ole.com.ar\/tema\/club-atletico-independiente.html\" title=\"Club Atl\u00e9tico Independiente\" alt=\"Club Atl\u00e9tico Independiente\" class=\"slug\">Independiente <\/a>debe dar vuelta la p\u00e1gina, hacer borr\u00f3n y cuenta nueva, y mentalizarse en un calendario que no da respiro. Este mi\u00e9rcoles tendr\u00e1 una nueva oportunidad para cambiar el chip y recuperarse del tropez\u00f3n. <strong>El Rojo tendr\u00e1 un duelo clave por la <a href=\"https:\/\/www.ole.com.ar\/tema\/copa-sudamericana.html\" title=\"Copa Sudamericana\" alt=\"Copa Sudamericana\" class=\"slug\">Copa Sudamericana<\/a> ante <a href=\"https:\/\/www.ole.com.ar\/tema\/nacional-potosi.html\" title=\"Nacional Potos\u00ed\" alt=\"Nacional Potos\u00ed\" class=\"slug\">Nacional Potos\u00ed<\/a>.<\/strong> Un encuentro que puede marcar un nuevo punto de inflexi\u00f3n, ya que definir\u00e1 su futuro inmediato en el certamen.<\/p>\n<\/div>\n<div class=\"custom-text \" readability=\"34.423398328691\">\n<p><strong>Independiente est\u00e1 obligado a conseguir los tres puntos si quiere asegurarse el primer puesto del grupo<\/strong> y evitar cualquier tipo de especulaci\u00f3n. Ganar le garantiza la clasificaci\u00f3n directa a los octavos de final, sin depender del resultado de <a href=\"https:\/\/www.ole.com.ar\/tema\/guarani.html\" title=\"Guaran\u00ed\" alt=\"Guaran\u00ed\" class=\"slug\">Guaran\u00ed<\/a>, y le permitir\u00eda adem\u00e1s esquivar el repechaje contra los equipos que bajan desde la <a href=\"https:\/\/www.ole.com.ar\/tema\/copa-libertadores.html\" title=\"Copa Libertadores\" alt=\"Copa Libertadores\" class=\"slug\">Copa Libertadores<\/a>.<\/p>\n<\/div>\n<p><h2>El cambio de fecha<\/h2>\n<\/p>\n<div class=\"custom-text \" readability=\"35.870206489676\">\n<p>Un poco m\u00e1s all\u00e1, <strong>el equipo ten\u00eda en agenda el choque con <a href=\"https:\/\/www.ole.com.ar\/tema\/gimnasia-de-mendoza.html\" title=\"Gimnasia de Mendoza\" alt=\"Gimnasia de Mendoza\" class=\"slug\">Gimnasia de Mendoza<\/a>, el cual estaba estipulado para el mi\u00e9rcoles 4 de junio.<\/strong> Y si bien todav\u00eda la fecha no fue oficializada por la organizaci\u00f3n de la Copa Argentina, <strong>el partido se jugar\u00e1 una vez que se reanude la competencia de la Liga Profesional tras el Mundial de Clubes.<\/strong><\/p>\n<\/div>\n<div class=\"custom-text \" readability=\"34.787081339713\">\n<p>Uno de los motivos de la modificaci\u00f3n se dio por el duelo postergado que el Lobo tendr\u00e1 el domingo 8 de junio ante <a href=\"https:\/\/www.ole.com.ar\/tema\/san-telmo.html\" title=\"San Telmo\" alt=\"San Telmo\" class=\"slug\">San Telmo<\/a> en la Isla Maciel. Ese encuentro corresponde a la fecha 15 de la <a href=\"https:\/\/www.ole.com.ar\/tema\/primera-nacional.html\" title=\"Primera Nacional\" alt=\"Primera Nacional\" class=\"slug\">Primera Nacional<\/a>, que qued\u00f3 postergado por el temporal que afect\u00f3 la semana pasada al AMBA. <strong>Con la nueva fecha ya confirmada y un calendario complejo, ambos clubes coincidieron en la necesidad de aplazar los 16avos de final.<\/strong><\/p>\n<\/div>\n<div class=\"custom-text \" readability=\"37\">\n<p>De esta manera, <strong>el cierre del semestre de Independiente ser\u00e1 este mi\u00e9rcoles en el Libertadores de Am\u00e9rica-Ricardo Enrique Bochini<\/strong>, donde se reencontrar\u00e1 con su gente despu\u00e9s de la eliminaci\u00f3n con el Globo y ante la necesidad de vencer al equipo boliviano para asegurarse el primer puesto de la zona.<\/p>\n<\/div>\n<div class=\"sc-a7166897-0 eoLsBE\" readability=\"6.5\">\n<section readability=\"3\"><picture><img alt=\"Locura en Liverpool: un auto atropell\u00f3 a hinchas en medio de los festejos de los Reds \" loading=\"lazy\" width=\"290\" height=\"290\" decoding=\"async\" data-nimg=\"1\" src=\"http:\/\/hoycordobaweb.com\/wp-content\/uploads\/2025\/05\/el-cambio-en-el-calendario-de-independiente-2.jpg\"><\/picture>\n<p><span>Mir\u00e1 tambi\u00e9n<\/span><\/p>\n<hr>\n<h3>Locura en Liverpool: un auto atropell\u00f3 a hinchas en medio de los festejos de los Reds <\/h3>\n<\/p>\n<\/section>\n<\/div>\n<div class=\"sc-a7166897-0 eoLsBE\" readability=\"6.5\">\n<section readability=\"3\"><picture><img alt=\"Los dos jugadores clave de River que podr\u00edan perderse los octavos de la Copa si son amonestados\" loading=\"lazy\" width=\"290\" height=\"290\" decoding=\"async\" data-nimg=\"1\" src=\"http:\/\/hoycordobaweb.com\/wp-content\/uploads\/2025\/05\/el-cambio-en-el-calendario-de-independiente-3.jpg\"><\/picture>\n<p><span>Mir\u00e1 tambi\u00e9n<\/span><\/p>\n<hr>\n<h3>Los dos jugadores clave de River que podr\u00edan perderse los octavos de la Copa si son amonestados<\/h3>\n<\/p>\n<\/section>\n<\/div>\n<div class=\"sc-a7166897-0 eoLsBE\" readability=\"6\">\n<section readability=\"2\"><picture><img alt=\"Por qu\u00e9 es tan atractivo jugar el Mundial de F\u00fatbol Amateur en R\u00edo\" loading=\"lazy\" width=\"290\" height=\"290\" decoding=\"async\" data-nimg=\"1\" src=\"http:\/\/hoycordobaweb.com\/wp-content\/uploads\/2025\/05\/el-cambio-en-el-calendario-de-independiente-4.jpg\"><\/picture>\n<p><span>Mir\u00e1 tambi\u00e9n<\/span><\/p>\n<hr>\n<h3>Por qu\u00e9 es tan atractivo jugar el Mundial de F\u00fatbol Amateur en R\u00edo<\/h3>\n<\/p>\n<\/section>\n<\/div>\n<\/div>\n","protected":false},"excerpt":{"rendered":"<p>26\/05\/2025 17:42hs. Los planes que ten\u00eda Independiente para la recta final del semestre de competencia se modificaron en las \u00faltimas horas. Luego de la dur\u00edsima derrota por penales contra Hurac\u00e1n por la semifinal del Torneo Apertura, el equipo deb\u00eda afrontar dos encuentros antes de iniciar un breve per\u00edodo de vacaciones. Sin embargo, la situaci\u00f3n se [&hellip;]<\/p>\n","protected":false},"author":1,"featured_media":106242,"comment_status":"open","ping_status":"closed","sticky":false,"template":"","format":"standard","meta":[],"categories":[16],"tags":[],"_links":{"self":[{"href":"http:\/\/hoycordobaweb.com\/index.php\/wp-json\/wp\/v2\/posts\/106241"}],"collection":[{"href":"http:\/\/hoycordobaweb.com\/index.php\/wp-json\/wp\/v2\/posts"}],"about":[{"href":"http:\/\/hoycordobaweb.com\/index.php\/wp-json\/wp\/v2\/types\/post"}],"author":[{"embeddable":true,"href":"http:\/\/hoycordobaweb.com\/index.php\/wp-json\/wp\/v2\/users\/1"}],"replies":[{"embeddable":true,"href":"http:\/\/hoycordobaweb.com\/index.php\/wp-json\/wp\/v2\/comments?post=106241"}],"version-history":[{"count":0,"href":"http:\/\/hoycordobaweb.com\/index.php\/wp-json\/wp\/v2\/posts\/106241\/revisions"}],"wp:featuredmedia":[{"embeddable":true,"href":"http:\/\/hoycordobaweb.com\/index.php\/wp-json\/wp\/v2\/media\/106242"}],"wp:attachment":[{"href":"http:\/\/hoycordobaweb.com\/index.php\/wp-json\/wp\/v2\/media?parent=106241"}],"wp:term":[{"taxonomy":"category","embeddable":true,"href":"http:\/\/hoycordobaweb.com\/index.php\/wp-json\/wp\/v2\/categories?post=106241"},{"taxonomy":"post_tag","embeddable":true,"href":"http:\/\/hoycordobaweb.com\/index.php\/wp-json\/wp\/v2\/tags?post=106241"}],"curies":[{"name":"wp","href":"https:\/\/api.w.org\/{rel}","templated":true}]}}