{"id":106152,"date":"2025-05-25T19:13:06","date_gmt":"2025-05-25T19:13:06","guid":{"rendered":"https:\/\/www.ole.com.ar\/futbol-internacional\/benfica-campeon-copa-portugal-angel-di-maria-otamendi-boca-mundial-clubes_0_JhSFPLsSZE.html"},"modified":"2025-05-25T19:13:06","modified_gmt":"2025-05-25T19:13:06","slug":"a-dias-de-enfrentar-a-boca-en-el-mundial-de-clubes-el-benfica-perdio-la-final-de-la-copa-de-portugal-y-fideo-se-despidio-del-futbol-portugues","status":"publish","type":"post","link":"http:\/\/hoycordobaweb.com\/index.php\/2025\/05\/25\/a-dias-de-enfrentar-a-boca-en-el-mundial-de-clubes-el-benfica-perdio-la-final-de-la-copa-de-portugal-y-fideo-se-despidio-del-futbol-portugues\/","title":{"rendered":"A d\u00edas de enfrentar a Boca en el Mundial de Clubes, el Benfica perdi\u00f3 la final de la Copa de Portugal y Fideo se despidi\u00f3 del f\u00fatbol portugu\u00e9s"},"content":{"rendered":"<p><img src=\"http:\/\/hoycordobaweb.com\/wp-content\/uploads\/2025\/05\/a-dias-de-enfrentar-a-boca-en-el-mundial-de-clubes-el-benfica-perdio-la-final-de-la-copa-de-portugal-y-fideo-se-despidio-del-futbol-portugues.jpg\"><\/p>\n<p><span class=\"createDate\">25\/05\/2025 16:13hs.<\/span><time class=\"modificatedDate\" datetime=\"2025-05-25T16:16:48-03:00\"> Actualizado al 25\/05\/2025 16:16hs.<\/time><\/p>\n<div id=\"storyBody\">\n<div class=\"custom-text \" readability=\"29.968454258675\">\n<p>Con el <strong><a href=\"https:\/\/www.ole.com.ar\/tema\/mundial-de-clubes.html\" target=\"_blank\" title=\"Mundial de Clubes\" alt=\"Mundial de Clubes\" rel=\"noopener noreferrer\">Mundial de Clubes<\/a><\/strong> a la vuelta de la esquina, el <strong><a href=\"https:\/\/www.ole.com.ar\/tema\/benfica.html\" target=\"_blank\" title=\"Benfica\" alt=\"Benfica\" rel=\"noopener noreferrer\">Benfica<\/a> <\/strong>quiso dar el golpe en la final de la Copa de Portugal. Sin embargo, con <strong><a href=\"https:\/\/www.ole.com.ar\/tema\/angel-di-maria.html\" target=\"_blank\" title=\"\u00c1ngel Di Mar\u00eda\" alt=\"\u00c1ngel Di Mar\u00eda\" rel=\"noopener noreferrer\">\u00c1ngel Di Mar\u00eda<\/a><\/strong> (quien ingres\u00f3 en el alargue) y <strong><a href=\"https:\/\/www.ole.com.ar\/tema\/nicolas-otamendi.html\" target=\"_blank\" title=\"Nicol\u00e1s Otamendi\" alt=\"Nicol\u00e1s Otamendi\" rel=\"noopener noreferrer\">Nicol\u00e1s Otamendi<\/a><\/strong>, los dirigidos por <strong><a href=\"https:\/\/www.ole.com.ar\/tema\/bruno-lage.html\" target=\"_blank\" title=\"Bruno Lage\" alt=\"Bruno Lage\" rel=\"noopener noreferrer\">Bruno Lage<\/a><\/strong> cayeron 2-1 frente al <strong>Sporting Lisboa<\/strong> antes de enfrentar a <strong>Boca <\/strong>en el gran certamen. <\/p>\n<\/div>\n<div class=\"custom-text \" readability=\"39\">\n<p>Aunque abrieron el marcador a los 47 minutos de la mano de <strong>Orkun Kokcu<\/strong>, Las \u00c1guilas perdieron el encuentro sobre la hora. Con un gol en el tiempo agregado, el rival volvi\u00f3 a ponerse en competencia, empat\u00f3 y llev\u00f3 la definici\u00f3n hasta la pr\u00f3rroga, donde finalmente lo dio vuelta con otros dos tantos.<\/p>\n<\/div>\n<div class=\"sc-e7b891c4-0 ifHnQL image-embed\"><img alt=\"Sporting Lisboa lo dio vuelta sobre el final. (REUTER)\" loading=\"lazy\" width=\"720\" height=\"100\" decoding=\"async\" data-nimg=\"1\" src=\"http:\/\/hoycordobaweb.com\/wp-content\/uploads\/2025\/05\/a-dias-de-enfrentar-a-boca-en-el-mundial-de-clubes-el-benfica-perdio-la-final-de-la-copa-de-portugal-y-fideo-se-despidio-del-futbol-portugues-2.jpg\"><span class=\"epigraphe\">Sporting Lisboa lo dio vuelta sobre el final. (REUTER)<\/span><\/div>\n<div class=\"custom-text \" readability=\"34\">\n<p>De esta manera, el equipo de los argentinos (que es el m\u00e1s ganador de la historia en esta competencia) se qued\u00f3 con las ganas de celebrar la obtenci\u00f3n de una nueva estrella.<\/p>\n<\/div>\n<p><h2>El calendario de Boca en el Mundial de Clubes: cu\u00e1ndo chocar\u00e1 con el Benfica campe\u00f3n y c\u00f3mo seguir\u00e1 su fixture<\/h2>\n<\/p>\n<div class=\"custom-text \" readability=\"40\">\n<p><strong>Boca <\/strong>har\u00e1 su debut en el Grupo C ante el <strong>Benfica <\/strong>de <strong>Nicol\u00e1s Otamendi<\/strong> y <strong>\u00c1ngel Di Mar\u00eda<\/strong> el lunes 16 de junio desde las 20:00 (hora argentina), en el Hard Rock Stadium de Miami. Luego, su pr\u00f3ximo compromiso ser\u00e1 ante el gigante alem\u00e1n, el Bayern Munich, al que enfrentar\u00e1 el viernes 20 del mismo mes a las 23:00, en el mismo estadio.<\/p>\n<\/div>\n<div class=\"custom-text \" readability=\"35\">\n<p>Por \u00faltimo, el Xeneize cerrar\u00e1 la fase de grupos ante el <strong>Auckland City <\/strong>de Nueva Zelanda, elenco con el que se medir\u00e1 el martes 24 de junio a las 17:00 horas en el Geodis Park de Nashville.<\/p>\n<\/div>\n<div class=\"sc-a7166897-0 eoLsBE\" readability=\"7\">\n<section readability=\"4\"><picture><img alt=\"No tiembla, late: el ranking de los partidos con m\u00e1s p\u00fablico en la Bombonera y otras marcas\" loading=\"lazy\" width=\"290\" height=\"290\" decoding=\"async\" data-nimg=\"1\" src=\"http:\/\/hoycordobaweb.com\/wp-content\/uploads\/2025\/05\/a-dias-de-enfrentar-a-boca-en-el-mundial-de-clubes-el-benfica-perdio-la-final-de-la-copa-de-portugal-y-fideo-se-despidio-del-futbol-portugues-3.jpg\"><\/picture>\n<p><span>Mir\u00e1 tambi\u00e9n<\/span><\/p>\n<hr>\n<h3>No tiembla, late: el ranking de los partidos con m\u00e1s p\u00fablico en la Bombonera y otras marcas<\/h3>\n<\/p>\n<\/section>\n<\/div>\n<div class=\"sc-a7166897-0 eoLsBE\" readability=\"6.5\">\n<section readability=\"3\"><picture><img alt=\"Unai Emery, al rojo vivo: el enojo del DT del Dibu en Aston Villa con los \u00e1rbitros\" loading=\"lazy\" width=\"290\" height=\"290\" decoding=\"async\" data-nimg=\"1\" src=\"http:\/\/hoycordobaweb.com\/wp-content\/uploads\/2025\/05\/a-dias-de-enfrentar-a-boca-en-el-mundial-de-clubes-el-benfica-perdio-la-final-de-la-copa-de-portugal-y-fideo-se-despidio-del-futbol-portugues-4.jpg\"><\/picture>\n<p><span>Mir\u00e1 tambi\u00e9n<\/span><\/p>\n<hr>\n<h3>Unai Emery, al rojo vivo: el enojo del DT del Dibu en Aston Villa con los \u00e1rbitros<\/h3>\n<\/p>\n<\/section>\n<\/div>\n<div class=\"sc-a7166897-0 eoLsBE\" readability=\"6.5\">\n<section readability=\"3\"><picture><img alt=\"Boca, expectante por la semifinal de San Lorenzo y el futuro de Russo\" loading=\"lazy\" width=\"290\" height=\"290\" decoding=\"async\" data-nimg=\"1\" src=\"http:\/\/hoycordobaweb.com\/wp-content\/uploads\/2025\/05\/a-dias-de-enfrentar-a-boca-en-el-mundial-de-clubes-el-benfica-perdio-la-final-de-la-copa-de-portugal-y-fideo-se-despidio-del-futbol-portugues-5.jpg\"><\/picture>\n<p><span>Mir\u00e1 tambi\u00e9n<\/span><\/p>\n<hr>\n<h3>Boca, expectante por la semifinal de San Lorenzo y el futuro de Russo<\/h3>\n<\/p>\n<\/section>\n<\/div>\n<\/div>\n","protected":false},"excerpt":{"rendered":"<p>25\/05\/2025 16:13hs. Actualizado al 25\/05\/2025 16:16hs. Con el Mundial de Clubes a la vuelta de la esquina, el Benfica quiso dar el golpe en la final de la Copa de Portugal. Sin embargo, con \u00c1ngel Di Mar\u00eda (quien ingres\u00f3 en el alargue) y Nicol\u00e1s Otamendi, los dirigidos por Bruno Lage cayeron 2-1 frente al Sporting [&hellip;]<\/p>\n","protected":false},"author":1,"featured_media":106153,"comment_status":"open","ping_status":"closed","sticky":false,"template":"","format":"standard","meta":[],"categories":[16],"tags":[],"_links":{"self":[{"href":"http:\/\/hoycordobaweb.com\/index.php\/wp-json\/wp\/v2\/posts\/106152"}],"collection":[{"href":"http:\/\/hoycordobaweb.com\/index.php\/wp-json\/wp\/v2\/posts"}],"about":[{"href":"http:\/\/hoycordobaweb.com\/index.php\/wp-json\/wp\/v2\/types\/post"}],"author":[{"embeddable":true,"href":"http:\/\/hoycordobaweb.com\/index.php\/wp-json\/wp\/v2\/users\/1"}],"replies":[{"embeddable":true,"href":"http:\/\/hoycordobaweb.com\/index.php\/wp-json\/wp\/v2\/comments?post=106152"}],"version-history":[{"count":0,"href":"http:\/\/hoycordobaweb.com\/index.php\/wp-json\/wp\/v2\/posts\/106152\/revisions"}],"wp:featuredmedia":[{"embeddable":true,"href":"http:\/\/hoycordobaweb.com\/index.php\/wp-json\/wp\/v2\/media\/106153"}],"wp:attachment":[{"href":"http:\/\/hoycordobaweb.com\/index.php\/wp-json\/wp\/v2\/media?parent=106152"}],"wp:term":[{"taxonomy":"category","embeddable":true,"href":"http:\/\/hoycordobaweb.com\/index.php\/wp-json\/wp\/v2\/categories?post=106152"},{"taxonomy":"post_tag","embeddable":true,"href":"http:\/\/hoycordobaweb.com\/index.php\/wp-json\/wp\/v2\/tags?post=106152"}],"curies":[{"name":"wp","href":"https:\/\/api.w.org\/{rel}","templated":true}]}}