{"id":105966,"date":"2025-05-24T06:47:35","date_gmt":"2025-05-24T06:47:35","guid":{"rendered":"https:\/\/www.mujerhoy.com\/vivir\/decoracion\/brutalismo-madrid-mejores-edificios-iconicos-historia-casa-carvajal-arquitectura-20250524160510-nt.html"},"modified":"2025-05-24T06:47:35","modified_gmt":"2025-05-24T06:47:35","slug":"la-fascinante-historia-de-la-casa-carvajal-icono-del-brutalismo-en-madrid-y-escenario-de-la-portada-de-junio-de-mujerhoy","status":"publish","type":"post","link":"http:\/\/hoycordobaweb.com\/index.php\/2025\/05\/24\/la-fascinante-historia-de-la-casa-carvajal-icono-del-brutalismo-en-madrid-y-escenario-de-la-portada-de-junio-de-mujerhoy\/","title":{"rendered":"La fascinante historia de la Casa Carvajal, icono del brutalismo en Madrid y escenario de la portada de junio de Mujerhoy"},"content":{"rendered":"<p><!-- AUTHOR --> <\/p>\n<div class=\"voc-author-timesocial \"> <!-- AUTHOR --> <\/p>\n<div class=\"voc-author-timesocial__signature \">\n<div class=\"voc-author-timesocial__img-c\"> <!-- IMAGE AUTHOR --> <picture class=\"voc-image-signature\"> <img class=\"voc-image-signature__img\" src=\"http:\/\/hoycordobaweb.com\/wp-content\/uploads\/2025\/05\/la-fascinante-historia-de-la-casa-carvajal-icono-del-brutalismo-en-madrid-y-escenario-de-la-portada-de-junio-de-mujerhoy.jpg\" alt=\"Ana Calvo\"> <\/picture> <\/div>\n<p> <!-- INFO AUTHOR --> <\/p>\n<div class=\"voc-author-timesocial__info\" data-mrf-recirculation=\"Autor\">\n<div class=\"voc-author-info\"> <author> <a class=\"voc-author\" href=\"https:\/\/www.mujerhoy.com\/autor\/ana-calvo-1186.html\" data-mrf-link=\"https:\/\/www.mujerhoy.com\/autor\/ana-calvo-1186.html\">Ana Calvo<\/a> <\/author> <time datetime=\"2025-05-24T06:47:35Z\" data-timestamp>Publicado \u00b7 <span data-voc-date-modified-short>24 de mayo de 2025, 08:47 h<\/span><\/time> <\/div><\/div><\/div><\/div>\n<p> <!-- COMPONENTS --> <\/p>\n<p class=\"voc-paragraph\" data-mrf-recirculation=\"Link art\u00edculo\">El <strong>brutalismo<\/strong> est\u00e1 de moda. Y esta afirmaci\u00f3n resulta hasta parad\u00f3jica, teniendo en cuenta que este estilo nunca ha dejado de estarlo desde que <a data-voc-vtm-id=\"in-text-traffic\" href=\"https:\/\/www.mujerhoy.com\/lujo-slow\/muebles-diseno-mas-bonitos-piezas-iconicas-lujo-casas-impresionantes-coleccionistas-20230910085106-nt.html\" data-mrf-link=\"https:\/\/www.mujerhoy.com\/lujo-slow\/muebles-diseno-mas-bonitos-piezas-iconicas-lujo-casas-impresionantes-coleccionistas-20230910085106-nt.html\">Le Corbusier<\/a> transformara la visi\u00f3n de la arquitectura moderna a principios de los a\u00f1os 50 del pasado siglo con su imponente Unit\u00e8 d\u00b4Habitation en Marsella, obra fundacional del movimiento.\n<\/p>\n<p class=\"voc-paragraph\" data-mrf-recirculation=\"Link art\u00edculo\">Seg\u00fan definen desde <a data-voc-vtm-id=\"in-text-traffic\" href=\"https:\/\/www.mujerhoy.com\/vivir\/decoracion\/tendencias-decoracion-casa-decor-2025-ideas-bonitas-interiorismo-casa-20250406130831-nt.html\" data-mrf-link=\"https:\/\/www.mujerhoy.com\/vivir\/decoracion\/tendencias-decoracion-casa-decor-2025-ideas-bonitas-interiorismo-casa-20250406130831-nt.html\">Casa Decor<\/a><br \/>\n, el t\u00e9rmino brutalismo \u00abderiva del franc\u00e9s \u00abb\u00e9ton brut\u00bb (hormig\u00f3n crudo) y es un estilo arquitect\u00f3nico que se caracteriza por estructuras de hormig\u00f3n, formas geom\u00e9tricas y un dise\u00f1o que prioriza la <strong>funcionalidad sobre la est\u00e9tica<\/strong> decorativa\u00ab. <\/p>\n<p class=\"voc-paragraph\" data-mrf-recirculation=\"Link art\u00edculo\">Pero el brutalismo es mucho m\u00e1s. Tal y como se refieren a este movimiento en A-Cero, el estudio de Joaqu\u00edn Torres y Rafael Llamazares, se trata de una \u00abarriesgada apuesta que nos empuja a relacionarnos con <strong>los edificios en su estado m\u00e1s puro<\/strong>, en los que el material habla por s\u00ed mismo. As\u00ed, masa y materialidad son dos de las se\u00f1as de identidad de este tipo de edificaciones, que a menudo incluso llegan a exponer a la vista las instalaciones o los medios empleados en su construcci\u00f3n\u00ab. <\/p>\n<p class=\"voc-paragraph\" data-mrf-recirculation=\"Link art\u00edculo\">Los ejemplos en nuestro pa\u00eds son muchos, y buenos. Y aunque quiz\u00e1 el edificio de Torres Blancas, en Madrid, obra maestra de S\u00e1enz de Oiza, sea el m\u00e1s famoso, no podemos pasar por alto otra de las joyas del brutalismo patrio: <strong>la Casa Carvajal<\/strong>, en el exclusivo barrio de Somosaguas, tambi\u00e9n en la capital.\n<\/p>\n<div class=\"voc-detail-photo-zoom\"> <picture data-toggle=\"modal\" data-target=\"#photoZoomModal-518\" target=\"modal\">\n<div class=\"voc-img-icon-link\"> <img loading=\"lazy\" src=\"http:\/\/hoycordobaweb.com\/wp-content\/uploads\/2025\/05\/la-fascinante-historia-de-la-casa-carvajal-icono-del-brutalismo-en-madrid-y-escenario-de-la-portada-de-junio-de-mujerhoy-1.jpg\" width=\"650\" height=\"900\" alt=\"La portada del mes de junio de Mujerhoy, fotografiada en la Casa Carvajal de Madrid.\"> <noscript> <img src=\"http:\/\/hoycordobaweb.com\/wp-content\/uploads\/2025\/05\/la-fascinante-historia-de-la-casa-carvajal-icono-del-brutalismo-en-madrid-y-escenario-de-la-portada-de-junio-de-mujerhoy-1.jpg\" alt=\"La portada del mes de junio de Mujerhoy, fotografiada en la Casa Carvajal de Madrid.\"> <\/noscript> <i class=\"voc-icons zoom voc-multimedia-box voc-ico-l\"><\/i> <\/div><figcaption class=\"figure-caption\">La portada del mes de junio de Mujerhoy, fotografiada en la Casa Carvajal de Madrid.<\/figcaption><\/picture>\n<\/div>\n<div id=\"photoZoomModal-518\" class=\"voc-lightbox modal fade voc-lightbox--photo-zoom\" role=\"dialog\" data-voc-photozoom-lightbox>\n<div class=\"voc-lightbox__dialog\" role=\"document\">\n<div class=\"voc-lightbox__content\"> <!-- Modal header --> <!-- Modal content --> <\/p>\n<div class=\"voc-lightbox__photo-container\"> <picture class> <img loading=\"lazy\" src=\"http:\/\/hoycordobaweb.com\/wp-content\/uploads\/2025\/05\/la-fascinante-historia-de-la-casa-carvajal-icono-del-brutalismo-en-madrid-y-escenario-de-la-portada-de-junio-de-mujerhoy-1.jpg\" alt=\"La portada del mes de junio de Mujerhoy, fotografiada en la Casa Carvajal de Madrid.\"> <noscript> <img src=\"http:\/\/hoycordobaweb.com\/wp-content\/uploads\/2025\/05\/la-fascinante-historia-de-la-casa-carvajal-icono-del-brutalismo-en-madrid-y-escenario-de-la-portada-de-junio-de-mujerhoy-1.jpg\" alt=\"La portada del mes de junio de Mujerhoy, fotografiada en la Casa Carvajal de Madrid.\"> <\/noscript> <\/picture> <\/div><\/div><\/div>\n<\/div>\n<p class=\"voc-paragraph\" data-mrf-recirculation=\"Link art\u00edculo\">Proyectada y construida por Javier Carvajal a mediados de los a\u00f1os 60, esta imponente construcci\u00f3n, icono del brutalismo, es <strong>el escenario donde se ha fotografiado la sesi\u00f3n a Mariela Garriga<\/strong> para protagonizar la portada del n\u00famero de junio de nuestra revista Mujerhoy. Y no hemos podido resistirnos a recorrerla a trav\u00e9s de las curiosidades que encierra a un lado y otro de sus rotundos muros de hormig\u00f3n.\n<\/p>\n<p><h3 class=\"voc-detail__title\"> Experimiento arquitect\u00f3nico<br \/>\n<\/h3>\n<\/p>\n<p class=\"voc-paragraph\" data-mrf-recirculation=\"Link art\u00edculo\">Esta vivienda poco&nbsp;convencional es una de las grandes perlas del brutalismo espa\u00f1ol, pero tambi\u00e9n una suerte de ensayo, ya que Javier Carvajal la proyecto y construy\u00f3 junto a la casa de sus suegros, en Somosaguas, para ser su propio hogar familiar. Vivieron en ella una d\u00e9cada, a modo de \u00abejercicio de m\u00e1xima depuraci\u00f3n arquitect\u00f3nica, proponi\u00e9ndose a s\u00ed mismo para <strong>experimentar personalmente el resultado de su obra<\/strong>\u00ab.\n<\/p>\n<p><h3 class=\"voc-detail__title\"> Una inspiraci\u00f3n inesperada<br \/>\n<\/h3>\n<\/p>\n<p class=\"voc-paragraph\" data-mrf-recirculation=\"Link art\u00edculo\">Aunque a primera vista no lo parezca, la Casa Carvajal est\u00e1 <strong>inspirada en La Alhambra<\/strong> de Granada. Y es que m\u00e1s all\u00e1 de sus muros de \u00e1spero hormig\u00f3n, que nos podr\u00edan recordar m\u00e1s a Le Corbusier o a S\u00e1enz de Oiza, encontramos una sucesi\u00f3n de patios \u00edntimos, fuentes, una gran chimenea como elemento central de la vivienda, y&nbsp;la sensaci\u00f3n de que todo est\u00e1 conectado.\n<\/p>\n<p><h3 class=\"voc-detail__title\"> Una casa a medida<br \/>\n<\/h3>\n<\/p>\n<p class=\"voc-paragraph\" data-mrf-recirculation=\"Link art\u00edculo\">Al contrario de lo que ocurre normalmente, la Casa Carvajal est\u00e1 completamente <strong>adaptada al terreno<\/strong> sobre el que est\u00e1 construida, y no al rev\u00e9s. Su \u00fanica planta est\u00e1&nbsp;construida en pendiente sobre tres plataformas que se pegan a la superficie del suelo y los desniveles, salvados por dos o tres escalones, son los que van delimitando los espacio.\n<\/p>\n<p><h3 class=\"voc-detail__title\"> Protagonista de un libro&#8230;<br \/>\n<\/h3>\n<\/p>\n<p class=\"voc-paragraph\" data-mrf-recirculation=\"Link art\u00edculo\">Tanto la luz, que se cuela suave por los ventanales y parece un elemento arquitect\u00f3nico m\u00e1s, como la naturaleza en la que se mimetiza, juegan un papel fundamental, y esto es algo clave en el&nbsp;estilo brutalista. \u00abEs muy interesante vivirla, porque parece como si brotase, como si fuese una monta\u00f1a que sale desde el suelo. Sientes que formas parte de la naturaleza, te trae al exterior todo el rato, est\u00e1 conectada con las estaciones y con los diferentes momentos del d\u00eda\u00bb, dec\u00eda de ella&nbsp;la fot\u00f3grafa Cristina Rodr\u00edguez de Acu\u00f1a Mart\u00ednez, que vivi\u00f3 junto a su familia en la Casa Carvajal durante m\u00e1s de 25 a\u00f1os y public\u00f3 sobre ella el libro \u00ab<br \/>\n<strong>Miradas cruzadas. La Casa Carvajal<\/strong>\u00ab (Ediciones Asim\u00e9tricas).\n<\/p>\n<p><h3 class=\"voc-detail__title\"> &#8230; y de una pel\u00edcula<br \/>\n<\/h3>\n<\/p>\n<p class=\"voc-paragraph\" data-mrf-recirculation=\"Link art\u00edculo\">Aunque los m\u00e1s j\u00f3venes reconocer\u00e1n este espacio de hormig\u00f3n imponente por el exitoso tiny desk de C. Tangana, esta joya arquitect\u00f3nica, declarada&nbsp;Bien de Inter\u00e9s Cultural (BIC) como Monumento Patrimonio Espa\u00f1ol&nbsp;ha sido tambi\u00e9n protagonista, literalmente, de una pel\u00edcula: en <strong>La Madriguera, de Carlos Saura<\/strong>, Geraldine Chaplin desarrolla una inquietante relaci\u00f3n con el edificio. Tanto, que la Casa Carvajal aparece en los cr\u00e9ditos de la cinta como un actor m\u00e1s.\n<\/p>\n<p> <!-- TOPICS --> <\/p>\n","protected":false},"excerpt":{"rendered":"<p>Ana Calvo Publicado \u00b7 24 de mayo de 2025, 08:47 h El brutalismo est\u00e1 de moda. Y esta afirmaci\u00f3n resulta hasta parad\u00f3jica, teniendo en cuenta que este estilo nunca ha dejado de estarlo desde que Le Corbusier transformara la visi\u00f3n de la arquitectura moderna a principios de los a\u00f1os 50 del pasado siglo con su [&hellip;]<\/p>\n","protected":false},"author":1,"featured_media":105967,"comment_status":"closed","ping_status":"closed","sticky":false,"template":"","format":"standard","meta":[],"categories":[],"tags":[],"_links":{"self":[{"href":"http:\/\/hoycordobaweb.com\/index.php\/wp-json\/wp\/v2\/posts\/105966"}],"collection":[{"href":"http:\/\/hoycordobaweb.com\/index.php\/wp-json\/wp\/v2\/posts"}],"about":[{"href":"http:\/\/hoycordobaweb.com\/index.php\/wp-json\/wp\/v2\/types\/post"}],"author":[{"embeddable":true,"href":"http:\/\/hoycordobaweb.com\/index.php\/wp-json\/wp\/v2\/users\/1"}],"replies":[{"embeddable":true,"href":"http:\/\/hoycordobaweb.com\/index.php\/wp-json\/wp\/v2\/comments?post=105966"}],"version-history":[{"count":0,"href":"http:\/\/hoycordobaweb.com\/index.php\/wp-json\/wp\/v2\/posts\/105966\/revisions"}],"wp:featuredmedia":[{"embeddable":true,"href":"http:\/\/hoycordobaweb.com\/index.php\/wp-json\/wp\/v2\/media\/105967"}],"wp:attachment":[{"href":"http:\/\/hoycordobaweb.com\/index.php\/wp-json\/wp\/v2\/media?parent=105966"}],"wp:term":[{"taxonomy":"category","embeddable":true,"href":"http:\/\/hoycordobaweb.com\/index.php\/wp-json\/wp\/v2\/categories?post=105966"},{"taxonomy":"post_tag","embeddable":true,"href":"http:\/\/hoycordobaweb.com\/index.php\/wp-json\/wp\/v2\/tags?post=105966"}],"curies":[{"name":"wp","href":"https:\/\/api.w.org\/{rel}","templated":true}]}}