{"id":105882,"date":"2025-05-23T17:31:47","date_gmt":"2025-05-23T17:31:47","guid":{"rendered":"https:\/\/www.espinof.com\/en-digital\/he-vuelto-a-ver-cronicas-narnia-creo-que-ha-envejecido-increiblemente-bien-ahora-tengo-necesidad-que-se-estrene-version-greta-gerwig"},"modified":"2025-05-23T17:31:47","modified_gmt":"2025-05-23T17:31:47","slug":"he-vuelto-a-ver-las-cronicas-de-narnia-y-creo-que-ha-envejecido-increiblemente-bien-ahora-tengo-la-necesidad-de-que-se-estrene-ya-la-version-de-greta-gerwig","status":"publish","type":"post","link":"http:\/\/hoycordobaweb.com\/index.php\/2025\/05\/23\/he-vuelto-a-ver-las-cronicas-de-narnia-y-creo-que-ha-envejecido-increiblemente-bien-ahora-tengo-la-necesidad-de-que-se-estrene-ya-la-version-de-greta-gerwig\/","title":{"rendered":"He vuelto a ver &#8216;Las cr\u00f3nicas de Narnia&#8217; y creo que ha envejecido incre\u00edblemente bien. Ahora tengo la necesidad de que se estrene ya la versi\u00f3n de Greta Gerwig"},"content":{"rendered":"<p>A veces solo hace falta una peque\u00f1a excusa para volver a ver una de las pel\u00edculas que mejores recuerdos nos traen. Un buen ejemplo es &#8216;<a class=\"text-outboundlink\" href=\"https:\/\/www.espinof.com\/criticas\/las-cronicas-de-narnia-el-leon-la-bruja-y-el-armario-lento-inicio\" data-vars-post-title=\"'Las cr\u00f3nicas de Narnia: el le\u00f3n, la bruja y el armario', lento inicio\" data-vars-post-url=\"https:\/\/www.espinof.com\/criticas\/las-cronicas-de-narnia-el-leon-la-bruja-y-el-armario-lento-inicio\">Las cr\u00f3nicas de Narnia: El le\u00f3n, la bruja y el armario<\/a>&#8216;, un largometraje que muchos asociamos a la infancia y cuya historia se encargar\u00e1 de traer de vuelta Greta Gerwig en la <a class=\"text-outboundlink\" href=\"https:\/\/www.espinof.com\/todo-lo-que-sabemos\/cronicas-narnia-todo-que-sabemos-nueva-adaptacion-saga-fantasia-que-prepara-netflix\" data-vars-post-title=\"'Las cr\u00f3nicas de Narnia', todo lo que sabemos sobre la nueva adaptaci\u00f3n de la saga de fantas\u00eda que prepara Netflix\" data-vars-post-url=\"https:\/\/www.espinof.com\/todo-lo-que-sabemos\/cronicas-narnia-todo-que-sabemos-nueva-adaptacion-saga-fantasia-que-prepara-netflix\">anunciada nueva adaptaci\u00f3n<\/a> que ya est\u00e1 en marcha de la obra de C.S. Lewis.<\/p>\n<p><!-- BREAK 1 --> <\/p>\n<p>Puede que algunos espectadores prefieran conservar el buen recuerdo y no perturbarlo con la mirada adulta, descubriendo que quiz\u00e1 su pel\u00edcula preferida no ha terminado de llevar bien el paso de los a\u00f1os. Pero puedo asegurar que no ha ocurrido as\u00ed con <strong>el filme de Andrew Adamson<\/strong> (que tambi\u00e9n dirigi\u00f3 &#8216;Shrek&#8217; y su secuela).<\/p>\n<p><!-- BREAK 2 --><\/p>\n<div class=\"article-asset article-asset-normal article-asset-center\">\n<div class=\"desvio-container\">\n<div class=\"desvio\">\n<div class=\"desvio-figure js-desvio-figure\"> <a href=\"https:\/\/www.espinof.com\/animacion\/cuando-dreamworks-castigaba-a-sus-animadores-trabajar-shrek\" class=\"pivot-outboundlink\" data-vars-post-title=\"Cuando DreamWorks castigaba a sus animadores con trabajar en 'Shrek' \"> <img loading=\"lazy\" alt=\"Cuando DreamWorks castigaba a sus animadores con trabajar en 'Shrek' \" width=\"375\" height=\"142\" src=\"http:\/\/hoycordobaweb.com\/wp-content\/uploads\/2025\/05\/he-vuelto-a-ver-las-cronicas-de-narnia-y-creo-que-ha-envejecido-increiblemente-bien-ahora-tengo-la-necesidad-de-que-se-estrene-ya-la-version-de-greta-gerwig.jpg\"> <\/a> <\/div><\/div><\/div>\n<\/div>\n<p>La historia nos sit\u00faa en la \u00e9poca de la Segunda Guerra Mundial y nos presenta a cuatro hermanos: <strong>Lucy<\/strong> (Georgie Henley), <strong>Edmund<\/strong> (Skandar Keynes), <strong>Susan<\/strong> (Anna Popplewell) y <strong>Peter<\/strong> (William Moseley). Por culpa de los bombardeos, son separados de su madre y terminan en una enorme casa donde no pueden hacer ni tocar nada de nada. Pero antes o despu\u00e9s, acaban descubriendo <strong>un armario m\u00e1gico que esconde la entrada a Narnia<\/strong>, un lugar incre\u00edble habitado por animales que hablan, duendes, faunos, centauros y gigantes.<\/p>\n<p><!-- BREAK 3 --> <\/p>\n<p>All\u00ed, la Bruja Blanca (Tilda Swinton) campa a sus anchas, condenando a los habitantes a vivir en un invierno eterno. Los ni\u00f1os &nbsp;tendr\u00e1n que luchar para vencer a la Bruja Blanca, contando en el camino con alg\u00fan que otro aliado como el le\u00f3n Aslan (a\u00fan sigue poni\u00e9ndome la piel de gallina su entrada en escena).<\/p>\n<p><!-- BREAK 4 --><\/p>\n<h2>Rumbo a los confines del fr\u00edo invierno<\/h2>\n<div class=\"article-asset-image article-asset-normal article-asset-center\">\n<div class=\"asset-content\"> <img class=\"centro_sinmarco\" height=\"1399\" width=\"1400\" loading=\"lazy\" decoding=\"async\" sizes=\"100vw\" fetchpriority=\"high\" srcset=\"http:\/\/hoycordobaweb.com\/wp-content\/uploads\/2025\/05\/he-vuelto-a-ver-las-cronicas-de-narnia-y-creo-que-ha-envejecido-increiblemente-bien-ahora-tengo-la-necesidad-de-que-se-estrene-ya-la-version-de-greta-gerwig-1.jpg 450w, http:\/\/hoycordobaweb.com\/wp-content\/uploads\/2025\/05\/he-vuelto-a-ver-las-cronicas-de-narnia-y-creo-que-ha-envejecido-increiblemente-bien-ahora-tengo-la-necesidad-de-que-se-estrene-ya-la-version-de-greta-gerwig-5.jpg 681w, http:\/\/hoycordobaweb.com\/wp-content\/uploads\/2025\/05\/he-vuelto-a-ver-las-cronicas-de-narnia-y-creo-que-ha-envejecido-increiblemente-bien-ahora-tengo-la-necesidad-de-que-se-estrene-ya-la-version-de-greta-gerwig-6.jpg 1024w, http:\/\/hoycordobaweb.com\/wp-content\/uploads\/2025\/05\/he-vuelto-a-ver-las-cronicas-de-narnia-y-creo-que-ha-envejecido-increiblemente-bien-ahora-tengo-la-necesidad-de-que-se-estrene-ya-la-version-de-greta-gerwig-7.jpg 1366w\" src=\"http:\/\/hoycordobaweb.com\/wp-content\/uploads\/2025\/05\/he-vuelto-a-ver-las-cronicas-de-narnia-y-creo-que-ha-envejecido-increiblemente-bien-ahora-tengo-la-necesidad-de-que-se-estrene-ya-la-version-de-greta-gerwig-1.jpg\" alt=\"'Las cr\u00f3nicas de Narnia'\"> <noscript><img alt=\"'Las cr\u00f3nicas de Narnia'\" class=\"centro_sinmarco\" src=\"http:\/\/hoycordobaweb.com\/wp-content\/uploads\/2025\/05\/he-vuelto-a-ver-las-cronicas-de-narnia-y-creo-que-ha-envejecido-increiblemente-bien-ahora-tengo-la-necesidad-de-que-se-estrene-ya-la-version-de-greta-gerwig-1.jpg\"><\/noscript> <\/div>\n<\/div>\n<p>Ver esta pel\u00edcula por primera vez fue una experiencia fascinante, pero <strong>volver a ella a\u00f1os despu\u00e9s y descubrir lo bien que funciona es realmente gratificante<\/strong>. Puede que su duraci\u00f3n sea algo excesiva (su metraje alcanza los 140 minutos) y que su primer acto se haga algo pesado, pero una vez entras en ella, &#8216;Las cr\u00f3nicas de Narnia&#8217; te acaba atrapando. Y no querr\u00e1s salir de ella.<\/p>\n<p><!-- BREAK 5 --><\/p>\n<p>Es cierto que inventa la rueda y que sus personajes se parecen a otros que ya hemos visto en otras pel\u00edculas familiares, pero todos ellos cumplen muy bien su objetivo de emocionarnos y <strong>est\u00e1n tan bien interpretados que acaban siendo irresistibles<\/strong>. De hecho, ahora que vuelto a ella, solo espero que la versi\u00f3n de Greta Gerwig pueda provocarnos algo similar.<\/p>\n<p><!-- BREAK 6 --> <\/p>\n<h2>T\u00e9cnicamente es impecable<\/h2>\n<div class=\"article-asset-image article-asset-normal article-asset-center\">\n<div class=\"asset-content\"> <img class=\"centro_sinmarco\" height=\"720\" width=\"1280\" loading=\"lazy\" decoding=\"async\" sizes=\"100vw\" fetchpriority=\"high\" srcset=\"http:\/\/hoycordobaweb.com\/wp-content\/uploads\/2025\/05\/he-vuelto-a-ver-las-cronicas-de-narnia-y-creo-que-ha-envejecido-increiblemente-bien-ahora-tengo-la-necesidad-de-que-se-estrene-ya-la-version-de-greta-gerwig-2.jpg 450w, http:\/\/hoycordobaweb.com\/wp-content\/uploads\/2025\/05\/he-vuelto-a-ver-las-cronicas-de-narnia-y-creo-que-ha-envejecido-increiblemente-bien-ahora-tengo-la-necesidad-de-que-se-estrene-ya-la-version-de-greta-gerwig-8.jpg 681w, http:\/\/hoycordobaweb.com\/wp-content\/uploads\/2025\/05\/he-vuelto-a-ver-las-cronicas-de-narnia-y-creo-que-ha-envejecido-increiblemente-bien-ahora-tengo-la-necesidad-de-que-se-estrene-ya-la-version-de-greta-gerwig-9.jpg 1024w, http:\/\/hoycordobaweb.com\/wp-content\/uploads\/2025\/05\/he-vuelto-a-ver-las-cronicas-de-narnia-y-creo-que-ha-envejecido-increiblemente-bien-ahora-tengo-la-necesidad-de-que-se-estrene-ya-la-version-de-greta-gerwig-10.jpg 1366w\" src=\"http:\/\/hoycordobaweb.com\/wp-content\/uploads\/2025\/05\/he-vuelto-a-ver-las-cronicas-de-narnia-y-creo-que-ha-envejecido-increiblemente-bien-ahora-tengo-la-necesidad-de-que-se-estrene-ya-la-version-de-greta-gerwig-2.jpg\" alt=\"Aslan el le\u00f3n con Lucy y Susan\"> <noscript><img alt=\"Aslan el le\u00f3n con Lucy y Susan\" class=\"centro_sinmarco\" src=\"http:\/\/hoycordobaweb.com\/wp-content\/uploads\/2025\/05\/he-vuelto-a-ver-las-cronicas-de-narnia-y-creo-que-ha-envejecido-increiblemente-bien-ahora-tengo-la-necesidad-de-que-se-estrene-ya-la-version-de-greta-gerwig-2.jpg\"><\/noscript> <\/div>\n<\/div>\n<p>Otra de las razones por las que merece la pena volver a &#8216;Las cr\u00f3nicas de Narnia&#8217; es por<strong> lo bien que ha envejecido a nivel visual y t\u00e9cnico<\/strong>. Se estren\u00f3 hace 20 a\u00f1os, pero sus efectos especiales no est\u00e1n nada mal, y la pel\u00edcula sabe integrar muy bien la acci\u00f3n real en pantalla sin causarnos incomodidad. Algo de lo que no pueden presumir <a href=\"https:\/\/www.espinof.com\/criticas\/rey-leon-deslumbrante-exhibicion-visual-que-no-emociona-como-original\">otras pel\u00edculas con leones generados por ordenador<\/a>.<\/p>\n<p><!-- BREAK 7 --><\/p>\n<p>Adem\u00e1s, su banda sonora (cortes\u00eda de Harry Gregson-Williams) es ideal y su tercer acto impresiona y emociona bastante, en parte porque incluye <strong>una batalla sensacional e intensa<\/strong>, y tambi\u00e9n por c\u00f3mo termina de plantear la evoluci\u00f3n de los personajes.<\/p>\n<p><!-- BREAK 8 --><\/p>\n<div class=\"article-asset article-asset-normal article-asset-center\">\n<div class=\"desvio-container\">\n<div class=\"desvio\">\n<div class=\"desvio-figure js-desvio-figure\"> <a href=\"https:\/\/www.espinof.com\/actores-y-actrices\/que-fue-georgie-henley-promesa-infantil-cronicas-narnia-a-casi-perder-vida-infeccion-piel\" class=\"pivot-outboundlink\" data-vars-post-title=\"Qu\u00e9 fue de Georgie Henley, de promesa infantil en 'Las cr\u00f3nicas de Narnia' a casi perder la vida por una infecci\u00f3n de la piel\"> <img loading=\"lazy\" alt=\"Qu\u00e9 fue de Georgie Henley, de promesa infantil en 'Las cr\u00f3nicas de Narnia' a casi perder la vida por una infecci\u00f3n de la piel\" width=\"375\" height=\"142\" src=\"http:\/\/hoycordobaweb.com\/wp-content\/uploads\/2025\/05\/he-vuelto-a-ver-las-cronicas-de-narnia-y-creo-que-ha-envejecido-increiblemente-bien-ahora-tengo-la-necesidad-de-que-se-estrene-ya-la-version-de-greta-gerwig-3.jpg\"> <\/a> <\/div><\/div><\/div>\n<\/div>\n<p>Quiz\u00e1 eche en falta una capa m\u00e1s oscura para el personaje de la Bruja y ser\u00e1 algo en lo que me fije especialmente en la versi\u00f3n de Gerwig, pero creo que no cambiar\u00eda nada de &#8216;Las cr\u00f3nicas de Narnia&#8217;. Es <strong>una pel\u00edcula de aventuras perfecta para todos los p\u00fablicos<\/strong> (que est\u00e1 disponible en <a rel=\"nofollow, sponsored, noopener, noreferrer noopener\" target=\"_blank\" class=\"js-ecommerce\" id=\"link-ecommerce-1\" href=\"https:\/\/www.webedia-afilia.com\/redirect?url=https%3A%2F%2Fwww.disneyplus.com%2Fes-es%2Fbrowse%2Fentity-6b59eb41-8660-4d93-bc42-9521bebb47a3&amp;category=en-digital&amp;site=espinof&amp;ecomPostExpiration=not_classified&amp;postId=246036\" data-vars-affiliate-url=\"https:\/\/www.disneyplus.com\/es-es\/browse\/entity-6b59eb41-8660-4d93-bc42-9521bebb47a3\">Disney+<\/a>) y haberla visto siendo adulta no ha hecho que pierda la magia que ya desprend\u00eda.<\/p>\n<p><!-- BREAK 9 --><\/p>\n<p>Ahora solo queda esperar para ver lo que est\u00e1n preparando la directora de &#8216;Barbie&#8217; y el guionista de &#8216;Coco&#8217; Matthew Aldrich junto a Netflix.<\/p>\n<p>En Espinof | <a class=\"text-outboundlink\" href=\"https:\/\/www.espinof.com\/listas\/peliculas-esperadas-2025\" data-vars-post-title=\"Las 47 pel\u00edculas m\u00e1s esperadas de 2025 y los mejores estrenos del a\u00f1o: 'Avatar 3', el regreso de John Wick, 'Misi\u00f3n Imposible 8', 'Jurassic World 4' y muchas m\u00e1s\" data-vars-post-url=\"https:\/\/www.espinof.com\/listas\/peliculas-esperadas-2025\">Las pel\u00edculas m\u00e1s esperadas de 2025<\/a><\/p>\n<p>En Espinof | <a class=\"text-outboundlink\" href=\"https:\/\/www.espinof.com\/listas\/mejores-peliculas-2025\" data-vars-post-title=\"Las 12 mejores pel\u00edculas de 2025 (por ahora)\" data-vars-post-url=\"https:\/\/www.espinof.com\/listas\/mejores-peliculas-2025\">Las mejores pel\u00edculas de 2025<\/a><\/p>\n","protected":false},"excerpt":{"rendered":"<p>A veces solo hace falta una peque\u00f1a excusa para volver a ver una de las pel\u00edculas que mejores recuerdos nos traen. Un buen ejemplo es &#8216;Las cr\u00f3nicas de Narnia: El le\u00f3n, la bruja y el armario&#8216;, un largometraje que muchos asociamos a la infancia y cuya historia se encargar\u00e1 de traer de vuelta Greta Gerwig [&hellip;]<\/p>\n","protected":false},"author":1,"featured_media":105883,"comment_status":"open","ping_status":"closed","sticky":false,"template":"","format":"standard","meta":[],"categories":[10],"tags":[],"_links":{"self":[{"href":"http:\/\/hoycordobaweb.com\/index.php\/wp-json\/wp\/v2\/posts\/105882"}],"collection":[{"href":"http:\/\/hoycordobaweb.com\/index.php\/wp-json\/wp\/v2\/posts"}],"about":[{"href":"http:\/\/hoycordobaweb.com\/index.php\/wp-json\/wp\/v2\/types\/post"}],"author":[{"embeddable":true,"href":"http:\/\/hoycordobaweb.com\/index.php\/wp-json\/wp\/v2\/users\/1"}],"replies":[{"embeddable":true,"href":"http:\/\/hoycordobaweb.com\/index.php\/wp-json\/wp\/v2\/comments?post=105882"}],"version-history":[{"count":0,"href":"http:\/\/hoycordobaweb.com\/index.php\/wp-json\/wp\/v2\/posts\/105882\/revisions"}],"wp:featuredmedia":[{"embeddable":true,"href":"http:\/\/hoycordobaweb.com\/index.php\/wp-json\/wp\/v2\/media\/105883"}],"wp:attachment":[{"href":"http:\/\/hoycordobaweb.com\/index.php\/wp-json\/wp\/v2\/media?parent=105882"}],"wp:term":[{"taxonomy":"category","embeddable":true,"href":"http:\/\/hoycordobaweb.com\/index.php\/wp-json\/wp\/v2\/categories?post=105882"},{"taxonomy":"post_tag","embeddable":true,"href":"http:\/\/hoycordobaweb.com\/index.php\/wp-json\/wp\/v2\/tags?post=105882"}],"curies":[{"name":"wp","href":"https:\/\/api.w.org\/{rel}","templated":true}]}}