{"id":105877,"date":"2025-05-23T11:09:07","date_gmt":"2025-05-23T11:09:07","guid":{"rendered":"http:\/\/hoycordobaweb.com\/index.php\/2025\/05\/23\/caputo-banco-a-milei-con-las-formas-del-presidente-no-lo-traten-de-cambiar-porque-los-voy-a-reventar\/"},"modified":"2025-05-23T11:09:07","modified_gmt":"2025-05-23T11:09:07","slug":"caputo-banco-a-milei-con-las-formas-del-presidente-no-lo-traten-de-cambiar-porque-los-voy-a-reventar","status":"publish","type":"post","link":"http:\/\/hoycordobaweb.com\/index.php\/2025\/05\/23\/caputo-banco-a-milei-con-las-formas-del-presidente-no-lo-traten-de-cambiar-porque-los-voy-a-reventar\/","title":{"rendered":"Caputo banc\u00f3 a Milei con las formas del Presidente: \u00abNo lo traten de cambiar porque los voy a reventar\u00bb"},"content":{"rendered":"<div class=\"media_block\"><\/div>\n<div><img src=\"http:\/\/hoycordobaweb.com\/wp-content\/uploads\/2025\/05\/caputo-banco-a-milei-con-las-formas-del-presidente-no-lo-traten-de-cambiar-porque-los-voy-a-reventar.jpg\" class=\"ff-og-image-inserted\"><\/div>\n<p>Horas despu\u00e9s de anuncio de las <a target=\"_blank\" href=\"https:\/\/https:\/\/www.perfil.com\/noticias\/economia\/dolares-en-el-colchon-como-se-podran-gastar-ahorros-sin-control-arca.phtml\" rel=\"noopener noreferrer\">medidas econ\u00f3micas <\/a>el ministro de Econom\u00eda <strong>Luis Caputo <\/strong>pas\u00f3 por el streaming que encabeza el Gordo Dan y comparte con otros asesores del gobierno. Obviamente habl\u00f3 del \u00abd\u00f3lar colch\u00f3n\u00bb pero aprovech\u00f3 para elogiar la personalidad del presidente Javier Mile, incluso apoy\u00e1ndolo en su faceta m\u00e1s pol\u00e9mica, la de las formas excesivas.<\/p>\n<p>\u00abTenemos un Presidente que es diferente, \u00bfs\u00ed? Y no lo traten de cambiar, <strong>porque los voy a reventar a todos<\/strong>\u00ab, los\u00bbamenaz\u00f3\u00bb a los streamers que los entrevistaban, adoptando un lenguaje m\u00e1s asimilable con el mandatario que con su propio estilo.<\/p>\n<p class=\"destacadoNota\"><a target=\"_blank\" href=\"https:\/\/www.perfil.com\/noticias\/politica\/luis-toto-caputo-los-ahorros-son-suyos-nadie-puede-decir-lo-contrario.phtml\" rel=\"noopener noreferrer\">Luis Caputo: \u00abSer\u00eda natural que la gente empezara a transaccionar m\u00e1s con d\u00f3lares\u00bb<\/a><\/p>\n<div class=\"subscription\" readability=\"6.683257918552\">\n<p> Esto no les gusta a los autoritarios <\/p>\n<div class=\"subscription__container\" readability=\"6.1467391304348\">\n<div class=\"subscription__text-wrapper\" readability=\"31.20652173913\">\n<p> El ejercicio del periodismo profesional y cr\u00edtico es un pilar fundamental de la democracia. Por eso molesta a quienes creen ser los due\u00f1os de la verdad. <\/p>\n<\/p><\/div><\/div><\/div>\n<p>\u00abD\u00e9jenmelo todos as\u00ed como Presidente. Lo mejor que tiene es eso: su personalidad. Me voy a preocupar el d\u00eda que lo vea cambiar\u00bb, lanz\u00f3 Caputo, y le sac\u00f3 una carcajada al Gordo Dan.<\/p>\n<p>Y agreg\u00f3, yendo a un terreno m\u00e1s pol\u00edtico: \u00abSu personalidad <strong>es lo que ha permitido poder hacer cosas que parec\u00edan imposibles\u00bb<\/strong>.<\/p>\n<p>En desarrollo&#8230;<\/p>\n<p>LT<\/p>\n","protected":false},"excerpt":{"rendered":"<p>Horas despu\u00e9s de anuncio de las medidas econ\u00f3micas el ministro de Econom\u00eda Luis Caputo pas\u00f3 por el streaming que encabeza el Gordo Dan y comparte con otros asesores del gobierno. Obviamente habl\u00f3 del \u00abd\u00f3lar colch\u00f3n\u00bb pero aprovech\u00f3 para elogiar la personalidad del presidente Javier Mile, incluso apoy\u00e1ndolo en su faceta m\u00e1s pol\u00e9mica, la de las [&hellip;]<\/p>\n","protected":false},"author":1,"featured_media":105878,"comment_status":"closed","ping_status":"closed","sticky":false,"template":"","format":"standard","meta":[],"categories":[19],"tags":[],"_links":{"self":[{"href":"http:\/\/hoycordobaweb.com\/index.php\/wp-json\/wp\/v2\/posts\/105877"}],"collection":[{"href":"http:\/\/hoycordobaweb.com\/index.php\/wp-json\/wp\/v2\/posts"}],"about":[{"href":"http:\/\/hoycordobaweb.com\/index.php\/wp-json\/wp\/v2\/types\/post"}],"author":[{"embeddable":true,"href":"http:\/\/hoycordobaweb.com\/index.php\/wp-json\/wp\/v2\/users\/1"}],"replies":[{"embeddable":true,"href":"http:\/\/hoycordobaweb.com\/index.php\/wp-json\/wp\/v2\/comments?post=105877"}],"version-history":[{"count":0,"href":"http:\/\/hoycordobaweb.com\/index.php\/wp-json\/wp\/v2\/posts\/105877\/revisions"}],"wp:featuredmedia":[{"embeddable":true,"href":"http:\/\/hoycordobaweb.com\/index.php\/wp-json\/wp\/v2\/media\/105878"}],"wp:attachment":[{"href":"http:\/\/hoycordobaweb.com\/index.php\/wp-json\/wp\/v2\/media?parent=105877"}],"wp:term":[{"taxonomy":"category","embeddable":true,"href":"http:\/\/hoycordobaweb.com\/index.php\/wp-json\/wp\/v2\/categories?post=105877"},{"taxonomy":"post_tag","embeddable":true,"href":"http:\/\/hoycordobaweb.com\/index.php\/wp-json\/wp\/v2\/tags?post=105877"}],"curies":[{"name":"wp","href":"https:\/\/api.w.org\/{rel}","templated":true}]}}