{"id":105756,"date":"2025-05-21T19:50:04","date_gmt":"2025-05-21T19:50:04","guid":{"rendered":"https:\/\/www.ole.com.ar\/futbol-primera\/arias-racing-contrato-costas-milito_0_8CtPVfuYwM.html"},"modified":"2025-05-21T19:50:04","modified_gmt":"2025-05-21T19:50:04","slug":"racing-empezo-a-trabajar-en-la-renovacion-de-arias","status":"publish","type":"post","link":"http:\/\/hoycordobaweb.com\/index.php\/2025\/05\/21\/racing-empezo-a-trabajar-en-la-renovacion-de-arias\/","title":{"rendered":"Racing empez\u00f3 a trabajar en la renovaci\u00f3n de Arias"},"content":{"rendered":"<p><img src=\"http:\/\/hoycordobaweb.com\/wp-content\/uploads\/2025\/05\/racing-empezo-a-trabajar-en-la-renovacion-de-arias.jpg\"><\/p>\n<p><time class=\"createDate\" datetime=\"2025-05-21T16:50:04-03:00\">21\/05\/2025 16:50hs.<\/time><\/p>\n<div id=\"storyBody\">\n<div class=\"custom-text \" readability=\"37.443277310924\">\n<p>A s\u00f3lo cuatro meses de cumplir 38 a\u00f1os,<strong> <a href=\"https:\/\/www.ole.com.ar\/tema\/gabriel-arias.html\" title=\"Gabriel Arias\" alt=\"Gabriel Arias\" class=\"slug\">Gabriel Arias<\/a> tiene el futuro en sus manos<\/strong>. Capit\u00e1n de <a href=\"https:\/\/www.ole.com.ar\/tema\/racing.html\" title=\"Racing\" alt=\"Racing\" class=\"slug\">Racing<\/a> desde la partida de Sigali, <strong>el contrato del arquero finaliza a fin de a\u00f1o y hasta este mi\u00e9rcoles no hab\u00edan existido avances respecto a una posible continuidad en 2026<\/strong>. Gaviota siempre fue muy cauto y evit\u00f3 hablar del futuro, por lo que su continuidad hab\u00eda pasado a estar cargada de incertidumbre. Sin embargo, en las \u00faltimas horas se empez\u00f3 a aclarar el panorama.<\/p>\n<\/div>\n<p><h2>Arias podr\u00eda quedarse todo 2026 en Racing<\/h2>\n<\/p>\n<div class=\"custom-text \" readability=\"39\">\n<p><strong>Seg\u00fan trascendi\u00f3, la dirigencia ya tom\u00f3 la decisi\u00f3n de trabajar en la renovaci\u00f3n de Gabriel Arias. Tanto Diego Milito como Gustavo Costas lo ven como una pieza importante para seguir un a\u00f1o m\u00e1s en el club.<\/strong> De buen nivel, especialmente en la Copa Libertadores, el arquero habr\u00eda dado el visto bueno tambi\u00e9n para empezar a negociar en esta extensi\u00f3n del v\u00ednculo. De darse, posiblemente sea ya para vislumbrar un posible retiro en la Academia.<\/p>\n<\/div>\n<div class=\"custom-text \" readability=\"38\">\n<p>M\u00e1s all\u00e1 de que es una buena noticia<strong>, la posible renovaci\u00f3n de Gabriel Arias puede generar un manto de dudas respecto a Facundo Cambeses. El ex Banfield, por el que Racing pag\u00f3 2.000.000 de d\u00f3lares a principios de 2024, a finales de 2025 ya habr\u00e1 estado durante dos a\u00f1os a la sombra de Gaviota<\/strong> y su carrera se empieza a estancar. \u00bfPodr\u00eda tener m\u00e1s minutos o en caso contrario analizar tambi\u00e9n una salida? Son detalles que deber\u00e1n pulirse en los pr\u00f3ximos meses. Hoy la Academia tiene muy bien cubierto el puesto de arquero y quiere mantenerlo as\u00ed&#8230;<\/p>\n<\/div>\n<div class=\"sc-a7166897-0 eoLsBE\" readability=\"6\">\n<section readability=\"2\"><picture><img alt=\"\u00bfDe Paul se puede marchar de Atl\u00e9tico de Madrid?\" loading=\"lazy\" width=\"290\" height=\"290\" decoding=\"async\" data-nimg=\"1\" src=\"http:\/\/hoycordobaweb.com\/wp-content\/uploads\/2025\/05\/racing-empezo-a-trabajar-en-la-renovacion-de-arias-2.jpg\"><\/picture>\n<p><span>Mir\u00e1 tambi\u00e9n<\/span><\/p>\n<hr>\n<h3>\u00bfDe Paul se puede marchar de Atl\u00e9tico de Madrid?<\/h3>\n<\/p>\n<\/section>\n<\/div>\n<div class=\"sc-a7166897-0 eoLsBE\" readability=\"6\">\n<section readability=\"2\"><picture><img alt=\"Torneo Apertura: habr\u00e1 un campe\u00f3n despu\u00e9s de mucho tiempo\" loading=\"lazy\" width=\"290\" height=\"290\" decoding=\"async\" data-nimg=\"1\" src=\"http:\/\/hoycordobaweb.com\/wp-content\/uploads\/2025\/05\/racing-empezo-a-trabajar-en-la-renovacion-de-arias-3.jpg\"><\/picture>\n<p><span>Mir\u00e1 tambi\u00e9n<\/span><\/p>\n<hr>\n<h3>Torneo Apertura: habr\u00e1 un campe\u00f3n despu\u00e9s de mucho tiempo<\/h3>\n<\/p>\n<\/section>\n<\/div>\n<\/div>\n","protected":false},"excerpt":{"rendered":"<p>21\/05\/2025 16:50hs. A s\u00f3lo cuatro meses de cumplir 38 a\u00f1os, Gabriel Arias tiene el futuro en sus manos. Capit\u00e1n de Racing desde la partida de Sigali, el contrato del arquero finaliza a fin de a\u00f1o y hasta este mi\u00e9rcoles no hab\u00edan existido avances respecto a una posible continuidad en 2026. Gaviota siempre fue muy cauto [&hellip;]<\/p>\n","protected":false},"author":1,"featured_media":105757,"comment_status":"open","ping_status":"closed","sticky":false,"template":"","format":"standard","meta":[],"categories":[16],"tags":[],"_links":{"self":[{"href":"http:\/\/hoycordobaweb.com\/index.php\/wp-json\/wp\/v2\/posts\/105756"}],"collection":[{"href":"http:\/\/hoycordobaweb.com\/index.php\/wp-json\/wp\/v2\/posts"}],"about":[{"href":"http:\/\/hoycordobaweb.com\/index.php\/wp-json\/wp\/v2\/types\/post"}],"author":[{"embeddable":true,"href":"http:\/\/hoycordobaweb.com\/index.php\/wp-json\/wp\/v2\/users\/1"}],"replies":[{"embeddable":true,"href":"http:\/\/hoycordobaweb.com\/index.php\/wp-json\/wp\/v2\/comments?post=105756"}],"version-history":[{"count":0,"href":"http:\/\/hoycordobaweb.com\/index.php\/wp-json\/wp\/v2\/posts\/105756\/revisions"}],"wp:featuredmedia":[{"embeddable":true,"href":"http:\/\/hoycordobaweb.com\/index.php\/wp-json\/wp\/v2\/media\/105757"}],"wp:attachment":[{"href":"http:\/\/hoycordobaweb.com\/index.php\/wp-json\/wp\/v2\/media?parent=105756"}],"wp:term":[{"taxonomy":"category","embeddable":true,"href":"http:\/\/hoycordobaweb.com\/index.php\/wp-json\/wp\/v2\/categories?post=105756"},{"taxonomy":"post_tag","embeddable":true,"href":"http:\/\/hoycordobaweb.com\/index.php\/wp-json\/wp\/v2\/tags?post=105756"}],"curies":[{"name":"wp","href":"https:\/\/api.w.org\/{rel}","templated":true}]}}