{"id":105680,"date":"2025-05-21T09:31:47","date_gmt":"2025-05-21T09:31:47","guid":{"rendered":"https:\/\/www.trendencias.com\/shopping\/vuelven-zuecos-madera-90s-verano-2025-se-llevan-vestidos-holgados-fresquitos"},"modified":"2025-05-21T09:31:47","modified_gmt":"2025-05-21T09:31:47","slug":"vuelven-los-zuecos-de-madera-de-los-90s-y-asi-se-llevan-en-el-verano-de-2025-spoiler-van-con-todo","status":"publish","type":"post","link":"http:\/\/hoycordobaweb.com\/index.php\/2025\/05\/21\/vuelven-los-zuecos-de-madera-de-los-90s-y-asi-se-llevan-en-el-verano-de-2025-spoiler-van-con-todo\/","title":{"rendered":"Vuelven los zuecos de madera de los 90s y as\u00ed se llevan en el verano de 2025 (spoiler: van con todo)"},"content":{"rendered":"<p>Han vuelto<strong> los zuecos de madera que triunfaron en los a\u00f1os 90<\/strong> a Merkal, pero este verano los llevaremos con todo. Desde vestidos holgados y fresquitos hasta conjuntos de lino en una moda <em>effortless<\/em> arreglada. Una tendencia que combina comodidad y mucho estilo. De hecho, unos <em>looks<\/em> muy sencillos que nos acompa\u00f1ar\u00e1n en cualquier ocasi\u00f3n, desde por la ma\u00f1ana hasta la noche.<\/p>\n<p><!-- BREAK 1 --> <!-- PIVOT START --><\/p>\n<div class=\"pivot-ecommerce-container m-pivot-ecommerce-redesign article-asset-normal article-asset-center\" readability=\"24.918032786885\">\n<div class=\"pivot-ecommerce\" readability=\"3.2068965517241\">\n<div class=\"pivot-ecommerce-figure\"> <a rel=\"nofollow, sponsored, noopener, noreferrer noopener\" target=\"_blank\" href=\"https:\/\/www.trendencias.com\/redirect?url=https%3A%2F%2Fwww.merkal.com%2Fzueco-chunky-madera-beige-nyc%3Fcode%3DP_5639366446_1000&amp;category=shopping&amp;pivot=1&amp;ecomPostExpiration=everlasting&amp;postId=643365\"> <img loading=\"lazy\" alt=\"Zuecos chunky madera beige NYC \" width=\"631\" height=\"632\" src=\"http:\/\/hoycordobaweb.com\/wp-content\/uploads\/2025\/05\/vuelven-los-zuecos-de-madera-de-los-90s-y-asi-se-llevan-en-el-verano-de-2025-spoiler-van-con-todo.png\"> <\/a> <\/div>\n<div class=\"pivot-ecommerce-summary\" readability=\"3.7413793103448\">\n<p class=\"pivot-ecommerce-desc\">Zuecos chunky madera beige NYC <\/p>\n<\/p><\/div><\/div>\n<p>* Alg\u00fan precio puede haber cambiado desde la \u00faltima revisi\u00f3n<\/p>\n<\/p><\/div>\n<p><!-- PIVOT END --><\/p>\n<p>Son de color <em>beige<\/em> y su dise\u00f1o es minimalista. Adem\u00e1s, <strong>sus tachuelas le dan mucho rollazo<\/strong> y un toque muy <em>cool<\/em> que las hace m\u00e1s originales. Su tac\u00f3n en forma de bloque es otra de sus ventajas porque a\u00f1ade altura de forma elegante, pero sin sacrificar nuestra comodidad.<\/p>\n<p><!-- BREAK 2 --><\/p>\n<div class=\"article-asset-image article-asset-normal article-asset-center\">\n<div class=\"asset-content\"> <a rel=\"nofollow, sponsored, noopener, noreferrer noopener\" target=\"_blank\" class=\"js-ecommerce\" id=\"link-ecommerce-1\" href=\"https:\/\/www.trendencias.com\/redirect?url=https%3A%2F%2Fwww.merkal.com%2Fzueco-chunky-madera-beige-nyc%3Fcode%3DP_5639366446_1000&amp;category=shopping&amp;ecomPostExpiration=everlasting&amp;postId=643365\" data-vars-affiliate-url=\"https:\/\/www.merkal.com\/zueco-chunky-madera-beige-nyc?code=P_5639366446_1000\"> <img class=\"centro_sinmarco\" height=\"632\" width=\"748\" loading=\"lazy\" decoding=\"async\" sizes=\"100vw\" fetchpriority=\"high\" srcset=\"http:\/\/hoycordobaweb.com\/wp-content\/uploads\/2025\/05\/vuelven-los-zuecos-de-madera-de-los-90s-y-asi-se-llevan-en-el-verano-de-2025-spoiler-van-con-todo-1.png 450w, http:\/\/hoycordobaweb.com\/wp-content\/uploads\/2025\/05\/vuelven-los-zuecos-de-madera-de-los-90s-y-asi-se-llevan-en-el-verano-de-2025-spoiler-van-con-todo-2.png 681w, http:\/\/hoycordobaweb.com\/wp-content\/uploads\/2025\/05\/vuelven-los-zuecos-de-madera-de-los-90s-y-asi-se-llevan-en-el-verano-de-2025-spoiler-van-con-todo-3.png 1024w, http:\/\/hoycordobaweb.com\/wp-content\/uploads\/2025\/05\/vuelven-los-zuecos-de-madera-de-los-90s-y-asi-se-llevan-en-el-verano-de-2025-spoiler-van-con-todo-4.png 1366w\" src=\"http:\/\/hoycordobaweb.com\/wp-content\/uploads\/2025\/05\/vuelven-los-zuecos-de-madera-de-los-90s-y-asi-se-llevan-en-el-verano-de-2025-spoiler-van-con-todo-1.png\" alt=\"Captura De Pantalla 2025 05 20 A Las 17 32 35\"> <noscript><img alt=\"Captura De Pantalla 2025 05 20 A Las 17 32 35\" class=\"centro_sinmarco\" src=\"http:\/\/hoycordobaweb.com\/wp-content\/uploads\/2025\/05\/vuelven-los-zuecos-de-madera-de-los-90s-y-asi-se-llevan-en-el-verano-de-2025-spoiler-van-con-todo-1.png\"><\/noscript> <\/a> <\/div>\n<\/div>\n<p>Su suela es tipo <em>chunky<\/em> y est\u00e1n firmados por NYC. Este modelo es s\u00faper vers\u00e1til y, <strong>si no eres muy fan del estilo bohemio tambi\u00e9n podr\u00e1s sacarle mucho partido<\/strong>. Desde unos <a class=\"text-outboundlink\" href=\"https:\/\/www.trendencias.com\/shopping\/como-combinar-unos-jeans-pitillo-look-elegante-casual-sport\" data-vars-post-title=\"C\u00f3mo combinar unos jeans pitillo | Look elegante, casual y de sport \" data-vars-post-url=\"https:\/\/www.trendencias.com\/shopping\/como-combinar-unos-jeans-pitillo-look-elegante-casual-sport\"><em>jeans<\/em> pitillos<\/a> s\u00faper favorecedores hasta una falda globo y un top de tirantes blanco en un total <em>look white<\/em>. Existen muchas combinaciones y su precio en Merkal es <a rel=\"nofollow, sponsored, noopener, noreferrer noopener\" target=\"_blank\" class=\"js-ecommerce\" id=\"link-ecommerce-2\" href=\"https:\/\/www.trendencias.com\/redirect?url=https%3A%2F%2Fwww.merkal.com%2Fzueco-chunky-madera-beige-nyc%3Fcode%3DP_5639366446_1000&amp;category=shopping&amp;ecomPostExpiration=everlasting&amp;postId=643365\" data-vars-affiliate-url=\"https:\/\/www.merkal.com\/zueco-chunky-madera-beige-nyc?code=P_5639366446_1000\">39,99 euros<\/a>.<\/p>\n<p><!-- BREAK 3 --> <\/p>\n<h2>Las flores y los zuecos s\u00faper tendencia este verano<\/h2>\n<div class=\"article-asset-image article-asset-normal article-asset-center\">\n<div class=\"asset-content\"> <img class=\"centro_sinmarco\" height=\"1980\" width=\"1320\" loading=\"lazy\" decoding=\"async\" sizes=\"100vw\" fetchpriority=\"high\" srcset=\"http:\/\/hoycordobaweb.com\/wp-content\/uploads\/2025\/05\/vuelven-los-zuecos-de-madera-de-los-90s-y-asi-se-llevan-en-el-verano-de-2025-spoiler-van-con-todo.jpg 450w, http:\/\/hoycordobaweb.com\/wp-content\/uploads\/2025\/05\/vuelven-los-zuecos-de-madera-de-los-90s-y-asi-se-llevan-en-el-verano-de-2025-spoiler-van-con-todo-2.jpg 681w, http:\/\/hoycordobaweb.com\/wp-content\/uploads\/2025\/05\/vuelven-los-zuecos-de-madera-de-los-90s-y-asi-se-llevan-en-el-verano-de-2025-spoiler-van-con-todo-3.jpg 1024w, http:\/\/hoycordobaweb.com\/wp-content\/uploads\/2025\/05\/vuelven-los-zuecos-de-madera-de-los-90s-y-asi-se-llevan-en-el-verano-de-2025-spoiler-van-con-todo-4.jpg 1366w\" src=\"http:\/\/hoycordobaweb.com\/wp-content\/uploads\/2025\/05\/vuelven-los-zuecos-de-madera-de-los-90s-y-asi-se-llevan-en-el-verano-de-2025-spoiler-van-con-todo.jpg\" alt=\"Chloe S25 058\"> <noscript><img alt=\"Chloe S25 058\" class=\"centro_sinmarco\" src=\"http:\/\/hoycordobaweb.com\/wp-content\/uploads\/2025\/05\/vuelven-los-zuecos-de-madera-de-los-90s-y-asi-se-llevan-en-el-verano-de-2025-spoiler-van-con-todo.jpg\"><\/noscript> <\/div>\n<\/div>\n<p>En esta propuesta de Chlo\u00e9, vemos <strong>un maxi vestido con un estampado floral s\u00faper fresquito y alegre<\/strong> que podemos combinar con los zuecos de Merkal. De hecho, ser\u00e1 un acierto para que no arrastre y resultar\u00e1 s\u00faper favorecedor. As\u00ed mismo, podemos a\u00f1adir un bolso del mismo tono que el zapato para que a\u00f1ada equilibrio al <em>outfit<\/em>.<\/p>\n<p><!-- BREAK 4 --><\/p>\n<p>Las joyas, ya sean doradas o plateadas, <strong>ser\u00e1n clave para darle un aspecto m\u00e1s elegante<\/strong> y ser\u00e1 una elecci\u00f3n ideal para llevar a una reuni\u00f3n de trabajo o a una comida especial en cualquier restaurante de la ciudad. Este conjunto se presta a jugar con otros complementos en tendencia que saquen la mejor versi\u00f3n de s\u00ed mismo.<\/p>\n<p><!-- BREAK 5 --><\/p>\n<p><em>Nota: algunos de los enlaces de este art\u00edculo son afiliados y pueden reportar un beneficio a Trendencias. En caso de no disponibilidad, las ofertas pueden variar.<\/em><\/p>\n<p><!-- BREAK 6 --> <\/p>\n<p>Fotos |Merkal, <a rel=\"noopener, noreferrer\" href=\"https:\/\/spotlight.launchmetrics.com\/en\/gallery?input=chloe&amp;filter=brandName%3DChlo%C3%A9&amp;selectedImage=66f52468feb7de0a3a1fc0d6&amp;\">Launchmetrics<\/a><\/p>\n<p>En Trendencias | <a class=\"text-outboundlink\" href=\"https:\/\/www.trendencias.com\/propuestas-y-consejos\/chaquetas-que-tendencia-este-otono-invierno-2022-2023-larga-vida-a-bomber-a-cazadora-vaquera\" data-vars-post-title=\"Chaquetas que son tendencia: de la americana marr\u00f3n chocolate a la cl\u00e1sica bomber\" data-vars-post-url=\"https:\/\/www.trendencias.com\/propuestas-y-consejos\/chaquetas-que-tendencia-este-otono-invierno-2022-2023-larga-vida-a-bomber-a-cazadora-vaquera\" data-id=\"noopener noreferrer\">Chaquetas que son tendencia: larga vida a la bomber y a la cazadora vaquera<\/a><\/p>\n<p>En Trendencias | <a class=\"text-outboundlink\" href=\"https:\/\/www.trendencias.com\/propuestas-y-consejos\/nuestro-flechazo-vaqueros-wide-leg-tiro-alto-como-llevarlos-cuatro-modelos-favorecedores\" data-vars-post-title=\"Nuestro flechazo son los vaqueros wide leg de tiro alto: c\u00f3mo llevarlos y 11 formas de combinarlos con estilo\" data-vars-post-url=\"https:\/\/www.trendencias.com\/propuestas-y-consejos\/nuestro-flechazo-vaqueros-wide-leg-tiro-alto-como-llevarlos-cuatro-modelos-favorecedores\" data-id=\"noopener noreferrer\">Nuestro flechazo son los vaqueros <em>wide leg<\/em> de tiro alto: c\u00f3mo llevarlos y los diez modelos m\u00e1s favorecedores<\/a><\/p>\n<p>En Trendencias | <a class=\"text-outboundlink\" href=\"https:\/\/www.trendencias.com\/eventos\/arenal-sound-todos-conciertos-entradas-horarios-confirmados-festival\" data-vars-post-title=\"Arenal Sound 2025: todos los conciertos, entradas y horarios confirmados del festival\" data-vars-post-url=\"https:\/\/www.trendencias.com\/eventos\/arenal-sound-todos-conciertos-entradas-horarios-confirmados-festival\" data-id=\"noopener noreferrer\"><u>Arenal Sound 2025: todos los conciertos, entradas y horarios confirmados del festival<\/u><\/a><\/p>\n","protected":false},"excerpt":{"rendered":"<p>Han vuelto los zuecos de madera que triunfaron en los a\u00f1os 90 a Merkal, pero este verano los llevaremos con todo. Desde vestidos holgados y fresquitos hasta conjuntos de lino en una moda effortless arreglada. Una tendencia que combina comodidad y mucho estilo. De hecho, unos looks muy sencillos que nos acompa\u00f1ar\u00e1n en cualquier ocasi\u00f3n, [&hellip;]<\/p>\n","protected":false},"author":1,"featured_media":105681,"comment_status":"closed","ping_status":"closed","sticky":false,"template":"","format":"standard","meta":[],"categories":[],"tags":[],"_links":{"self":[{"href":"http:\/\/hoycordobaweb.com\/index.php\/wp-json\/wp\/v2\/posts\/105680"}],"collection":[{"href":"http:\/\/hoycordobaweb.com\/index.php\/wp-json\/wp\/v2\/posts"}],"about":[{"href":"http:\/\/hoycordobaweb.com\/index.php\/wp-json\/wp\/v2\/types\/post"}],"author":[{"embeddable":true,"href":"http:\/\/hoycordobaweb.com\/index.php\/wp-json\/wp\/v2\/users\/1"}],"replies":[{"embeddable":true,"href":"http:\/\/hoycordobaweb.com\/index.php\/wp-json\/wp\/v2\/comments?post=105680"}],"version-history":[{"count":0,"href":"http:\/\/hoycordobaweb.com\/index.php\/wp-json\/wp\/v2\/posts\/105680\/revisions"}],"wp:featuredmedia":[{"embeddable":true,"href":"http:\/\/hoycordobaweb.com\/index.php\/wp-json\/wp\/v2\/media\/105681"}],"wp:attachment":[{"href":"http:\/\/hoycordobaweb.com\/index.php\/wp-json\/wp\/v2\/media?parent=105680"}],"wp:term":[{"taxonomy":"category","embeddable":true,"href":"http:\/\/hoycordobaweb.com\/index.php\/wp-json\/wp\/v2\/categories?post=105680"},{"taxonomy":"post_tag","embeddable":true,"href":"http:\/\/hoycordobaweb.com\/index.php\/wp-json\/wp\/v2\/tags?post=105680"}],"curies":[{"name":"wp","href":"https:\/\/api.w.org\/{rel}","templated":true}]}}