{"id":105670,"date":"2025-05-20T17:08:38","date_gmt":"2025-05-20T17:08:38","guid":{"rendered":"https:\/\/www.ole.com.ar\/futbol-internacional\/espana\/julian-alvarez-atletico-madrid-barcelona-respuesta-contundente-cerezo-morira-deportivamente_0_oRAYELmjpi.html"},"modified":"2025-05-20T17:08:38","modified_gmt":"2025-05-20T17:08:38","slug":"la-contundente-respuesta-del-atletico-de-madrid-al-barcelona-julian-alvarez-morira-deportivamente-aqui","status":"publish","type":"post","link":"http:\/\/hoycordobaweb.com\/index.php\/2025\/05\/20\/la-contundente-respuesta-del-atletico-de-madrid-al-barcelona-julian-alvarez-morira-deportivamente-aqui\/","title":{"rendered":"La contundente respuesta del Atl\u00e9tico de Madrid al Barcelona: \u00abJuli\u00e1n \u00c1lvarez morir\u00e1 deportivamente aqu\u00ed\u00bb"},"content":{"rendered":"<p><img src=\"http:\/\/hoycordobaweb.com\/wp-content\/uploads\/2025\/05\/la-contundente-respuesta-del-atletico-de-madrid-al-barcelona-julian-alvarez-morira-deportivamente-aqui.jpg\"><\/p>\n<p><time class=\"createDate\" datetime=\"2025-05-20T14:08:38-03:00\">20\/05\/2025 14:08hs.<\/time><\/p>\n<div id=\"storyBody\">\n<div class=\"custom-text \" readability=\"37.821350762527\">\n<p>En medio de los rumores que vinculan al <strong><a href=\"https:\/\/www.ole.com.ar\/tema\/barcelona.html\" title=\"Barcelona\" alt=\"Barcelona\" class=\"slug\">Barcelona<\/a><\/strong> con<strong><a href=\"https:\/\/www.ole.com.ar\/tema\/julian-alvarez.html\" title=\"Juli\u00e1n Alvarez\" alt=\"Juli\u00e1n Alvarez\" class=\"slug\"> Juli\u00e1n \u00c1lvarez<\/a><\/strong>, el presidente del Atl\u00e9tico de Madrid, <strong>Enrique Cerezo, respondi\u00f3 de manera contundente y hasta se permiti\u00f3<\/strong> bromear sobre Lamine Yamal. El mandatario colchonero <strong>neg\u00f3 cualquier posibilidad de una negociaci\u00f3n<\/strong> por el delantero argentino y dej\u00f3 en claro que, si bien es un jugador seguido por varios grandes de Europa, <strong>no est\u00e1 en los planes del club facilitar su salida en este mercado.<\/strong><\/p>\n<\/div>\n<div class=\"custom-text \" readability=\"34.818396226415\">\n<p><strong>\u00abJuli\u00e1n \u00c1lvarez es un jugador del Atl\u00e9tico. Es nuestro y seguir\u00e1 siendo nuestro\u00bb,<\/strong> respondi\u00f3 Cerezo ante la posibilidad de dejarlo ir en el mercado de verano durante una entrevista en el programa Tot es mou. A su vez, no perdi\u00f3 la oportunidad de bromear y se refiri\u00f3 a<strong><a href=\"https:\/\/www.ole.com.ar\/futbol-internacional\/espana\/lamine-yamal-dorsal-10-clausula-millonaria_0_qQh4IUwBI6.html\" target=\"_self\" title=\" la estrella del Barcelona\" alt=\" la estrella del Barcelona\" rel=\"noopener noreferrer\"> la estrella del Barcelona<\/a><\/strong>: <strong>\u00bfAl Barca le gusta Juli\u00e1n \u00c1lvarez? Pues a mi me gusta much\u00edsimo Lamine Yamal. Va a ser que tenemos los mismos gustos\u00bb.<\/strong><\/p>\n<\/div>\n<div class=\"custom-text \" readability=\"36.514435695538\">\n<p>El ex <strong><a href=\"https:\/\/www.ole.com.ar\/tema\/river-plate.html\" title=\"River Plate\" alt=\"River Plate\" class=\"slug\">River<\/a><\/strong>tuvo una buena temporada en el club espa\u00f1ol y es una de las figuras del equipo. Durante esta campa\u00f1a convirti\u00f3 29 goles en los 53 partidos que disput\u00f3, y la posibilidad de dejarlo ir no est\u00e1 en los planes del equipo. <strong>\u00abJuli\u00e1n va a crecer en el Atl\u00e9tico y morir\u00e1 deportivamente en el Atl\u00e9tico porque es un futbolista hecho para nosotros\u00bb, <\/strong>concluy\u00f3 el mandatario.<\/p>\n<\/div>\n<div class=\"sc-734b4696-1 kFfZtB\" readability=\"6\">\n<div class=\"sc-d00d9e74-0 hnHYbk\" type=\"embed\">\n<div class=\"sc-d00d9e74-1 iKVbz videoText\" id=\"contentTitleembedLBUKE1wT\" type=\"embed\"><svg fill=\"#ffffff\"><symbol id=\"play\" viewBox=\"0 0 512 512\"><path d=\"M512 256C512 397.4 397.4 512 256 512C114.6 512 0 397.4 0 256C0 114.6 114.6 0 256 0C397.4 0 512 114.6 512 256zM176 168V344C176 352.7 180.7 360.7 188.3 364.9C195.8 369.2 205.1 369 212.5 364.5L356.5 276.5C363.6 272.1 368 264.4 368 256C368 247.6 363.6 239.9 356.5 235.5L212.5 147.5C205.1 142.1 195.8 142.8 188.3 147.1C180.7 151.3 176 159.3 176 168V168z\" \/><\/symbol><use xlink:href=\"#play\" \/><\/svg><\/p>\n<div class=\"right\">\n<p>Juli\u00e1n Alvarez<!-- --> &#8211; <span>&nbsp;<\/span><\/p>\n<h2 class=\"title-vid\">Enrique Cerezo, presidente del Atl\u00e9tico de Madrid se refiri\u00f3 sobre el posible inter\u00e9s del Barcelona en Juli\u00e1n \u00c1lvarez<\/h2>\n<\/div>\n<\/div>\n<p><span class=\"back\" id=\"spanBackembedLBUKE1wT\"><\/span><\/div>\n<div class=\"JWvideoNota_title\" readability=\"7\">\n<p>Respondi\u00f3 tras los rumores de la Ara\u00f1a. (X @esport3)<\/p>\n<\/div>\n<\/div>\n<p><h2>Los n\u00fameros de la Ara\u00f1a <\/h2>\n<\/p>\n<div class=\"custom-text \" readability=\"38\">\n<p>En su llegada, durante la primera temporada, Juli\u00e1n se convirti\u00f3 en una de los jugadores claves del Atl\u00e9tico. Desde entonces, acumul\u00f3 <strong>53 encuentros en todas las competiciones, con 29 goles y cinco asistencias.<\/strong><\/p>\n<\/div>\n<div class=\"sc-e7b891c4-0 ifHnQL image-embed\"><img alt=\"La Ara\u00f1a es una figura clave en el equipo del Cholo Simeone. EFE\" loading=\"lazy\" width=\"720\" height=\"100\" decoding=\"async\" data-nimg=\"1\" src=\"http:\/\/hoycordobaweb.com\/wp-content\/uploads\/2025\/05\/la-contundente-respuesta-del-atletico-de-madrid-al-barcelona-julian-alvarez-morira-deportivamente-aqui-2.jpg\"><span class=\"epigraphe\">La Ara\u00f1a es una figura clave en el equipo del Cholo Simeone. EFE<\/span><\/div>\n<div class=\"custom-text \" readability=\"32.40780141844\">\n<p>En la <strong><a href=\"https:\/\/www.ole.com.ar\/tema\/champions-league.html\" title=\"Champions League\" alt=\"Champions League\" class=\"slug\">Champions League<\/a><\/strong>, fue el responsable de siete tantos y una asistencia en 10 partidos. En <strong><a href=\"https:\/\/www.ole.com.ar\/tema\/laliga-genuine.html\" title=\"LaLIga Genuine\" alt=\"LaLIga Genuine\" class=\"slug\">La Liga<\/a> <\/strong>no se qued\u00f3 atr\u00e1s y, en los 35 encuentros que disput\u00f3, convirti\u00f3 17 goles y dos asistencias. Y en la<strong><a href=\"https:\/\/www.ole.com.ar\/tema\/copa-del-rey.html\" title=\"Copa del Rey\" alt=\"Copa del Rey\" class=\"slug\"> Copa del Rey<\/a><\/strong> sum\u00f3 cinco anotaciones y dos pases gol m\u00e1s en siete cruces.<\/p>\n<\/div>\n<p><h2>El momento del Atl\u00e9tico Madrid<\/h2>\n<\/p>\n<div class=\"custom-text \" readability=\"34.220532319392\">\n<p>Este domingo, por la fecha 37 de La Liga (Espa\u00f1a), el equipo de <strong><a href=\"https:\/\/www.ole.com.ar\/tema\/diego-simeone.html\" title=\"Diego Simeone\" alt=\"Diego Simeone\" class=\"slug\">Diego Simeone<\/a><\/strong>gole\u00f3 4-1 al Betis. <strong>El ex River anot\u00f3 por duplicado en el partido.<\/strong> Uno de los goles fue proclamado por toda la hinchada: preciso tiro libre cuando iban 10 minutos de la primera parte.<\/p>\n<\/div>\n<div class=\"sc-e7b891c4-0 ifHnQL image-embed\"><img alt=\"La Ara\u00f1a convirti\u00f3 un doblete el fin de semana. EFE\" loading=\"lazy\" width=\"720\" height=\"100\" decoding=\"async\" data-nimg=\"1\" src=\"http:\/\/hoycordobaweb.com\/wp-content\/uploads\/2025\/05\/la-contundente-respuesta-del-atletico-de-madrid-al-barcelona-julian-alvarez-morira-deportivamente-aqui-3.jpg\"><span class=\"epigraphe\">La Ara\u00f1a convirti\u00f3 un doblete el fin de semana. EFE<\/span><\/div>\n<div class=\"custom-text \" readability=\"38\">\n<p><strong>En lo que a los otros argentinos respecta<\/strong>, Giuliano Simeone (80&#8242;) y Rodrigo De Paul (70&#8242;) tambi\u00e9n fueron titulares en aquel partido. Angelito Correa y Nahuel Molina entraron a los 35&#8242; del ST. Ya en tiempo de descuento, el surgido en San Lorenzo clav\u00f3 el cuarto para el Colchonero. Octavo tanto en 44 partidos en la temporada. Del otro lado, el que sufri\u00f3 fue Gio Lo Celso (jug\u00f3 82 minutos).<\/p>\n<\/div>\n<div class=\"sc-e7b891c4-0 ifHnQL image-embed\"><img alt=\"El Atl\u00e9tico ya est\u00e1 clasificado a la Champions. EFE\" loading=\"lazy\" width=\"720\" height=\"100\" decoding=\"async\" data-nimg=\"1\" src=\"http:\/\/hoycordobaweb.com\/wp-content\/uploads\/2025\/05\/la-contundente-respuesta-del-atletico-de-madrid-al-barcelona-julian-alvarez-morira-deportivamente-aqui-4.jpg\"><span class=\"epigraphe\">El Atl\u00e9tico ya est\u00e1 clasificado a la Champions. EFE<\/span><\/div>\n<div class=\"custom-text \" readability=\"33.349056603774\">\n<p>Tercero y ya clasificado a la pr\u00f3xima<a href=\"https:\/\/www.ole.com.ar\/tema\/champions-league.html\" title=\"Champions League\" alt=\"Champions League\" class=\"slug\"> Champions,<\/a> <strong>el equipo de Simeone lleg\u00f3 a los 73 puntos en 37 partidos en la Liga<\/strong>. Cerrar\u00e1 el pr\u00f3ximo domingo contra Girona de visitante para luego enfocarse en el Mundial. <\/p>\n<\/div>\n<div class=\"sc-a7166897-0 eoLsBE\" readability=\"6\">\n<section readability=\"2\"><picture><img alt=\"Anuncio para Ecuador: el Mundial de Clubes 2025 se ver\u00e1 por TV abierta\" loading=\"lazy\" width=\"290\" height=\"290\" decoding=\"async\" data-nimg=\"1\" src=\"http:\/\/hoycordobaweb.com\/wp-content\/uploads\/2025\/05\/la-contundente-respuesta-del-atletico-de-madrid-al-barcelona-julian-alvarez-morira-deportivamente-aqui-5.jpg\"><\/picture>\n<p><span>Mir\u00e1 tambi\u00e9n<\/span><\/p>\n<hr>\n<h3>Anuncio para Ecuador: el Mundial de Clubes 2025 se ver\u00e1 por TV abierta<\/h3>\n<\/p>\n<\/section>\n<\/div>\n<div class=\"sc-a7166897-0 eoLsBE\" readability=\"6.5\">\n<section readability=\"3\"><picture><img alt=\"Enzo Barrenechea, entre la ovaci\u00f3n del p\u00fablico y el final de su ciclo en Valencia\" loading=\"lazy\" width=\"290\" height=\"290\" decoding=\"async\" data-nimg=\"1\" src=\"http:\/\/hoycordobaweb.com\/wp-content\/uploads\/2025\/05\/la-contundente-respuesta-del-atletico-de-madrid-al-barcelona-julian-alvarez-morira-deportivamente-aqui-6.jpg\"><\/picture>\n<p><span>Mir\u00e1 tambi\u00e9n<\/span><\/p>\n<hr>\n<h3>Enzo Barrenechea, entre la ovaci\u00f3n del p\u00fablico y el final de su ciclo en Valencia<\/h3>\n<\/p>\n<\/section>\n<\/div>\n<div class=\"sc-a7166897-0 eoLsBE\" readability=\"6\">\n<section readability=\"2\"><picture><img alt=\"Ins\u00f3lito: el Valencia exige una rectificaci\u00f3n por el documental de Vinicius\" loading=\"lazy\" width=\"290\" height=\"290\" decoding=\"async\" data-nimg=\"1\" src=\"http:\/\/hoycordobaweb.com\/wp-content\/uploads\/2025\/05\/la-contundente-respuesta-del-atletico-de-madrid-al-barcelona-julian-alvarez-morira-deportivamente-aqui-7.jpg\"><\/picture>\n<p><span>Mir\u00e1 tambi\u00e9n<\/span><\/p>\n<hr>\n<h3>Ins\u00f3lito: el Valencia exige una rectificaci\u00f3n por el documental de Vinicius<\/h3>\n<\/p>\n<\/section>\n<\/div>\n<\/div>\n","protected":false},"excerpt":{"rendered":"<p>20\/05\/2025 14:08hs. En medio de los rumores que vinculan al Barcelona con Juli\u00e1n \u00c1lvarez, el presidente del Atl\u00e9tico de Madrid, Enrique Cerezo, respondi\u00f3 de manera contundente y hasta se permiti\u00f3 bromear sobre Lamine Yamal. El mandatario colchonero neg\u00f3 cualquier posibilidad de una negociaci\u00f3n por el delantero argentino y dej\u00f3 en claro que, si bien es [&hellip;]<\/p>\n","protected":false},"author":1,"featured_media":105671,"comment_status":"open","ping_status":"closed","sticky":false,"template":"","format":"standard","meta":[],"categories":[16],"tags":[],"_links":{"self":[{"href":"http:\/\/hoycordobaweb.com\/index.php\/wp-json\/wp\/v2\/posts\/105670"}],"collection":[{"href":"http:\/\/hoycordobaweb.com\/index.php\/wp-json\/wp\/v2\/posts"}],"about":[{"href":"http:\/\/hoycordobaweb.com\/index.php\/wp-json\/wp\/v2\/types\/post"}],"author":[{"embeddable":true,"href":"http:\/\/hoycordobaweb.com\/index.php\/wp-json\/wp\/v2\/users\/1"}],"replies":[{"embeddable":true,"href":"http:\/\/hoycordobaweb.com\/index.php\/wp-json\/wp\/v2\/comments?post=105670"}],"version-history":[{"count":0,"href":"http:\/\/hoycordobaweb.com\/index.php\/wp-json\/wp\/v2\/posts\/105670\/revisions"}],"wp:featuredmedia":[{"embeddable":true,"href":"http:\/\/hoycordobaweb.com\/index.php\/wp-json\/wp\/v2\/media\/105671"}],"wp:attachment":[{"href":"http:\/\/hoycordobaweb.com\/index.php\/wp-json\/wp\/v2\/media?parent=105670"}],"wp:term":[{"taxonomy":"category","embeddable":true,"href":"http:\/\/hoycordobaweb.com\/index.php\/wp-json\/wp\/v2\/categories?post=105670"},{"taxonomy":"post_tag","embeddable":true,"href":"http:\/\/hoycordobaweb.com\/index.php\/wp-json\/wp\/v2\/tags?post=105670"}],"curies":[{"name":"wp","href":"https:\/\/api.w.org\/{rel}","templated":true}]}}