{"id":105653,"date":"2025-05-20T12:12:57","date_gmt":"2025-05-20T12:12:57","guid":{"rendered":"https:\/\/ladecimaweb.com\/?p=32061"},"modified":"2025-05-20T12:12:57","modified_gmt":"2025-05-20T12:12:57","slug":"detienen-a-dos-menores-por-el-robo-de-una-motocicleta","status":"publish","type":"post","link":"http:\/\/hoycordobaweb.com\/index.php\/2025\/05\/20\/detienen-a-dos-menores-por-el-robo-de-una-motocicleta\/","title":{"rendered":"Detienen a dos menores por el robo de una motocicleta"},"content":{"rendered":"<div class=\"boldgrid-section\">\n<div class=\"container\">\n<div class=\"row\">\n<div class=\"col-md-12 col-xs-12 col-sm-12\">\n<p class=\"\"><strong>Dos adolescentes de 13 y 15 a\u00f1os<\/strong> terminaron detenidos en calle Juan Jos\u00e9 Paso al 1400 de <strong>B\u00b0 Juniors<\/strong> con el secuestro de una <strong>motocicleta marca Rouser y una ganz\u00faa.<\/strong><\/p>\n<p class=\"\"><img loading=\"lazy\" class=\"alignnone wp-image-32062\" src=\"http:\/\/hoycordobaweb.com\/wp-content\/uploads\/2025\/05\/detienen-a-dos-menores-por-el-robo-de-una-motocicleta.jpg\" alt=\"\" width=\"206\" height=\"275\" srcset=\"http:\/\/hoycordobaweb.com\/wp-content\/uploads\/2025\/05\/detienen-a-dos-menores-por-el-robo-de-una-motocicleta.jpg 960w, http:\/\/hoycordobaweb.com\/wp-content\/uploads\/2025\/05\/detienen-a-dos-menores-por-el-robo-de-una-motocicleta-1.jpg 333w, http:\/\/hoycordobaweb.com\/wp-content\/uploads\/2025\/05\/detienen-a-dos-menores-por-el-robo-de-una-motocicleta-2.jpg 768w\" sizes=\"(max-width: 206px) 100vw, 206px\" \/><\/p>\n<p class=\"\">Estos menores habr\u00edan sustra\u00eddo el rodado del interior de un complejo de departamentos ubicados en calle David Luque al 200, <strong>da\u00f1ando el tambor de arranque del veh\u00edculo<\/strong> con el elemento mencionado.<\/p>\n<p class=\"\">Posteriormente, los aprehendidos fueron puestos a disposici\u00f3n de la justicia junto a lo incautado.<\/p>\n<p class=\"\">&nbsp;<\/p>\n<div class=\"ubm_banner\"><a href=\"https:\/\/youtu.be\/h2J_ZdbxYVc\" target=\"_blank\" rel=\"dofollow noopener noreferrer\"><img src=\"http:\/\/hoycordobaweb.com\/wp-content\/uploads\/2025\/05\/detienen-a-dos-menores-por-el-robo-de-una-motocicleta.gif\" alt=\"\"><\/a><\/div>\n<\/div>\n<\/div>\n<\/div>\n<\/div>\n<p>La entrada <a rel=\"nofollow\" href=\"https:\/\/ladecimaweb.com\/detienen-a-dos-menores-por-el-robo-de-una-motocicleta\/\">Detienen a dos menores por el robo de una motocicleta<\/a> se public\u00f3 primero en <a rel=\"nofollow\" href=\"https:\/\/ladecimaweb.com\">LaDecima<\/a>.<\/p>\n","protected":false},"excerpt":{"rendered":"<p>Dos adolescentes de 13 y 15 a\u00f1os terminaron detenidos en calle Juan Jos\u00e9 Paso al 1400 de B\u00b0 Juniors con el secuestro de una motocicleta marca Rouser y una ganz\u00faa. Estos menores habr\u00edan sustra\u00eddo el rodado del interior de un complejo de departamentos ubicados en calle David Luque al 200, da\u00f1ando el tambor de arranque [&hellip;]<\/p>\n","protected":false},"author":1,"featured_media":0,"comment_status":"closed","ping_status":"closed","sticky":false,"template":"","format":"standard","meta":[],"categories":[32],"tags":[],"_links":{"self":[{"href":"http:\/\/hoycordobaweb.com\/index.php\/wp-json\/wp\/v2\/posts\/105653"}],"collection":[{"href":"http:\/\/hoycordobaweb.com\/index.php\/wp-json\/wp\/v2\/posts"}],"about":[{"href":"http:\/\/hoycordobaweb.com\/index.php\/wp-json\/wp\/v2\/types\/post"}],"author":[{"embeddable":true,"href":"http:\/\/hoycordobaweb.com\/index.php\/wp-json\/wp\/v2\/users\/1"}],"replies":[{"embeddable":true,"href":"http:\/\/hoycordobaweb.com\/index.php\/wp-json\/wp\/v2\/comments?post=105653"}],"version-history":[{"count":0,"href":"http:\/\/hoycordobaweb.com\/index.php\/wp-json\/wp\/v2\/posts\/105653\/revisions"}],"wp:attachment":[{"href":"http:\/\/hoycordobaweb.com\/index.php\/wp-json\/wp\/v2\/media?parent=105653"}],"wp:term":[{"taxonomy":"category","embeddable":true,"href":"http:\/\/hoycordobaweb.com\/index.php\/wp-json\/wp\/v2\/categories?post=105653"},{"taxonomy":"post_tag","embeddable":true,"href":"http:\/\/hoycordobaweb.com\/index.php\/wp-json\/wp\/v2\/tags?post=105653"}],"curies":[{"name":"wp","href":"https:\/\/api.w.org\/{rel}","templated":true}]}}