{"id":105577,"date":"2025-05-20T06:48:26","date_gmt":"2025-05-20T06:48:26","guid":{"rendered":"https:\/\/www.mujerhoy.com\/moda\/no-te-pierdas\/marta-ortega-sandalias-tacon-comodo-massimo-dutti-20250520084610-nt.html"},"modified":"2025-05-20T06:48:26","modified_gmt":"2025-05-20T06:48:26","slug":"marta-ortega-estrena-las-sandalias-planas-de-estilo-boho-que-necesitas-este-verano-tacon-comodo-y-disponibles-en-massimo-dutti","status":"publish","type":"post","link":"http:\/\/hoycordobaweb.com\/index.php\/2025\/05\/20\/marta-ortega-estrena-las-sandalias-planas-de-estilo-boho-que-necesitas-este-verano-tacon-comodo-y-disponibles-en-massimo-dutti\/","title":{"rendered":"Marta Ortega estrena las sandalias planas de estilo boho que necesitas este verano: tac\u00f3n c\u00f3modo y disponibles en Massimo Dutti"},"content":{"rendered":"<p><!-- AUTHOR --> <\/p>\n<div class=\"voc-author-timesocial \"> <!-- AUTHOR --> <\/p>\n<div class=\"voc-author-timesocial__signature \">\n<div class=\"voc-author-timesocial__img-c\"> <!-- IMAGE AUTHOR --> <picture class=\"voc-image-signature\"> <img class=\"voc-image-signature__img\" src=\"http:\/\/hoycordobaweb.com\/wp-content\/uploads\/2025\/05\/marta-ortega-estrena-las-sandalias-planas-de-estilo-boho-que-necesitas-este-verano-tacon-comodo-y-disponibles-en-massimo-dutti.jpg\" alt=\"Raquel Rodr\u00edguez\"> <\/picture> <\/div>\n<p> <!-- INFO AUTHOR --> <\/div><\/div>\n<p> <!-- COMPONENTS --> <\/p>\n<p class=\"voc-paragraph\" data-mrf-recirculation=\"Link art\u00edculo\">Un a\u00f1o m\u00e1s,<br \/>\n<a data-voc-vtm-id=\"in-text-traffic\" href=\"https:\/\/www.mujerhoy.com\/temas\/personajes\/marta-ortega.html\" title=\"www.mujerhoy.com\" data-mrf-link=\"https:\/\/www.mujerhoy.com\/temas\/personajes\/marta-ortega.html\"> Marta Ortega <\/a><br \/>\nel<br \/>\n<strong> Longines Global Champions Tour<\/strong>, la competici\u00f3n de h\u00edpica de la que es fan y que nunca se pierde cuando se celebra en Madrid. Esta cita deportiva, que esta edici\u00f3n ha congregado a varios rostros conocidos entre los que se encontraba Teresa Urquijo, es de las pocas apariciones p\u00fablicas de la presidenta de Inditex y<br \/>\n<strong> el look elegido <\/strong>para la ocasi\u00f3n ha vuelto a ser inspiraci\u00f3n.\n<\/p>\n<p class=\"voc-paragraph\" data-mrf-recirculation=\"Link art\u00edculo\">Haciendo alarde de su estilo sencillo, relajado y protagonizado por prendas b\u00e1sicas, Marta ha disfrutado de un domingo en familia viendo las carreras de caballos. Y aunque su outfit estaba formado por piezas poco especiales, han sido las <strong>sandalias de tac\u00f3n c\u00f3modo<\/strong> las que han llamado la atenci\u00f3n.\n<\/p>\n<p class=\"voc-paragraph\" data-mrf-recirculation=\"Link art\u00edculo\">La hija de Amancio Ortega ha sido fotografiada<br \/>\n<strong> junto a su marido roberto Torretta<\/strong> y de la mano de sus hijos. Junto a amigos y otros familiares, la presidenta de Inditex se ha dejado ver en este evento en el que tambi\u00e9n hemos visto a Mar Flores, entre otros.\n<\/p>\n<p class=\"voc-paragraph\" data-mrf-recirculation=\"Link art\u00edculo\">Y, \u00bfqu\u00e9 lleva puesto? Pues el primer d\u00eda sorprendi\u00f3 con un gabardina muy especial y diferente que combin\u00f3 con unas ugly sandals. Un modelo de sandalias de color negro no apto para todos los gustos y que confirma que Marta es cada d\u00eda que pasa una<br \/>\n<strong> chica m\u00e1s trendy<\/strong>.\n<\/p>\n<p><h3 class=\"voc-detail__title\"> El look de b\u00e1sicos de Marta Ortega<br \/>\n<\/h3>\n<\/p>\n<div class=\"voc-detail-photo-zoom\"> <picture data-toggle=\"modal\" data-target=\"#photoZoomModal-625\" target=\"modal\">\n<div class=\"voc-img-icon-link\"> <img loading=\"lazy\" src=\"http:\/\/hoycordobaweb.com\/wp-content\/uploads\/2025\/05\/marta-ortega-estrena-las-sandalias-planas-de-estilo-boho-que-necesitas-este-verano-tacon-comodo-y-disponibles-en-massimo-dutti-1.jpg\" width=\"650\" height=\"900\" alt=\"Marta Ortega con unas sandalias marrones. \/ GTRES\"> <noscript> <img src=\"http:\/\/hoycordobaweb.com\/wp-content\/uploads\/2025\/05\/marta-ortega-estrena-las-sandalias-planas-de-estilo-boho-que-necesitas-este-verano-tacon-comodo-y-disponibles-en-massimo-dutti-1.jpg\" alt=\"Marta Ortega con unas sandalias marrones. \/ GTRES\"> <\/noscript> <i class=\"voc-icons zoom voc-multimedia-box voc-ico-l\"><\/i> <\/div><figcaption class=\"figure-caption\">Marta Ortega con unas sandalias marrones. \/ GTRES<\/figcaption><\/picture>\n<\/div>\n<div id=\"photoZoomModal-625\" class=\"voc-lightbox modal fade voc-lightbox--photo-zoom\" role=\"dialog\" data-voc-photozoom-lightbox>\n<div class=\"voc-lightbox__dialog\" role=\"document\">\n<div class=\"voc-lightbox__content\"> <!-- Modal header --> <!-- Modal content --> <\/p>\n<div class=\"voc-lightbox__photo-container\"> <picture class> <img loading=\"lazy\" src=\"http:\/\/hoycordobaweb.com\/wp-content\/uploads\/2025\/05\/marta-ortega-estrena-las-sandalias-planas-de-estilo-boho-que-necesitas-este-verano-tacon-comodo-y-disponibles-en-massimo-dutti-1.jpg\" alt=\"Marta Ortega con unas sandalias marrones. \/ GTRES\"> <noscript> <img src=\"http:\/\/hoycordobaweb.com\/wp-content\/uploads\/2025\/05\/marta-ortega-estrena-las-sandalias-planas-de-estilo-boho-que-necesitas-este-verano-tacon-comodo-y-disponibles-en-massimo-dutti-1.jpg\" alt=\"Marta Ortega con unas sandalias marrones. \/ GTRES\"> <\/noscript> <\/picture> <\/div><\/div><\/div>\n<\/div>\n<p class=\"voc-paragraph\" data-mrf-recirculation=\"Link art\u00edculo\">Para el domingo, en cambio, opt\u00f3 por una f\u00f3rmula m\u00e1s sencilla en la que combin\u00f3 una <strong>camiseta blanca de manga corta y unos jeans<\/strong>. La primera ten\u00eda el detalle de unos volantes y los pantalones eran de pernera larga y corte relajado, adem\u00e1s de un talle bajo que acompa\u00f1\u00f3 de un cintur\u00f3n.\n<\/p>\n<p><h3 class=\"voc-detail__title\"> Estas son las sandalias marrones perfectas para verano<br \/>\n<\/h3>\n<\/p>\n<p class=\"voc-paragraph\" data-mrf-recirculation=\"Link art\u00edculo\">Pero, \u00bfy los zapatos? Pues Marta dio la bienvenida a la primavera y a las altas temperaturas y aprovech\u00f3 los 30\u00ba que hubo en la capital estrenando unas sandalias ideales. Parece que la presidenta de Inditex es plena conocedora de la <a data-voc-vtm-id=\"in-text-traffic\" href=\"https:\/\/www.mujerhoy.com\/moda\/no-te-pierdas\/mejores-prendas-boho-chic-tendencia-primavera-sfera-20250319130828-nt.html\" title=\"www.mujerhoy.com\" data-mrf-link=\"https:\/\/www.mujerhoy.com\/moda\/no-te-pierdas\/mejores-prendas-boho-chic-tendencia-primavera-sfera-20250319130828-nt.html\">tendencia boho<\/a> y se ha hecho con un modelo de este estilo.\n<\/p>\n<p class=\"voc-paragraph\" data-mrf-recirculation=\"Link art\u00edculo\">Se trata de unas<br \/>\n<strong> sandalias de color marr\u00f3n, con suela de madera<\/strong>, un tac\u00f3n c\u00f3modo triangular y un dise\u00f1o de tiras cruzadas que rodean el dedo gordo del pie. Se trata de un modelo s\u00faper c\u00f3modo, para llevar a diario y que marca la diferencia en un look de b\u00e1sicos.\n<\/p>\n<div class=\"voc-detail__cmp\">\n<div class=\"voc-article-container\">\n<article class=\"voc-article voc-article--cmp-photo-text\" readability=\"26\">\n<div class=\"voc-img-container\" readability=\"7\"> <picture>\n<div class=\"voc-horizontal voc-img-icon-link\"> <img loading=\"lazy\" src=\"http:\/\/hoycordobaweb.com\/wp-content\/uploads\/2025\/05\/marta-ortega-estrena-las-sandalias-planas-de-estilo-boho-que-necesitas-este-verano-tacon-comodo-y-disponibles-en-massimo-dutti-2.jpg\" alt=\"Las sandalias de Massimo Dutti.\" width=\"624\" height=\"624\"> <\/div>\n<\/picture>\n<p class=\"figure-caption \"> Las sandalias de Massimo Dutti. <span class=\"voc-photo-author\"> <\/span> <\/p>\n<\/p><\/div>\n<\/article><\/div>\n<\/div>\n<p class=\"voc-paragraph\" data-mrf-recirculation=\"Link art\u00edculo\">Ideales, \u00bfverdad? La mala noticia es que actualmente no se encuentran a la venta en la web de Zara. La buena es que hemos dado con una ocpi\u00f3n muy parecida en <strong>Massimo Dutti<\/strong>. Se trata de unas sandalias confeccionadas en piel caprina con acabado serraje con tiras entrecruzadas en la parte delantera y que cuestan <strong>79,95 euros<\/strong>.\n<\/p>\n<p class=\"voc-paragraph\" data-mrf-recirculation=\"Link art\u00edculo\">Marta complet\u00f3 el look con unas<br \/>\n<strong> galas de sol de forma cat <\/strong>eye y con un collar que tambi\u00e9n se ha colado en nuestro radar. Le dio el toque especial al outfit con un <strong>colgante largo tipo amuleto<\/strong>. Y es que, llevaba una piedra redonda que acaparaba casi todo el protagonismo.\n<\/p>\n<p> <!-- TOPICS --> <\/p>\n","protected":false},"excerpt":{"rendered":"<p>Un a\u00f1o m\u00e1s, Marta Ortega el Longines Global Champions Tour, la competici\u00f3n de h\u00edpica de la que es fan y que nunca se pierde cuando se celebra en Madrid. Esta cita deportiva, que esta edici\u00f3n ha congregado a varios rostros conocidos entre los que se encontraba Teresa Urquijo, es de las pocas apariciones p\u00fablicas de [&hellip;]<\/p>\n","protected":false},"author":1,"featured_media":105578,"comment_status":"closed","ping_status":"closed","sticky":false,"template":"","format":"standard","meta":[],"categories":[],"tags":[],"_links":{"self":[{"href":"http:\/\/hoycordobaweb.com\/index.php\/wp-json\/wp\/v2\/posts\/105577"}],"collection":[{"href":"http:\/\/hoycordobaweb.com\/index.php\/wp-json\/wp\/v2\/posts"}],"about":[{"href":"http:\/\/hoycordobaweb.com\/index.php\/wp-json\/wp\/v2\/types\/post"}],"author":[{"embeddable":true,"href":"http:\/\/hoycordobaweb.com\/index.php\/wp-json\/wp\/v2\/users\/1"}],"replies":[{"embeddable":true,"href":"http:\/\/hoycordobaweb.com\/index.php\/wp-json\/wp\/v2\/comments?post=105577"}],"version-history":[{"count":0,"href":"http:\/\/hoycordobaweb.com\/index.php\/wp-json\/wp\/v2\/posts\/105577\/revisions"}],"wp:featuredmedia":[{"embeddable":true,"href":"http:\/\/hoycordobaweb.com\/index.php\/wp-json\/wp\/v2\/media\/105578"}],"wp:attachment":[{"href":"http:\/\/hoycordobaweb.com\/index.php\/wp-json\/wp\/v2\/media?parent=105577"}],"wp:term":[{"taxonomy":"category","embeddable":true,"href":"http:\/\/hoycordobaweb.com\/index.php\/wp-json\/wp\/v2\/categories?post=105577"},{"taxonomy":"post_tag","embeddable":true,"href":"http:\/\/hoycordobaweb.com\/index.php\/wp-json\/wp\/v2\/tags?post=105577"}],"curies":[{"name":"wp","href":"https:\/\/api.w.org\/{rel}","templated":true}]}}