{"id":105563,"date":"2025-05-19T18:51:02","date_gmt":"2025-05-19T18:51:02","guid":{"rendered":"https:\/\/www.ole.com.ar\/river-plate\/river-plate-enzo-perez-arquero-atajo-independiente-santa-fe-copa-libertadores-aniversario-anos_0_pAz0EOrdKV.html"},"modified":"2025-05-19T18:51:02","modified_gmt":"2025-05-19T18:51:02","slug":"a-cuatro-anos-del-historico-atajo-yo-los-recuerdos-de-river-y-enzo-perez","status":"publish","type":"post","link":"http:\/\/hoycordobaweb.com\/index.php\/2025\/05\/19\/a-cuatro-anos-del-historico-atajo-yo-los-recuerdos-de-river-y-enzo-perez\/","title":{"rendered":"A cuatro a\u00f1os del hist\u00f3rico \u00abatajo yo\u00bb: los recuerdos de River y Enzo P\u00e9rez"},"content":{"rendered":"<p><img src=\"http:\/\/hoycordobaweb.com\/wp-content\/uploads\/2025\/05\/a-cuatro-anos-del-historico-atajo-yo-los-recuerdos-de-river-y-enzo-perez.jpg\"><\/p>\n<p><time class=\"createDate\" datetime=\"2025-05-19T15:51:02-03:00\">19\/05\/2025 15:51hs.<\/time><\/p>\n<div id=\"storyBody\">\n<div class=\"custom-text \" readability=\"36.898550724638\">\n<p>As\u00ed como el 9 de diciembre del 2018 o el 2 de enero del 2025 -d\u00eda en que volvi\u00f3 al club- fueron fechas ic\u00f3nicas dentro de la carrera de <strong><a href=\"https:\/\/www.ole.com.ar\/tema\/enzo-perez.html\" title=\"Enzo Perez\" alt=\"Enzo Perez\" class=\"slug\">Enzo P\u00e9rez<\/a><\/strong> con la camiseta de <strong><a href=\"https:\/\/www.ole.com.ar\/tema\/river-plate.html\" title=\"River Plate\" alt=\"River Plate\" class=\"slug\">River<\/a><\/strong>, el <strong>19 de mayo<\/strong> tambi\u00e9n aparece como uno de los d\u00edas m\u00e1s recordados en la historia del volante. Y es que un d\u00eda como este lunes pero de hace cuatro a\u00f1os, el campe\u00f3n de Am\u00e9rica con el CARP volv\u00eda a vestirse de h\u00e9roe: con un desgarro y ante la ola masiva de Covid que afect\u00f3 al plantel, <strong>se puso los guantes de arquero en una noche que qued\u00f3 para la historia del club<\/strong>.<\/p>\n<\/div>\n<div class=\"custom-text \" readability=\"37.806883365201\">\n<p>Tras haberse registrado 15 casos positivos de coronavirus a principios de mayo del 2021 en el plantel de River, <strong><a href=\"https:\/\/www.ole.com.ar\/tema\/marcelo-gallardo.html\" title=\"Marcelo Gallardo\" alt=\"Marcelo Gallardo\" class=\"slug\">Marcelo Gallardo<\/a><\/strong> tuvo que rebusc\u00e1rselas para armar un equipo que, sin arquero titular y con varios juveniles, buscara hacerle frente a Independiente Santa Fe por un partido clave en la quinta fecha de la fase de grupos de la Libertadores. Y fue all\u00ed, que <strong>Enzo volvi\u00f3 a escribir un cap\u00edtulo m\u00e1s para los libros de la historia grande del CARP con el \u00abatajo yo\u00bb<\/strong> que nuevamente volvi\u00f3 a convertirlo en h\u00e9roe.<\/p>\n<\/div>\n<div class=\"custom-text \" readability=\"41\">\n<p>Ante las bajas de Armani, Bologna, Lux y Petroli por el virus, P\u00e9rez se sacrific\u00f3 y, <strong>con un desgarro en su isquiotibial derecho, se puso los guantes de arquero para proteger los tres palos del arco River<\/strong> en un Monumental vac\u00edo por las restricciones de la pandemia. \u00bfEl resultado? El equipo de <strong>Gallardo<\/strong> termin\u00f3 gan\u00e1ndole 2-1 al conjunto colombiano, quedando con un pie y medio dentro de unos octavos de final a los que clasificar\u00eda en la sexta fecha.<\/p>\n<\/div>\n<div class=\"sc-e7b891c4-0 ifHnQL image-embed\"><img alt=\"Enzo, el arquero de River en la victoria de River frente a Independiente Santa Fe (EFE).\" loading=\"lazy\" width=\"720\" height=\"100\" decoding=\"async\" data-nimg=\"1\" src=\"http:\/\/hoycordobaweb.com\/wp-content\/uploads\/2025\/05\/a-cuatro-anos-del-historico-atajo-yo-los-recuerdos-de-river-y-enzo-perez-2.jpg\"><span class=\"epigraphe\">Enzo, el arquero de River en la victoria de River frente a Independiente Santa Fe (EFE).<\/span><\/div>\n<div class=\"custom-text \" readability=\"37\">\n<p>Tras esta hist\u00f3rica actuaci\u00f3n, los hinchas de <strong>River <\/strong>enaltecieron a\u00fan m\u00e1s al \u00abarquero\u00bb millonario con varios gestos que partido a partido fueron quedando registrados. Adem\u00e1s del revuelo que gener\u00f3 en redes sociales, <strong>se agotaron r\u00e1pidamente los buzos con el nombre de Enzo y el #24 en la espalda<\/strong> y hasta lleg\u00f3 a ganarse un lugar dentro del Museo del club como uno de los momentos m\u00e1s ic\u00f3nicos de la historia del club.<\/p>\n<\/div>\n<div class=\"sc-e7b891c4-0 ifHnQL image-embed\"><img alt=\"Enzo cuidando los palos de un Monumental vac\u00edo (EFE).\" loading=\"lazy\" width=\"720\" height=\"100\" decoding=\"async\" data-nimg=\"1\" src=\"http:\/\/hoycordobaweb.com\/wp-content\/uploads\/2025\/05\/a-cuatro-anos-del-historico-atajo-yo-los-recuerdos-de-river-y-enzo-perez-3.jpg\"><span class=\"epigraphe\">Enzo cuidando los palos de un Monumental vac\u00edo (EFE).<\/span><\/div>\n<div class=\"custom-text \" readability=\"34\">\n<p>En este aniversario, <strong>River <\/strong>realiz\u00f3 una serie de posteos en sus redes sociales que <strong>Enzo<\/strong> replic\u00f3 en su cuenta de Instagram. <\/p>\n<\/div>\n<p><h2><strong>La actuaci\u00f3n de Enzo P\u00e9rez en el partido contra Independiente Santa Fe<\/strong><\/h2>\n<\/p>\n<div class=\"sc-734b4696-1 kFfZtB\" readability=\"6\">\n<div class=\"sc-d00d9e74-0 hnHYbk\" type=\"embed\">\n<div class=\"sc-d00d9e74-1 iKVbz videoText\" id=\"contentTitleembedps2BRuDG\" type=\"embed\"><svg fill=\"#ffffff\"><symbol id=\"play\" viewBox=\"0 0 512 512\"><path d=\"M512 256C512 397.4 397.4 512 256 512C114.6 512 0 397.4 0 256C0 114.6 114.6 0 256 0C397.4 0 512 114.6 512 256zM176 168V344C176 352.7 180.7 360.7 188.3 364.9C195.8 369.2 205.1 369 212.5 364.5L356.5 276.5C363.6 272.1 368 264.4 368 256C368 247.6 363.6 239.9 356.5 235.5L212.5 147.5C205.1 142.1 195.8 142.8 188.3 147.1C180.7 151.3 176 159.3 176 168V168z\" \/><\/symbol><use xlink:href=\"#play\" \/><\/svg><\/p>\n<div class=\"right\">\n<p>Enzo Perez<!-- --> &#8211; <span>&nbsp;<\/span><\/p>\n<h2 class=\"title-vid\">El partido de Enzo P\u00e9rez, el arquero millonario<\/h2>\n<\/div>\n<\/div>\n<p><span class=\"back\" id=\"spanBackembedps2BRuDG\"><\/span><\/div>\n<div class=\"JWvideoNota_title\" readability=\"7\">\n<p>River 2 &#8211; Ind. Santa Fe 1. Fecha 5. Fase de grupos. Copa Libertadores 2021. Video: ESPN.<\/p>\n<\/div>\n<\/div>\n<div class=\"sc-a7166897-0 eoLsBE\" readability=\"6\">\n<section readability=\"2\"><picture><img alt=\"Por qu\u00e9 los hinchas hicieron tendencia #MessiARiver\" loading=\"lazy\" width=\"290\" height=\"290\" decoding=\"async\" data-nimg=\"1\" src=\"http:\/\/hoycordobaweb.com\/wp-content\/uploads\/2025\/05\/a-cuatro-anos-del-historico-atajo-yo-los-recuerdos-de-river-y-enzo-perez-4.jpg\"><\/picture>\n<p><span>Mir\u00e1 tambi\u00e9n<\/span><\/p>\n<hr>\n<h3>Por qu\u00e9 los hinchas hicieron tendencia #MessiARiver<\/h3>\n<\/p>\n<\/section>\n<\/div>\n<div class=\"sc-a7166897-0 eoLsBE\" readability=\"7.5\">\n<section readability=\"5\"><picture><img alt=\"Gallardo, ante un nuevo desaf\u00edo: Orsi-G\u00f3mez, de los pocos contra los que tiene historial negativo\" loading=\"lazy\" width=\"290\" height=\"290\" decoding=\"async\" data-nimg=\"1\" src=\"http:\/\/hoycordobaweb.com\/wp-content\/uploads\/2025\/05\/a-cuatro-anos-del-historico-atajo-yo-los-recuerdos-de-river-y-enzo-perez-5.jpg\"><\/picture>\n<p><span>Mir\u00e1 tambi\u00e9n<\/span><\/p>\n<hr>\n<h3>Gallardo, ante un nuevo desaf\u00edo: Orsi-G\u00f3mez, de los pocos contra los que tiene historial negativo<\/h3>\n<\/p>\n<\/section>\n<\/div>\n<div class=\"sc-a7166897-0 eoLsBE\" readability=\"6\">\n<section readability=\"2\"><picture><img alt=\"La probable formaci\u00f3n de River para los cuartos contra Platense\" loading=\"lazy\" width=\"290\" height=\"290\" decoding=\"async\" data-nimg=\"1\" src=\"http:\/\/hoycordobaweb.com\/wp-content\/uploads\/2025\/05\/a-cuatro-anos-del-historico-atajo-yo-los-recuerdos-de-river-y-enzo-perez-6.jpg\"><\/picture>\n<p><span>Mir\u00e1 tambi\u00e9n<\/span><\/p>\n<hr>\n<h3>La probable formaci\u00f3n de River para los cuartos contra Platense<\/h3>\n<\/p>\n<\/section>\n<\/div>\n<div class=\"sc-a7166897-0 eoLsBE\" readability=\"6\">\n<section readability=\"2\"><picture><img alt=\"La impactante racha goleadora que ilusiona a River para meterse en semifinales\" loading=\"lazy\" width=\"290\" height=\"290\" decoding=\"async\" data-nimg=\"1\" src=\"http:\/\/hoycordobaweb.com\/wp-content\/uploads\/2025\/05\/a-cuatro-anos-del-historico-atajo-yo-los-recuerdos-de-river-y-enzo-perez-7.jpg\"><\/picture>\n<p><span>Mir\u00e1 tambi\u00e9n<\/span><\/p>\n<hr>\n<h3>La impactante racha goleadora que ilusiona a River para meterse en semifinales<\/h3>\n<\/p>\n<\/section>\n<\/div>\n<\/div>\n","protected":false},"excerpt":{"rendered":"<p>19\/05\/2025 15:51hs. As\u00ed como el 9 de diciembre del 2018 o el 2 de enero del 2025 -d\u00eda en que volvi\u00f3 al club- fueron fechas ic\u00f3nicas dentro de la carrera de Enzo P\u00e9rez con la camiseta de River, el 19 de mayo tambi\u00e9n aparece como uno de los d\u00edas m\u00e1s recordados en la historia del [&hellip;]<\/p>\n","protected":false},"author":1,"featured_media":105564,"comment_status":"open","ping_status":"closed","sticky":false,"template":"","format":"standard","meta":[],"categories":[16],"tags":[],"_links":{"self":[{"href":"http:\/\/hoycordobaweb.com\/index.php\/wp-json\/wp\/v2\/posts\/105563"}],"collection":[{"href":"http:\/\/hoycordobaweb.com\/index.php\/wp-json\/wp\/v2\/posts"}],"about":[{"href":"http:\/\/hoycordobaweb.com\/index.php\/wp-json\/wp\/v2\/types\/post"}],"author":[{"embeddable":true,"href":"http:\/\/hoycordobaweb.com\/index.php\/wp-json\/wp\/v2\/users\/1"}],"replies":[{"embeddable":true,"href":"http:\/\/hoycordobaweb.com\/index.php\/wp-json\/wp\/v2\/comments?post=105563"}],"version-history":[{"count":0,"href":"http:\/\/hoycordobaweb.com\/index.php\/wp-json\/wp\/v2\/posts\/105563\/revisions"}],"wp:featuredmedia":[{"embeddable":true,"href":"http:\/\/hoycordobaweb.com\/index.php\/wp-json\/wp\/v2\/media\/105564"}],"wp:attachment":[{"href":"http:\/\/hoycordobaweb.com\/index.php\/wp-json\/wp\/v2\/media?parent=105563"}],"wp:term":[{"taxonomy":"category","embeddable":true,"href":"http:\/\/hoycordobaweb.com\/index.php\/wp-json\/wp\/v2\/categories?post=105563"},{"taxonomy":"post_tag","embeddable":true,"href":"http:\/\/hoycordobaweb.com\/index.php\/wp-json\/wp\/v2\/tags?post=105563"}],"curies":[{"name":"wp","href":"https:\/\/api.w.org\/{rel}","templated":true}]}}