{"id":105477,"date":"2025-05-18T18:26:22","date_gmt":"2025-05-18T18:26:22","guid":{"rendered":"https:\/\/www.ole.com.ar\/futbol-internacional\/espana\/video-lamine-yamal-golazo-barcelona-villarreal_0_AyFBB54tRA.html"},"modified":"2025-05-18T18:26:22","modified_gmt":"2025-05-18T18:26:22","slug":"video-el-golazo-de-lamine-yamal-al-villarreal-con-su-marca-registrada","status":"publish","type":"post","link":"http:\/\/hoycordobaweb.com\/index.php\/2025\/05\/18\/video-el-golazo-de-lamine-yamal-al-villarreal-con-su-marca-registrada\/","title":{"rendered":"Video: el golazo de Lamine Yamal al Villarreal con su marca registrada"},"content":{"rendered":"<p><img src=\"http:\/\/hoycordobaweb.com\/wp-content\/uploads\/2025\/05\/video-el-golazo-de-lamine-yamal-al-villarreal-con-su-marca-registrada.jpg\"><\/p>\n<p><span class=\"createDate\">18\/05\/2025 15:26hs.<\/span><time class=\"modificatedDate\" datetime=\"2025-05-18T16:02:25-03:00\"> Actualizado al 18\/05\/2025 16:02hs.<\/time><\/p>\n<div id=\"storyBody\">\n<div class=\"custom-text \" readability=\"33.002717391304\">\n<p>Fue su noveno gol en esta campa\u00f1a del <a href=\"https:\/\/www.ole.com.ar\/tema\/barcelona.html\" title=\"Barcelona\" alt=\"Barcelona\" class=\"slug\">Barcelona<\/a> rumbo al t\u00edtulo de LaLiga. Fue su festejo n\u00famero 25 como jugador profesional del gigante catal\u00e1n. Fue un movimiento y remate que ya es una marca registrada: la jugada de <a href=\"https:\/\/www.ole.com.ar\/tema\/lamine-yamal.html\" title=\"Lamine Yamal\" alt=\"Lamine Yamal\" class=\"slug\">Lamine Yamal<\/a> para su gol (el del 1-1 parcial) ante el Villarreal deber\u00eda llamarse Lamine Yamal. Y todo aunque el jugador tenga apenas 17 a\u00f1os&#8230;<\/p>\n<\/div>\n<div class=\"custom-text \" readability=\"38.861924686192\">\n<p>Porque cu\u00e1ntas veces, ya, se vio al espa\u00f1ol recibir por derecha o levemente recostado por ese sector, intentar en paralelo a la l\u00ednea de fondo cuando ve que no tiene espacios para desbordar, amagar, volver a amagar y sacar un zurdazo al palo m\u00e1s lejano que deja a cualquier arquero estirado, revolcado y superado&#8230; Bueno, la m\u00e1s reciente demostraci\u00f3n fue el tanto que Yamal le marc\u00f3 este domingo al Submarino Amarilla, por <a href=\"https:\/\/www.ole.com.ar\/futbol-internacional\/espana\/liga-espana-minuto-minuto-fecha-37-partidos-posiciones_0_1uZzf6aSO0.html\" target=\"_self\" title=\"la fecha 37 de un torneo que el Barsa ya gan\u00f3\" alt=\"la fecha 37 de un torneo que el Barsa ya gan\u00f3\" rel=\"noopener noreferrer\">la fecha 37 de un torneo que el Barsa ya gan\u00f3<\/a>.<\/p>\n<\/div>\n<p><h2><strong>Gran campa\u00f1a del Villarreal<\/strong><\/h2>\n<\/p>\n<div class=\"custom-text \" readability=\"34\">\n<p>Con Juan Foyth de titular, Villarreal dio el golpe y le gan\u00f3 3-2 al Barcelona y se clasific\u00f3 a la pr\u00f3xima edici\u00f3n de la Champions League.<\/p>\n<\/div>\n<div class=\"sc-e7b891c4-0 ifHnQL image-embed\"><img alt=\"El festejo de Lamine Yamal junto a sus compa\u00f1eros.\nREUTERS\/Albert Gea\" loading=\"lazy\" width=\"720\" height=\"100\" decoding=\"async\" data-nimg=\"1\" src=\"http:\/\/hoycordobaweb.com\/wp-content\/uploads\/2025\/05\/video-el-golazo-de-lamine-yamal-al-villarreal-con-su-marca-registrada-2.jpg\"><span class=\"epigraphe\">El festejo de Lamine Yamal junto a sus compa\u00f1eros.<br \/>\nREUTERS\/Albert Gea<\/span><\/div>\n<p><h2><strong>Video: el golazo de Lamine Yamal al Villarreal<\/strong><\/h2>\n<\/p>\n<div class=\"sc-734b4696-1 kFfZtB\">\n<div class=\"sc-d00d9e74-0 hnHYbk\" type=\"embed\">\n<div class=\"sc-d00d9e74-1 iKVbz videoText\" id=\"contentTitleembedYd64aEAS\" type=\"embed\"><svg fill=\"#ffffff\"><symbol id=\"play\" viewBox=\"0 0 512 512\"><path d=\"M512 256C512 397.4 397.4 512 256 512C114.6 512 0 397.4 0 256C0 114.6 114.6 0 256 0C397.4 0 512 114.6 512 256zM176 168V344C176 352.7 180.7 360.7 188.3 364.9C195.8 369.2 205.1 369 212.5 364.5L356.5 276.5C363.6 272.1 368 264.4 368 256C368 247.6 363.6 239.9 356.5 235.5L212.5 147.5C205.1 142.1 195.8 142.8 188.3 147.1C180.7 151.3 176 159.3 176 168V168z\" \/><\/symbol><use xlink:href=\"#play\" \/><\/svg><\/p>\n<div class=\"right\">\n<p>Lamine Yamal<!-- --> &#8211; <span>&nbsp;<\/span><\/p>\n<h2 class=\"title-vid\">El golazo de Lamine Yamal al Villarreal<\/h2>\n<\/div>\n<\/div>\n<p><span class=\"back\" id=\"spanBackembedYd64aEAS\"><\/span><\/div>\n<div class=\"JWvideoNota_title\">\n<p>Video: ESPN<\/p>\n<\/div>\n<\/div>\n<div class=\"sc-a7166897-0 eoLsBE\" readability=\"6.5\">\n<section readability=\"3\"><picture><img alt=\"Con un gran tiro libre, el doblete de Juli\u00e1n \u00c1lvarez ante Betis\" loading=\"lazy\" width=\"290\" height=\"290\" decoding=\"async\" data-nimg=\"1\" src=\"http:\/\/hoycordobaweb.com\/wp-content\/uploads\/2025\/05\/video-el-golazo-de-lamine-yamal-al-villarreal-con-su-marca-registrada-3.jpg\"><\/picture>\n<p><span>Mir\u00e1 tambi\u00e9n<\/span><\/p>\n<hr>\n<h3>Con un gran tiro libre, el doblete de Juli\u00e1n \u00c1lvarez ante Betis<\/h3>\n<\/p>\n<\/section>\n<\/div>\n<div class=\"sc-a7166897-0 eoLsBE\" readability=\"6\">\n<section readability=\"2\"><picture><img alt=\"Las claves para que Franco Colapinto sume puntos en el pr\u00f3ximo GP de M\u00f3naco \" loading=\"lazy\" width=\"290\" height=\"290\" decoding=\"async\" data-nimg=\"1\" src=\"http:\/\/hoycordobaweb.com\/wp-content\/uploads\/2025\/05\/video-el-golazo-de-lamine-yamal-al-villarreal-con-su-marca-registrada-4.jpg\"><\/picture>\n<p><span>Mir\u00e1 tambi\u00e9n<\/span><\/p>\n<hr>\n<h3>Las claves para que Franco Colapinto sume puntos en el pr\u00f3ximo GP de M\u00f3naco <\/h3>\n<\/p>\n<\/section>\n<\/div>\n<div class=\"sc-a7166897-0 eoLsBE\" readability=\"6.5\">\n<section readability=\"3\"><picture><img alt=\"Locura por Franco Colapinto en Imola: aut\u00f3grafos, cantitos y banderas argentinas\" loading=\"lazy\" width=\"290\" height=\"290\" decoding=\"async\" data-nimg=\"1\" src=\"http:\/\/hoycordobaweb.com\/wp-content\/uploads\/2025\/05\/video-el-golazo-de-lamine-yamal-al-villarreal-con-su-marca-registrada-5.jpg\"><\/picture>\n<p><span>Mir\u00e1 tambi\u00e9n<\/span><\/p>\n<hr>\n<h3>Locura por Franco Colapinto en Imola: aut\u00f3grafos, cantitos y banderas argentinas<\/h3>\n<\/p>\n<\/section>\n<\/div>\n<\/div>\n","protected":false},"excerpt":{"rendered":"<p>18\/05\/2025 15:26hs. Actualizado al 18\/05\/2025 16:02hs. Fue su noveno gol en esta campa\u00f1a del Barcelona rumbo al t\u00edtulo de LaLiga. Fue su festejo n\u00famero 25 como jugador profesional del gigante catal\u00e1n. Fue un movimiento y remate que ya es una marca registrada: la jugada de Lamine Yamal para su gol (el del 1-1 parcial) ante [&hellip;]<\/p>\n","protected":false},"author":1,"featured_media":105478,"comment_status":"open","ping_status":"closed","sticky":false,"template":"","format":"standard","meta":[],"categories":[16],"tags":[],"_links":{"self":[{"href":"http:\/\/hoycordobaweb.com\/index.php\/wp-json\/wp\/v2\/posts\/105477"}],"collection":[{"href":"http:\/\/hoycordobaweb.com\/index.php\/wp-json\/wp\/v2\/posts"}],"about":[{"href":"http:\/\/hoycordobaweb.com\/index.php\/wp-json\/wp\/v2\/types\/post"}],"author":[{"embeddable":true,"href":"http:\/\/hoycordobaweb.com\/index.php\/wp-json\/wp\/v2\/users\/1"}],"replies":[{"embeddable":true,"href":"http:\/\/hoycordobaweb.com\/index.php\/wp-json\/wp\/v2\/comments?post=105477"}],"version-history":[{"count":0,"href":"http:\/\/hoycordobaweb.com\/index.php\/wp-json\/wp\/v2\/posts\/105477\/revisions"}],"wp:featuredmedia":[{"embeddable":true,"href":"http:\/\/hoycordobaweb.com\/index.php\/wp-json\/wp\/v2\/media\/105478"}],"wp:attachment":[{"href":"http:\/\/hoycordobaweb.com\/index.php\/wp-json\/wp\/v2\/media?parent=105477"}],"wp:term":[{"taxonomy":"category","embeddable":true,"href":"http:\/\/hoycordobaweb.com\/index.php\/wp-json\/wp\/v2\/categories?post=105477"},{"taxonomy":"post_tag","embeddable":true,"href":"http:\/\/hoycordobaweb.com\/index.php\/wp-json\/wp\/v2\/tags?post=105477"}],"curies":[{"name":"wp","href":"https:\/\/api.w.org\/{rel}","templated":true}]}}