{"id":105467,"date":"2025-05-18T19:34:34","date_gmt":"2025-05-18T19:34:34","guid":{"rendered":"https:\/\/www.ole.com.ar\/river-plate\/river-gallardo-platense-pity-martinez_0_JZ6uvnjh1K.html"},"modified":"2025-05-18T19:34:34","modified_gmt":"2025-05-18T19:34:34","slug":"gallardo-sumo-un-alta-a-horas-del-duelo-de-cuartos-ante-platense","status":"publish","type":"post","link":"http:\/\/hoycordobaweb.com\/index.php\/2025\/05\/18\/gallardo-sumo-un-alta-a-horas-del-duelo-de-cuartos-ante-platense\/","title":{"rendered":"Gallardo sum\u00f3 un alta a horas del duelo de cuartos ante Platense"},"content":{"rendered":"<p><img src=\"http:\/\/hoycordobaweb.com\/wp-content\/uploads\/2025\/05\/gallardo-sumo-un-alta-a-horas-del-duelo-de-cuartos-ante-platense.jpg\"><\/p>\n<p><time class=\"createDate\" datetime=\"2025-05-18T16:34:34-03:00\">18\/05\/2025 16:34hs.<\/time><\/p>\n<div id=\"storyBody\">\n<div class=\"custom-text \" readability=\"34.847161572052\">\n<p>A pesar de las bajas de Gonzalo Montiel, Mat\u00edas Rojas y Maxi Meza por diferentes lesiones para el partido del martes frente a <strong><a href=\"https:\/\/www.ole.com.ar\/tema\/platense.html\" title=\"Platense\" alt=\"Platense\" class=\"slug\">Platente<\/a><\/strong>, por los cuartos de final del Apartura, este domingo <strong><a href=\"https:\/\/www.ole.com.ar\/tema\/marcelo-gallardo.html\" title=\"Marcelo Gallardo\" alt=\"Marcelo Gallardo\" class=\"slug\">Marcelo Gallardo<\/a><\/strong> tuvo una muy buena noticia en el entrenamiento desarrollado en el Camp de Ezeiza: <strong>el <a href=\"https:\/\/www.ole.com.ar\/tema\/gonzalo-martinez.html\" title=\"Gonzalo Mart\u00ednez\" alt=\"Gonzalo Mart\u00ednez\" class=\"slug\">Pity Mart\u00ednez<\/a> recibi\u00f3 al alta m\u00e9dica luego de una extensa inactividad y qued\u00f3 a disposici\u00f3n del Mu\u00f1eco para estar en el banco contra el Calamar en el Monumental<\/strong>.<\/p>\n<\/div>\n<div class=\"custom-text \" readability=\"37\">\n<p>A<strong> 51 d\u00edas de haber sufrido una distensi\u00f3n en el s\u00f3leo de la pierna izquierda<\/strong>, los plazos se estiraron porque el eterno zurdo se resinti\u00f3 de esa lesi\u00f3n durante su esfuerzo para estar presente en el supercl\u00e1sico y debi\u00f3 reiniciar su proceso de rehabilitaci\u00f3n. Ante esa reca\u00edda, los preparadores f\u00edsicos le redujero las cargas de entrenamiento al volante de 31 a\u00f1os y se las fueron incrementando en forma progresiva mediante una minucioasa evaluaci\u00f3n diaria.<\/p>\n<\/div>\n<div class=\"custom-text \" readability=\"37\">\n<p>Siendo el s\u00f3leo un importante m\u00fasculo que cumple diferentes funciones en el cuerpo humano, desde permitirnos estar de pie y caminar -est\u00e1 formado por una gran composici\u00f3n de tejido de contracci\u00f3n lenta- hasta ayudar a la circulaci\u00f3n sangu\u00ednea, la recuperaci\u00f3n resulta m\u00e1s compleja. Pero el Pity ya est\u00e1 en condiciones de salir a cancha nuevamente.<\/p>\n<\/div>\n<div class=\"sc-e7b891c4-0 ifHnQL image-embed\"><img alt=\"El Pity con Gallardo, un v\u00ednculo muy fuerte y con mucha historia gloriosa en N\u00fa\u00f1ez. (Prensa River).\" loading=\"lazy\" width=\"720\" height=\"100\" decoding=\"async\" data-nimg=\"1\" src=\"http:\/\/hoycordobaweb.com\/wp-content\/uploads\/2025\/05\/gallardo-sumo-un-alta-a-horas-del-duelo-de-cuartos-ante-platense-2.jpg\"><span class=\"epigraphe\">El Pity con Gallardo, un v\u00ednculo muy fuerte y con mucha historia gloriosa en N\u00fa\u00f1ez. (Prensa River).<\/span><\/div>\n<div class=\"custom-text \" readability=\"38\">\n<p>De todos modos, <strong>es casi un hecho que la vuelta del Pity no ser\u00e1 ante Platense salvo que MG decida tenerlo en el banco<\/strong>, que su <strong>\u00faltimo partido fue el 19 de marzo<\/strong> -cuando ingres\u00f3 desde el banco en el triunfo 2-0 frente a Ciudad de Bol\u00edvar por Copa Argentina- y <strong>apenas jug\u00f3 332&#8242; en el a\u00f1o repartidos en siete partidos<\/strong>. Por lo tanto, el l\u00f3gico que precise una puesta a punto futbol\u00edstica en las pr\u00e1cticas antes de regresar a la competencia oficial.<\/p>\n<\/div>\n<div class=\"sc-e7b891c4-0 ifHnQL image-embed\"><img alt=\"Pity Mart\u00ednez en la pr\u00e1ctica en Ezeiza. Prensa River.\" loading=\"lazy\" width=\"720\" height=\"100\" decoding=\"async\" data-nimg=\"1\" src=\"http:\/\/hoycordobaweb.com\/wp-content\/uploads\/2025\/05\/gallardo-sumo-un-alta-a-horas-del-duelo-de-cuartos-ante-platense-3.jpg\"><span class=\"epigraphe\">Pity Mart\u00ednez en la pr\u00e1ctica en Ezeiza. Prensa River.<\/span><\/div>\n<p><h2>Montiel espera y Meza se entrena con precauci\u00f3n<\/h2>\n<\/p>\n<div class=\"custom-text \" readability=\"38\">\n<p>El lateral derecho campe\u00f3n del mundo se sigue recuperando en tiempo y forma del desprendimiento en la cicatriz del desgarro en el b\u00edceps femoral de la pierna derecha que hab\u00eda sufrido en el supercl\u00e1sico. Luego de tener que ser reemplazado por Fabricio Bustos a los 29&#8242; de los octavos del torneo contra Barracas, Montiel a\u00fan tiene por alrededor de d\u00edas m\u00e1s de recuperaci\u00f3n para evitar una nueva reca\u00edda. Una situaci\u00f3n similar atraviesa Mat\u00edas Rojas, quien padeci\u00f3 un desgarro en el isquiotibial izquierdo en la pr\u00e1ctica del \u00faltimo mi\u00e9rcoles, aunque su regreso no tiene ninguna urgencia para Gallardo.<\/p>\n<\/div>\n<div class=\"custom-text \" readability=\"40\">\n<p>El que atraviesa una acelerada evoluci\u00f3n es Maxi Meza, quien frente a Independiente del Valle sufri\u00f3 una peque\u00f1a fractura de costilla y luego de las horas de reposo que realiz\u00f3 hasta el s\u00e1bado, este domingo hizo algunos movimientos livianos e ir\u00e1 sumando intensidad de trabajo de acuerdo a su respuesta f\u00edsica, m\u00e1s all\u00e1 de que reci\u00e9n podr\u00e1 volver a jugar, en el mejor de los casos, dentro de siete d\u00edas (y dos semanas si su avance se dificulta m\u00e1s de lo esperado).<\/p>\n<\/div>\n<div class=\"sc-e7b891c4-0 ifHnQL image-embed\"><img alt=\"Meza sufri\u00f3 una fractura en una costilla por un golpe ante Independiente del Valle. (Foto: Juano Tesone).\" loading=\"lazy\" width=\"720\" height=\"100\" decoding=\"async\" data-nimg=\"1\" src=\"http:\/\/hoycordobaweb.com\/wp-content\/uploads\/2025\/05\/gallardo-sumo-un-alta-a-horas-del-duelo-de-cuartos-ante-platense-4.jpg\"><span class=\"epigraphe\">Meza sufri\u00f3 una fractura en una costilla por un golpe ante Independiente del Valle. (Foto: Juano Tesone).<\/span><\/div>\n<div class=\"sc-a7166897-0 eoLsBE\" readability=\"6\">\n<section readability=\"2\"><picture><img alt=\"Cinco claves de los cuartos de final del Torneo Apertura\" loading=\"lazy\" width=\"290\" height=\"290\" decoding=\"async\" data-nimg=\"1\" src=\"http:\/\/hoycordobaweb.com\/wp-content\/uploads\/2025\/05\/gallardo-sumo-un-alta-a-horas-del-duelo-de-cuartos-ante-platense-5.jpg\"><\/picture>\n<p><span>Mir\u00e1 tambi\u00e9n<\/span><\/p>\n<hr>\n<h3>Cinco claves de los cuartos de final del Torneo Apertura<\/h3>\n<\/p>\n<\/section>\n<\/div>\n<div class=\"sc-a7166897-0 eoLsBE\" readability=\"6.5\">\n<section readability=\"3\"><picture><img alt=\"El tremendo elogio de un referente del Manchester City al Diablito Echeverri: &quot;Es buen\u00edsimo...&quot;\" loading=\"lazy\" width=\"290\" height=\"290\" decoding=\"async\" data-nimg=\"1\" src=\"http:\/\/hoycordobaweb.com\/wp-content\/uploads\/2025\/05\/gallardo-sumo-un-alta-a-horas-del-duelo-de-cuartos-ante-platense-6.jpg\"><\/picture>\n<p><span>Mir\u00e1 tambi\u00e9n<\/span><\/p>\n<hr>\n<h3>El tremendo elogio de un referente del Manchester City al Diablito Echeverri: \u00abEs buen\u00edsimo&#8230;\u00bb<\/h3>\n<\/p>\n<\/section>\n<\/div>\n<\/div>\n","protected":false},"excerpt":{"rendered":"<p>18\/05\/2025 16:34hs. A pesar de las bajas de Gonzalo Montiel, Mat\u00edas Rojas y Maxi Meza por diferentes lesiones para el partido del martes frente a Platente, por los cuartos de final del Apartura, este domingo Marcelo Gallardo tuvo una muy buena noticia en el entrenamiento desarrollado en el Camp de Ezeiza: el Pity Mart\u00ednez recibi\u00f3 [&hellip;]<\/p>\n","protected":false},"author":1,"featured_media":105468,"comment_status":"open","ping_status":"closed","sticky":false,"template":"","format":"standard","meta":[],"categories":[16],"tags":[],"_links":{"self":[{"href":"http:\/\/hoycordobaweb.com\/index.php\/wp-json\/wp\/v2\/posts\/105467"}],"collection":[{"href":"http:\/\/hoycordobaweb.com\/index.php\/wp-json\/wp\/v2\/posts"}],"about":[{"href":"http:\/\/hoycordobaweb.com\/index.php\/wp-json\/wp\/v2\/types\/post"}],"author":[{"embeddable":true,"href":"http:\/\/hoycordobaweb.com\/index.php\/wp-json\/wp\/v2\/users\/1"}],"replies":[{"embeddable":true,"href":"http:\/\/hoycordobaweb.com\/index.php\/wp-json\/wp\/v2\/comments?post=105467"}],"version-history":[{"count":0,"href":"http:\/\/hoycordobaweb.com\/index.php\/wp-json\/wp\/v2\/posts\/105467\/revisions"}],"wp:featuredmedia":[{"embeddable":true,"href":"http:\/\/hoycordobaweb.com\/index.php\/wp-json\/wp\/v2\/media\/105468"}],"wp:attachment":[{"href":"http:\/\/hoycordobaweb.com\/index.php\/wp-json\/wp\/v2\/media?parent=105467"}],"wp:term":[{"taxonomy":"category","embeddable":true,"href":"http:\/\/hoycordobaweb.com\/index.php\/wp-json\/wp\/v2\/categories?post=105467"},{"taxonomy":"post_tag","embeddable":true,"href":"http:\/\/hoycordobaweb.com\/index.php\/wp-json\/wp\/v2\/tags?post=105467"}],"curies":[{"name":"wp","href":"https:\/\/api.w.org\/{rel}","templated":true}]}}